{"id":66504,"date":"2025-02-12T11:47:54","date_gmt":"2025-02-12T11:47:54","guid":{"rendered":"https:\/\/www.cm-benavente.pt\/?p=66504"},"modified":"2025-02-12T11:52:29","modified_gmt":"2025-02-12T11:52:29","slug":"e-redes-interrupcao-de-alimentacao-de-energia-eletrica-samora-correia","status":"publish","type":"post","link":"https:\/\/www.cm-benavente.pt\/index.php\/2025\/02\/12\/e-redes-interrupcao-de-alimentacao-de-energia-eletrica-samora-correia\/","title":{"rendered":"E-Redes &#8211; Interrup\u00e7\u00e3o de alimenta\u00e7\u00e3o de energia el\u00e9trica\/ Samora Correia"},"content":{"rendered":"\t\t<div data-elementor-type=\"wp-post\" data-elementor-id=\"66504\" class=\"elementor elementor-66504\" data-elementor-post-type=\"post\">\n\t\t\t\t<div class=\"elementor-element elementor-element-655a291 e-flex e-con-boxed e-con e-parent\" data-id=\"655a291\" data-element_type=\"container\" data-e-type=\"container\" data-settings=\"{&quot;tmea_shape_divider_top&quot;:&quot;none&quot;,&quot;tmea_shape_divider_bottom&quot;:&quot;none&quot;}\">\n\t\t\t\t\t<div class=\"e-con-inner\">\n\t\t\n\t\t<div class=\"elementor-element elementor-element-d24fc03 elementor-widget elementor-widget-text-editor\" data-id=\"d24fc03\" data-element_type=\"widget\" data-e-type=\"widget\" data-widget_type=\"text-editor.default\">\n\t\t\t\t<div class=\"elementor-widget-container\">\n\t\t\t\t\t\t\t\t\t<p>A <strong>E-REDES &#8211; Distribui\u00e7\u00e3o de Eletricidade, SA<\/strong> informa que vai efetuar trabalhos de remodela\u00e7\u00e3o e conserva\u00e7\u00e3o das redes de distribui\u00e7\u00e3o, sendo para tal necess\u00e1rio proceder \u00e0 <strong>interrup\u00e7\u00e3o da alimenta\u00e7\u00e3o da energia el\u00e9trica no dia 16 de fevereiro de 2025 (Domingo)<\/strong>, nos locais e per\u00edodos abaixo mencionados:<\/p><p style=\"padding-left: 40px;\">\u00c1rea de Ativos Tejo<br \/>Concelho de Benavente<\/p><p>\u00a0<\/p><p><strong>Repara\u00e7\u00e3o de Infraestruturas da Rede<\/strong><\/p><p>Devido a situa\u00e7\u00f5es imprevistas, <strong>os trabalhos poder-se-\u00e3o prolongar at\u00e9 \u00e0s 15 horas<\/strong>.<br \/>A E-REDES &#8211; Distribui\u00e7\u00e3o de Energia, SA ciente do impacto destas a\u00e7\u00f5es junto dos Clientes, utiliza procedimentos e m\u00e9todos de trabalho, com o objetivo de evitar as interrup\u00e7\u00f5es de fornecimento e quando necess\u00e1rias, minimizar a sua dura\u00e7\u00e3o.<br \/>Por motivos de seguran\u00e7a e dado poder haver necessidade de proceder a ensaios ou ser feito o restabelecimento antecipado, as instala\u00e7\u00f5es dever\u00e3o ser consideradas permanentemente em tens\u00e3o.<\/p><p><strong>Freguesia:<\/strong> Freguesia de Samora Correia<br \/><strong>Localidade:<\/strong> Samora Correia &#8211; <strong>Rua Eduardo Leite da Silva e imedia\u00e7\u00f5es (das 07h00 \u00e0s 11h00).<\/strong><\/p><p>Para mais <strong>informa\u00e7\u00f5es<\/strong> consulte <a href=\"http:\/\/www.e-redes.pt\" target=\"_blank\" rel=\"noopener\">www.e-redes.pt<\/a>.<\/p>\t\t\t\t\t\t\t\t<\/div>\n\t\t\t\t<\/div>\n\t\t\t\t\t<\/div>\n\t\t\t\t<\/div>\n\t\t\t\t<\/div>\n\t\t","protected":false},"excerpt":{"rendered":"<p>A E-REDES &#8211; Distribui\u00e7\u00e3o de Eletricidade, SA informa que vai efetuar trabalhos de remodela\u00e7\u00e3o e conserva\u00e7\u00e3o das redes de distribui\u00e7\u00e3o, sendo para tal necess\u00e1rio proceder \u00e0 interrup\u00e7\u00e3o da alimenta\u00e7\u00e3o da energia el\u00e9trica no dia 16 de fevereiro de 2025 (Domingo)<\/p>\n","protected":false},"author":3,"featured_media":66505,"comment_status":"closed","ping_status":"closed","sticky":false,"template":"","format":"standard","meta":{"_vp_format_video_url":"","_vp_image_focal_point":[],"footnotes":""},"categories":[545,518],"tags":[2612,160,2232,851,27],"class_list":["post-66504","post","type-post","status-publish","format-standard","has-post-thumbnail","hentry","category-informacao","category-municipio","tag-eletricidade","tag-energia","tag-eredes","tag-interrupcao","tag-samora-correia"],"_links":{"self":[{"href":"https:\/\/www.cm-benavente.pt\/index.php\/wp-json\/wp\/v2\/posts\/66504","targetHints":{"allow":["GET"]}}],"collection":[{"href":"https:\/\/www.cm-benavente.pt\/index.php\/wp-json\/wp\/v2\/posts"}],"about":[{"href":"https:\/\/www.cm-benavente.pt\/index.php\/wp-json\/wp\/v2\/types\/post"}],"author":[{"embeddable":true,"href":"https:\/\/www.cm-benavente.pt\/index.php\/wp-json\/wp\/v2\/users\/3"}],"replies":[{"embeddable":true,"href":"https:\/\/www.cm-benavente.pt\/index.php\/wp-json\/wp\/v2\/comments?post=66504"}],"version-history":[{"count":4,"href":"https:\/\/www.cm-benavente.pt\/index.php\/wp-json\/wp\/v2\/posts\/66504\/revisions"}],"predecessor-version":[{"id":66509,"href":"https:\/\/www.cm-benavente.pt\/index.php\/wp-json\/wp\/v2\/posts\/66504\/revisions\/66509"}],"wp:featuredmedia":[{"embeddable":true,"href":"https:\/\/www.cm-benavente.pt\/index.php\/wp-json\/wp\/v2\/media\/66505"}],"wp:attachment":[{"href":"https:\/\/www.cm-benavente.pt\/index.php\/wp-json\/wp\/v2\/media?parent=66504"}],"wp:term":[{"taxonomy":"category","embeddable":true,"href":"https:\/\/www.cm-benavente.pt\/index.php\/wp-json\/wp\/v2\/categories?post=66504"},{"taxonomy":"post_tag","embeddable":true,"href":"https:\/\/www.cm-benavente.pt\/index.php\/wp-json\/wp\/v2\/tags?post=66504"}],"curies":[{"name":"wp","href":"https:\/\/api.w.org\/{rel}","templated":true}]}}