{"id":66395,"date":"2025-02-11T14:50:49","date_gmt":"2025-02-11T14:50:49","guid":{"rendered":"https:\/\/www.cm-benavente.pt\/?p=66395"},"modified":"2025-02-13T17:19:50","modified_gmt":"2025-02-13T17:19:50","slug":"esperam-se-milhares-em-samora-correia-no-maior-carnaval-do-ribatejo-entradas-gratuitas","status":"publish","type":"post","link":"https:\/\/www.cm-benavente.pt\/index.php\/2025\/02\/11\/esperam-se-milhares-em-samora-correia-no-maior-carnaval-do-ribatejo-entradas-gratuitas\/","title":{"rendered":"Esperam-se milhares em Samora Correia no maior carnaval do ribatejo \u2013 Entradas gratuitas"},"content":{"rendered":"\t\t<div data-elementor-type=\"wp-post\" data-elementor-id=\"66395\" class=\"elementor elementor-66395\" data-elementor-post-type=\"post\">\n\t\t\t\t<div class=\"elementor-element elementor-element-a4cede7 e-flex e-con-boxed e-con e-parent\" data-id=\"a4cede7\" data-element_type=\"container\" data-e-type=\"container\" data-settings=\"{&quot;tmea_shape_divider_top&quot;:&quot;none&quot;,&quot;tmea_shape_divider_bottom&quot;:&quot;none&quot;}\">\n\t\t\t\t\t<div class=\"e-con-inner\">\n\t\t\n\t\t<div class=\"elementor-element elementor-element-0a197fe elementor-widget elementor-widget-text-editor\" data-id=\"0a197fe\" data-element_type=\"widget\" data-e-type=\"widget\" data-widget_type=\"text-editor.default\">\n\t\t\t\t<div class=\"elementor-widget-container\">\n\t\t\t\t\t\t\t\t\t<p><strong>Carnaval de Samora Correia com magnifico cortejo, sair\u00e1 \u00e0 rua domingo e ter\u00e7a-feira de Carnaval<\/strong><\/p><p>O grande destaque do Carnaval de Samora Correia \u00e9 o seu grandioso corso que sai \u00e0 rua no domingo e ter\u00e7a-feira gorda, dias 2 e 4 de mar\u00e7o, para um magnifico desfile que encanta milhares de pessoas, contagiadas pela m\u00fasica e pela alegria dos rostos de quem participa e preparou o melhor carnaval do Ribatejo.<\/p><p>Em Samora Correia, <strong>o Carnaval \u00e9 vivido de forma muito intensa h\u00e1 v\u00e1rias dezenas de anos<\/strong>, e desde h\u00e1 muitos que <strong>saiu fora das fronteiras da cidade<\/strong>, atraindo visitantes de toda a Regi\u00e3o.<\/p><p>Os sons misturam-se, as cores s\u00e3o intensas, a m\u00fasica \u00e9 propicia \u00e0 festa, <strong>as crian\u00e7as e os adultos mascaram-se, sendo que, para muitos, esta \u00e9 a altura ideal para lan\u00e7arem s\u00e1tiras e opini\u00f5es sobre os mais variad\u00edssimos temas. \u00a0Os mascarados trapalh\u00f5es <\/strong>provocam o espanto e o riso, s\u00e3o eles a heran\u00e7a das primeiras edi\u00e7\u00f5es do Carnaval de Samora que a organiza\u00e7\u00e3o faz quest\u00e3o de manter.<\/p><p>Na rua a festa acontece.\u00a0O carnaval de Samora Correia perde-se na mem\u00f3ria da pr\u00f3pria cidade e \u00a0toda a popula\u00e7\u00e3o se envolve nesta grande folia. Ningu\u00e9m arreda p\u00e9, sem ver o corso passar! Estamos \u00e0 vossa espera.<\/p><p><strong>A organiza\u00e7\u00e3o do Carnaval de Samora Correia \u00e9 da ARCAS e conta com o apoio da C\u00e2mara Municipal de Benavente. <\/strong><\/p>\t\t\t\t\t\t\t\t<\/div>\n\t\t\t\t<\/div>\n\t\t\t\t\t<\/div>\n\t\t\t\t<\/div>\n\t\t<div class=\"elementor-element elementor-element-6144a3f e-grid e-con-boxed e-con e-parent\" data-id=\"6144a3f\" data-element_type=\"container\" data-e-type=\"container\" data-settings=\"{&quot;tmea_shape_divider_top&quot;:&quot;none&quot;,&quot;tmea_shape_divider_bottom&quot;:&quot;none&quot;}\">\n\t\t\t\t\t<div class=\"e-con-inner\">\n\t\t\t\t<div class=\"elementor-element elementor-element-a933105 elementor-widget elementor-widget-image\" data-id=\"a933105\" data-element_type=\"widget\" data-e-type=\"widget\" data-widget_type=\"image.default\">\n\t\t\t\t<div class=\"elementor-widget-container\">\n\t\t\t\t\t\t\t\t\t\t\t\t\t\t\t<img fetchpriority=\"high\" decoding=\"async\" width=\"800\" height=\"534\" src=\"https:\/\/www.cm-benavente.pt\/wp-content\/uploads\/2025\/02\/carnaval-samora-correia-1-1024x683.jpg\" class=\"attachment-large size-large wp-image-66398\" alt=\"\" srcset=\"https:\/\/www.cm-benavente.pt\/wp-content\/uploads\/2025\/02\/carnaval-samora-correia-1-1024x683.jpg 1024w, https:\/\/www.cm-benavente.pt\/wp-content\/uploads\/2025\/02\/carnaval-samora-correia-1-300x200.jpg 300w, https:\/\/www.cm-benavente.pt\/wp-content\/uploads\/2025\/02\/carnaval-samora-correia-1-768x512.jpg 768w, https:\/\/www.cm-benavente.pt\/wp-content\/uploads\/2025\/02\/carnaval-samora-correia-1-391x260.jpg 391w, https:\/\/www.cm-benavente.pt\/wp-content\/uploads\/2025\/02\/carnaval-samora-correia-1-500x333.jpg 500w, https:\/\/www.cm-benavente.pt\/wp-content\/uploads\/2025\/02\/carnaval-samora-correia-1-800x533.jpg 800w, https:\/\/www.cm-benavente.pt\/wp-content\/uploads\/2025\/02\/carnaval-samora-correia-1.jpg 1224w\" sizes=\"(max-width: 800px) 100vw, 800px\" \/>\t\t\t\t\t\t\t\t\t\t\t\t\t\t\t<\/div>\n\t\t\t\t<\/div>\n\t\t\t\t<div class=\"elementor-element elementor-element-e0a5247 elementor-widget elementor-widget-image\" data-id=\"e0a5247\" data-element_type=\"widget\" data-e-type=\"widget\" data-widget_type=\"image.default\">\n\t\t\t\t<div class=\"elementor-widget-container\">\n\t\t\t\t\t\t\t\t\t\t\t\t\t\t\t<img decoding=\"async\" width=\"800\" height=\"563\" src=\"https:\/\/www.cm-benavente.pt\/wp-content\/uploads\/2025\/02\/carnaval-samora-correia-2-1024x720.jpg\" class=\"attachment-large size-large wp-image-66399\" alt=\"\" srcset=\"https:\/\/www.cm-benavente.pt\/wp-content\/uploads\/2025\/02\/carnaval-samora-correia-2-1024x720.jpg 1024w, https:\/\/www.cm-benavente.pt\/wp-content\/uploads\/2025\/02\/carnaval-samora-correia-2-300x211.jpg 300w, https:\/\/www.cm-benavente.pt\/wp-content\/uploads\/2025\/02\/carnaval-samora-correia-2-768x540.jpg 768w, https:\/\/www.cm-benavente.pt\/wp-content\/uploads\/2025\/02\/carnaval-samora-correia-2-1536x1080.jpg 1536w, https:\/\/www.cm-benavente.pt\/wp-content\/uploads\/2025\/02\/carnaval-samora-correia-2-500x352.jpg 500w, https:\/\/www.cm-benavente.pt\/wp-content\/uploads\/2025\/02\/carnaval-samora-correia-2-800x563.jpg 800w, https:\/\/www.cm-benavente.pt\/wp-content\/uploads\/2025\/02\/carnaval-samora-correia-2-1280x900.jpg 1280w, https:\/\/www.cm-benavente.pt\/wp-content\/uploads\/2025\/02\/carnaval-samora-correia-2.jpg 1920w\" sizes=\"(max-width: 800px) 100vw, 800px\" \/>\t\t\t\t\t\t\t\t\t\t\t\t\t\t\t<\/div>\n\t\t\t\t<\/div>\n\t\t\t\t<div class=\"elementor-element elementor-element-2e73045 elementor-widget elementor-widget-image\" data-id=\"2e73045\" data-element_type=\"widget\" data-e-type=\"widget\" data-widget_type=\"image.default\">\n\t\t\t\t<div class=\"elementor-widget-container\">\n\t\t\t\t\t\t\t\t\t\t\t\t\t\t\t<img decoding=\"async\" width=\"800\" height=\"503\" src=\"https:\/\/www.cm-benavente.pt\/wp-content\/uploads\/2025\/02\/carnaval-samora-correia-3-1024x644.jpg\" class=\"attachment-large size-large wp-image-66400\" alt=\"\" srcset=\"https:\/\/www.cm-benavente.pt\/wp-content\/uploads\/2025\/02\/carnaval-samora-correia-3-1024x644.jpg 1024w, https:\/\/www.cm-benavente.pt\/wp-content\/uploads\/2025\/02\/carnaval-samora-correia-3-300x189.jpg 300w, https:\/\/www.cm-benavente.pt\/wp-content\/uploads\/2025\/02\/carnaval-samora-correia-3-768x483.jpg 768w, https:\/\/www.cm-benavente.pt\/wp-content\/uploads\/2025\/02\/carnaval-samora-correia-3-1536x966.jpg 1536w, https:\/\/www.cm-benavente.pt\/wp-content\/uploads\/2025\/02\/carnaval-samora-correia-3-500x314.jpg 500w, https:\/\/www.cm-benavente.pt\/wp-content\/uploads\/2025\/02\/carnaval-samora-correia-3-800x503.jpg 800w, https:\/\/www.cm-benavente.pt\/wp-content\/uploads\/2025\/02\/carnaval-samora-correia-3-1280x805.jpg 1280w, https:\/\/www.cm-benavente.pt\/wp-content\/uploads\/2025\/02\/carnaval-samora-correia-3.jpg 1920w\" sizes=\"(max-width: 800px) 100vw, 800px\" \/>\t\t\t\t\t\t\t\t\t\t\t\t\t\t\t<\/div>\n\t\t\t\t<\/div>\n\t\t\t\t\t<\/div>\n\t\t\t\t<\/div>\n\t\t<div class=\"elementor-element elementor-element-f9f3961 e-flex e-con-boxed e-con e-parent\" data-id=\"f9f3961\" data-element_type=\"container\" data-e-type=\"container\" data-settings=\"{&quot;tmea_shape_divider_top&quot;:&quot;none&quot;,&quot;tmea_shape_divider_bottom&quot;:&quot;none&quot;}\">\n\t\t\t\t\t<div class=\"e-con-inner\">\n\t\t\t\t<div class=\"elementor-element elementor-element-4528991 elementor-widget elementor-widget-heading\" data-id=\"4528991\" data-element_type=\"widget\" data-e-type=\"widget\" data-widget_type=\"heading.default\">\n\t\t\t\t<div class=\"elementor-widget-container\">\n\t\t\t\t\t<h3 class=\"elementor-heading-title elementor-size-default\">Carnavais no Munic\u00edpio de Benavente:<\/h3>\t\t\t\t<\/div>\n\t\t\t\t<\/div>\n\t\t\t\t<div class=\"elementor-element elementor-element-59613cf elementor-widget elementor-widget-gallery\" data-id=\"59613cf\" data-element_type=\"widget\" data-e-type=\"widget\" data-settings=\"{&quot;aspect_ratio&quot;:&quot;9:16&quot;,&quot;columns&quot;:5,&quot;lazyload&quot;:&quot;yes&quot;,&quot;gallery_layout&quot;:&quot;grid&quot;,&quot;columns_tablet&quot;:2,&quot;columns_mobile&quot;:1,&quot;gap&quot;:{&quot;unit&quot;:&quot;px&quot;,&quot;size&quot;:10,&quot;sizes&quot;:[]},&quot;gap_widescreen&quot;:{&quot;unit&quot;:&quot;px&quot;,&quot;size&quot;:&quot;&quot;,&quot;sizes&quot;:[]},&quot;gap_laptop&quot;:{&quot;unit&quot;:&quot;px&quot;,&quot;size&quot;:10,&quot;sizes&quot;:[]},&quot;gap_tablet_extra&quot;:{&quot;unit&quot;:&quot;px&quot;,&quot;size&quot;:10,&quot;sizes&quot;:[]},&quot;gap_tablet&quot;:{&quot;unit&quot;:&quot;px&quot;,&quot;size&quot;:10,&quot;sizes&quot;:[]},&quot;gap_mobile_extra&quot;:{&quot;unit&quot;:&quot;px&quot;,&quot;size&quot;:10,&quot;sizes&quot;:[]},&quot;gap_mobile&quot;:{&quot;unit&quot;:&quot;px&quot;,&quot;size&quot;:10,&quot;sizes&quot;:[]},&quot;link_to&quot;:&quot;file&quot;,&quot;overlay_background&quot;:&quot;yes&quot;,&quot;content_hover_animation&quot;:&quot;fade-in&quot;}\" data-widget_type=\"gallery.default\">\n\t\t\t\t<div class=\"elementor-widget-container\">\n\t\t\t\t\t\t\t<div class=\"elementor-gallery__container\">\n\t\t\t\t\t\t\t<a class=\"e-gallery-item elementor-gallery-item elementor-animated-content\" href=\"https:\/\/www.cm-benavente.pt\/wp-content\/uploads\/2025\/02\/baile-carnaval-nossa-senhora-graca-cartaz.jpg\" data-elementor-open-lightbox=\"yes\" data-elementor-lightbox-slideshow=\"59613cf\" data-elementor-lightbox-title=\"baile carnaval nossa senhora gra\u00e7a cartaz\" data-e-action-hash=\"#elementor-action%3Aaction%3Dlightbox%26settings%3DeyJpZCI6NjY0MDQsInVybCI6Imh0dHBzOlwvXC93d3cuY20tYmVuYXZlbnRlLnB0XC93cC1jb250ZW50XC91cGxvYWRzXC8yMDI1XC8wMlwvYmFpbGUtY2FybmF2YWwtbm9zc2Etc2VuaG9yYS1ncmFjYS1jYXJ0YXouanBnIiwic2xpZGVzaG93IjoiNTk2MTNjZiJ9\">\n\t\t\t\t\t<div class=\"e-gallery-image elementor-gallery-item__image\" data-thumbnail=\"https:\/\/www.cm-benavente.pt\/wp-content\/uploads\/2025\/02\/baile-carnaval-nossa-senhora-graca-cartaz-576x1024.jpg\" data-width=\"576\" data-height=\"1024\" aria-label=\"\" role=\"img\" ><\/div>\n\t\t\t\t\t\t\t\t\t\t\t<div class=\"elementor-gallery-item__overlay\"><\/div>\n\t\t\t\t\t\t\t\t\t\t\t\t\t\t<\/a>\n\t\t\t\t\t\t\t<a class=\"e-gallery-item elementor-gallery-item elementor-animated-content\" href=\"https:\/\/www.cm-benavente.pt\/wp-content\/uploads\/2025\/02\/mega-carnaval-SA.jpg\" data-elementor-open-lightbox=\"yes\" data-elementor-lightbox-slideshow=\"59613cf\" data-elementor-lightbox-title=\"mega carnaval SA\" data-e-action-hash=\"#elementor-action%3Aaction%3Dlightbox%26settings%3DeyJpZCI6NjY0MDcsInVybCI6Imh0dHBzOlwvXC93d3cuY20tYmVuYXZlbnRlLnB0XC93cC1jb250ZW50XC91cGxvYWRzXC8yMDI1XC8wMlwvbWVnYS1jYXJuYXZhbC1TQS5qcGciLCJzbGlkZXNob3ciOiI1OTYxM2NmIn0%3D\">\n\t\t\t\t\t<div class=\"e-gallery-image elementor-gallery-item__image\" data-thumbnail=\"https:\/\/www.cm-benavente.pt\/wp-content\/uploads\/2025\/02\/mega-carnaval-SA.jpg\" data-width=\"800\" data-height=\"1000\" aria-label=\"\" role=\"img\" ><\/div>\n\t\t\t\t\t\t\t\t\t\t\t<div class=\"elementor-gallery-item__overlay\"><\/div>\n\t\t\t\t\t\t\t\t\t\t\t\t\t\t<\/a>\n\t\t\t\t\t\t\t<a class=\"e-gallery-item elementor-gallery-item elementor-animated-content\" href=\"https:\/\/www.cm-benavente.pt\/wp-content\/uploads\/2025\/02\/baile-carnaval-barrosa.jpg\" data-elementor-open-lightbox=\"yes\" data-elementor-lightbox-slideshow=\"59613cf\" data-elementor-lightbox-title=\"baile carnaval barrosa\" data-e-action-hash=\"#elementor-action%3Aaction%3Dlightbox%26settings%3DeyJpZCI6NjY0MDYsInVybCI6Imh0dHBzOlwvXC93d3cuY20tYmVuYXZlbnRlLnB0XC93cC1jb250ZW50XC91cGxvYWRzXC8yMDI1XC8wMlwvYmFpbGUtY2FybmF2YWwtYmFycm9zYS5qcGciLCJzbGlkZXNob3ciOiI1OTYxM2NmIn0%3D\">\n\t\t\t\t\t<div class=\"e-gallery-image elementor-gallery-item__image\" data-thumbnail=\"https:\/\/www.cm-benavente.pt\/wp-content\/uploads\/2025\/02\/baile-carnaval-barrosa.jpg\" data-width=\"724\" data-height=\"1024\" aria-label=\"\" role=\"img\" ><\/div>\n\t\t\t\t\t\t\t\t\t\t\t<div class=\"elementor-gallery-item__overlay\"><\/div>\n\t\t\t\t\t\t\t\t\t\t\t\t\t\t<\/a>\n\t\t\t\t\t\t\t<a class=\"e-gallery-item elementor-gallery-item elementor-animated-content\" href=\"https:\/\/www.cm-benavente.pt\/wp-content\/uploads\/2025\/02\/carnaval-santo-estevao.jpg\" data-elementor-open-lightbox=\"yes\" data-elementor-lightbox-slideshow=\"59613cf\" data-elementor-lightbox-title=\"carnaval santo est\u00eav\u00e3o\" data-e-action-hash=\"#elementor-action%3Aaction%3Dlightbox%26settings%3DeyJpZCI6NjY0MDUsInVybCI6Imh0dHBzOlwvXC93d3cuY20tYmVuYXZlbnRlLnB0XC93cC1jb250ZW50XC91cGxvYWRzXC8yMDI1XC8wMlwvY2FybmF2YWwtc2FudG8tZXN0ZXZhby5qcGciLCJzbGlkZXNob3ciOiI1OTYxM2NmIn0%3D\">\n\t\t\t\t\t<div class=\"e-gallery-image elementor-gallery-item__image\" data-thumbnail=\"https:\/\/www.cm-benavente.pt\/wp-content\/uploads\/2025\/02\/carnaval-santo-estevao-724x1024.jpg\" data-width=\"724\" data-height=\"1024\" aria-label=\"\" role=\"img\" ><\/div>\n\t\t\t\t\t\t\t\t\t\t\t<div class=\"elementor-gallery-item__overlay\"><\/div>\n\t\t\t\t\t\t\t\t\t\t\t\t\t\t<\/a>\n\t\t\t\t\t\t\t<a class=\"e-gallery-item elementor-gallery-item elementor-animated-content\" href=\"https:\/\/www.cm-benavente.pt\/wp-content\/uploads\/2025\/02\/carnaval-junta-santo-estevao.jpg\" data-elementor-open-lightbox=\"yes\" data-elementor-lightbox-slideshow=\"59613cf\" data-elementor-lightbox-title=\"carnaval junta santo estevao\" data-e-action-hash=\"#elementor-action%3Aaction%3Dlightbox%26settings%3DeyJpZCI6NjY1MjQsInVybCI6Imh0dHBzOlwvXC93d3cuY20tYmVuYXZlbnRlLnB0XC93cC1jb250ZW50XC91cGxvYWRzXC8yMDI1XC8wMlwvY2FybmF2YWwtanVudGEtc2FudG8tZXN0ZXZhby5qcGciLCJzbGlkZXNob3ciOiI1OTYxM2NmIn0%3D\">\n\t\t\t\t\t<div class=\"e-gallery-image elementor-gallery-item__image\" data-thumbnail=\"https:\/\/www.cm-benavente.pt\/wp-content\/uploads\/2025\/02\/carnaval-junta-santo-estevao-724x1024.jpg\" data-width=\"724\" data-height=\"1024\" aria-label=\"\" role=\"img\" ><\/div>\n\t\t\t\t\t\t\t\t\t\t\t<div class=\"elementor-gallery-item__overlay\"><\/div>\n\t\t\t\t\t\t\t\t\t\t\t\t\t\t<\/a>\n\t\t\t\t\t<\/div>\n\t\t\t\t\t<\/div>\n\t\t\t\t<\/div>\n\t\t\t\t\t<\/div>\n\t\t\t\t<\/div>\n\t\t\t\t<\/div>\n\t\t","protected":false},"excerpt":{"rendered":"<p>Carnaval de Samora Correia com magnifico cortejo, sair\u00e1 \u00e0 rua domingo e ter\u00e7a-feira de Carnaval<\/p>\n","protected":false},"author":3,"featured_media":66397,"comment_status":"closed","ping_status":"closed","sticky":false,"template":"","format":"standard","meta":{"_vp_format_video_url":"","_vp_image_focal_point":[],"footnotes":""},"categories":[506,518],"tags":[245,881,22,27],"class_list":["post-66395","post","type-post","status-publish","format-standard","has-post-thumbnail","hentry","category-festas","category-municipio","tag-carnaval","tag-desfile","tag-ribatejo","tag-samora-correia"],"_links":{"self":[{"href":"https:\/\/www.cm-benavente.pt\/index.php\/wp-json\/wp\/v2\/posts\/66395","targetHints":{"allow":["GET"]}}],"collection":[{"href":"https:\/\/www.cm-benavente.pt\/index.php\/wp-json\/wp\/v2\/posts"}],"about":[{"href":"https:\/\/www.cm-benavente.pt\/index.php\/wp-json\/wp\/v2\/types\/post"}],"author":[{"embeddable":true,"href":"https:\/\/www.cm-benavente.pt\/index.php\/wp-json\/wp\/v2\/users\/3"}],"replies":[{"embeddable":true,"href":"https:\/\/www.cm-benavente.pt\/index.php\/wp-json\/wp\/v2\/comments?post=66395"}],"version-history":[{"count":10,"href":"https:\/\/www.cm-benavente.pt\/index.php\/wp-json\/wp\/v2\/posts\/66395\/revisions"}],"predecessor-version":[{"id":66577,"href":"https:\/\/www.cm-benavente.pt\/index.php\/wp-json\/wp\/v2\/posts\/66395\/revisions\/66577"}],"wp:featuredmedia":[{"embeddable":true,"href":"https:\/\/www.cm-benavente.pt\/index.php\/wp-json\/wp\/v2\/media\/66397"}],"wp:attachment":[{"href":"https:\/\/www.cm-benavente.pt\/index.php\/wp-json\/wp\/v2\/media?parent=66395"}],"wp:term":[{"taxonomy":"category","embeddable":true,"href":"https:\/\/www.cm-benavente.pt\/index.php\/wp-json\/wp\/v2\/categories?post=66395"},{"taxonomy":"post_tag","embeddable":true,"href":"https:\/\/www.cm-benavente.pt\/index.php\/wp-json\/wp\/v2\/tags?post=66395"}],"curies":[{"name":"wp","href":"https:\/\/api.w.org\/{rel}","templated":true}]}}