{"id":66381,"date":"2025-02-10T17:24:05","date_gmt":"2025-02-10T17:24:05","guid":{"rendered":"https:\/\/www.cm-benavente.pt\/?p=66381"},"modified":"2025-02-10T17:28:11","modified_gmt":"2025-02-10T17:28:11","slug":"sessao-informativa-enquadramento-fiscal-e-preparacao-da-declaracao-de-irs","status":"publish","type":"post","link":"https:\/\/www.cm-benavente.pt\/index.php\/2025\/02\/10\/sessao-informativa-enquadramento-fiscal-e-preparacao-da-declaracao-de-irs\/","title":{"rendered":"Sess\u00e3o Informativa | Enquadramento Fiscal e Prepara\u00e7\u00e3o da Declara\u00e7\u00e3o de IRS"},"content":{"rendered":"\t\t<div data-elementor-type=\"wp-post\" data-elementor-id=\"66381\" class=\"elementor elementor-66381\" data-elementor-post-type=\"post\">\n\t\t\t\t<div class=\"elementor-element elementor-element-d6c8b32 e-flex e-con-boxed e-con e-parent\" data-id=\"d6c8b32\" data-element_type=\"container\" data-e-type=\"container\" data-settings=\"{&quot;tmea_shape_divider_top&quot;:&quot;none&quot;,&quot;tmea_shape_divider_bottom&quot;:&quot;none&quot;}\">\n\t\t\t\t\t<div class=\"e-con-inner\">\n\t\t\n\t\t<div class=\"elementor-element elementor-element-6b30e65 elementor-widget elementor-widget-text-editor\" data-id=\"6b30e65\" data-element_type=\"widget\" data-e-type=\"widget\" data-widget_type=\"text-editor.default\">\n\t\t\t\t<div class=\"elementor-widget-container\">\n\t\t\t\t\t\t\t\t\t<p>A realizar no pr\u00f3ximo dia <strong>13 de fevereiro pelas 15h<\/strong> (para falantes de l\u00edngua portuguesa), e ser\u00e1 transmitida <strong>online<\/strong>.<\/p><p><strong>Inscri\u00e7\u00f5es:<\/strong> Para assistir em <strong>portugu\u00eas<\/strong>: <a href=\"https:\/\/forms.gle\/ZjyZXAMDtKnxvCNy5\" target=\"_blank\" rel=\"noopener\">https:\/\/forms.gle\/ZjyZXAMDtKnxvCNy5<\/a> \/ For <strong>english<\/strong> speakers: <a href=\"https:\/\/forms.gle\/EkfnTKfBsK5s9z4z8\" target=\"_blank\" rel=\"noopener\">https:\/\/forms.gle\/EkfnTKfBsK5s9z4z8<\/a> <\/p>\t\t\t\t\t\t\t\t<\/div>\n\t\t\t\t<\/div>\n\t\t\t\t\t<\/div>\n\t\t\t\t<\/div>\n\t\t<div class=\"elementor-element elementor-element-e6f932b e-grid e-con-boxed e-con e-parent\" data-id=\"e6f932b\" data-element_type=\"container\" data-e-type=\"container\" data-settings=\"{&quot;tmea_shape_divider_top&quot;:&quot;none&quot;,&quot;tmea_shape_divider_bottom&quot;:&quot;none&quot;}\">\n\t\t\t\t\t<div class=\"e-con-inner\">\n\t\t\t\t<div class=\"elementor-element elementor-element-109df6b elementor-widget elementor-widget-image\" data-id=\"109df6b\" data-element_type=\"widget\" data-e-type=\"widget\" data-widget_type=\"image.default\">\n\t\t\t\t<div class=\"elementor-widget-container\">\n\t\t\t\t\t\t\t\t\t\t\t\t\t\t\t<img fetchpriority=\"high\" decoding=\"async\" width=\"724\" height=\"1024\" src=\"https:\/\/www.cm-benavente.pt\/wp-content\/uploads\/2025\/02\/Sessao-de-esclarecimento_IRS-1-724x1024.png\" class=\"attachment-large size-large wp-image-66386\" alt=\"\" srcset=\"https:\/\/www.cm-benavente.pt\/wp-content\/uploads\/2025\/02\/Sessao-de-esclarecimento_IRS-1-724x1024.png 724w, https:\/\/www.cm-benavente.pt\/wp-content\/uploads\/2025\/02\/Sessao-de-esclarecimento_IRS-1-212x300.png 212w, https:\/\/www.cm-benavente.pt\/wp-content\/uploads\/2025\/02\/Sessao-de-esclarecimento_IRS-1-768x1086.png 768w, https:\/\/www.cm-benavente.pt\/wp-content\/uploads\/2025\/02\/Sessao-de-esclarecimento_IRS-1-1086x1536.png 1086w, https:\/\/www.cm-benavente.pt\/wp-content\/uploads\/2025\/02\/Sessao-de-esclarecimento_IRS-1-500x707.png 500w, https:\/\/www.cm-benavente.pt\/wp-content\/uploads\/2025\/02\/Sessao-de-esclarecimento_IRS-1-800x1132.png 800w, https:\/\/www.cm-benavente.pt\/wp-content\/uploads\/2025\/02\/Sessao-de-esclarecimento_IRS-1-1280x1810.png 1280w, https:\/\/www.cm-benavente.pt\/wp-content\/uploads\/2025\/02\/Sessao-de-esclarecimento_IRS-1.png 1414w\" sizes=\"(max-width: 724px) 100vw, 724px\" \/>\t\t\t\t\t\t\t\t\t\t\t\t\t\t\t<\/div>\n\t\t\t\t<\/div>\n\t\t\t\t<div class=\"elementor-element elementor-element-bce718e elementor-widget elementor-widget-image\" data-id=\"bce718e\" data-element_type=\"widget\" data-e-type=\"widget\" data-widget_type=\"image.default\">\n\t\t\t\t<div class=\"elementor-widget-container\">\n\t\t\t\t\t\t\t\t\t\t\t\t\t\t\t<img decoding=\"async\" width=\"724\" height=\"1024\" src=\"https:\/\/www.cm-benavente.pt\/wp-content\/uploads\/2025\/02\/Information-session-tax-declaration-724x1024.png\" class=\"attachment-large size-large wp-image-66385\" alt=\"\" srcset=\"https:\/\/www.cm-benavente.pt\/wp-content\/uploads\/2025\/02\/Information-session-tax-declaration-724x1024.png 724w, https:\/\/www.cm-benavente.pt\/wp-content\/uploads\/2025\/02\/Information-session-tax-declaration-212x300.png 212w, https:\/\/www.cm-benavente.pt\/wp-content\/uploads\/2025\/02\/Information-session-tax-declaration-768x1086.png 768w, https:\/\/www.cm-benavente.pt\/wp-content\/uploads\/2025\/02\/Information-session-tax-declaration-1086x1536.png 1086w, https:\/\/www.cm-benavente.pt\/wp-content\/uploads\/2025\/02\/Information-session-tax-declaration-500x707.png 500w, https:\/\/www.cm-benavente.pt\/wp-content\/uploads\/2025\/02\/Information-session-tax-declaration-800x1132.png 800w, https:\/\/www.cm-benavente.pt\/wp-content\/uploads\/2025\/02\/Information-session-tax-declaration-1280x1810.png 1280w, https:\/\/www.cm-benavente.pt\/wp-content\/uploads\/2025\/02\/Information-session-tax-declaration.png 1414w\" sizes=\"(max-width: 724px) 100vw, 724px\" \/>\t\t\t\t\t\t\t\t\t\t\t\t\t\t\t<\/div>\n\t\t\t\t<\/div>\n\t\t\t\t\t<\/div>\n\t\t\t\t<\/div>\n\t\t\t\t<\/div>\n\t\t","protected":false},"excerpt":{"rendered":"<p>A realizar no pr\u00f3ximo dia 13 de fevereiro pelas 15h (para falantes de l\u00edngua portuguesa), e ser\u00e1 transmitida online.<\/p>\n","protected":false},"author":3,"featured_media":66382,"comment_status":"closed","ping_status":"closed","sticky":false,"template":"","format":"standard","meta":{"_vp_format_video_url":"","_vp_image_focal_point":[],"footnotes":""},"categories":[545,518],"tags":[185,16,418,1817,2609,2032,210,1713,27,13,1025],"class_list":["post-66381","post","type-post","status-publish","format-standard","has-post-thumbnail","hentry","category-informacao","category-municipio","tag-barrosa","tag-benavente","tag-declaracao","tag-esclarecimento","tag-financas","tag-fiscal","tag-irs","tag-municipio-de-benavente-2","tag-samora-correia","tag-santo-estevao","tag-sessao"],"_links":{"self":[{"href":"https:\/\/www.cm-benavente.pt\/index.php\/wp-json\/wp\/v2\/posts\/66381","targetHints":{"allow":["GET"]}}],"collection":[{"href":"https:\/\/www.cm-benavente.pt\/index.php\/wp-json\/wp\/v2\/posts"}],"about":[{"href":"https:\/\/www.cm-benavente.pt\/index.php\/wp-json\/wp\/v2\/types\/post"}],"author":[{"embeddable":true,"href":"https:\/\/www.cm-benavente.pt\/index.php\/wp-json\/wp\/v2\/users\/3"}],"replies":[{"embeddable":true,"href":"https:\/\/www.cm-benavente.pt\/index.php\/wp-json\/wp\/v2\/comments?post=66381"}],"version-history":[{"count":8,"href":"https:\/\/www.cm-benavente.pt\/index.php\/wp-json\/wp\/v2\/posts\/66381\/revisions"}],"predecessor-version":[{"id":66393,"href":"https:\/\/www.cm-benavente.pt\/index.php\/wp-json\/wp\/v2\/posts\/66381\/revisions\/66393"}],"wp:featuredmedia":[{"embeddable":true,"href":"https:\/\/www.cm-benavente.pt\/index.php\/wp-json\/wp\/v2\/media\/66382"}],"wp:attachment":[{"href":"https:\/\/www.cm-benavente.pt\/index.php\/wp-json\/wp\/v2\/media?parent=66381"}],"wp:term":[{"taxonomy":"category","embeddable":true,"href":"https:\/\/www.cm-benavente.pt\/index.php\/wp-json\/wp\/v2\/categories?post=66381"},{"taxonomy":"post_tag","embeddable":true,"href":"https:\/\/www.cm-benavente.pt\/index.php\/wp-json\/wp\/v2\/tags?post=66381"}],"curies":[{"name":"wp","href":"https:\/\/api.w.org\/{rel}","templated":true}]}}