{"id":65909,"date":"2025-02-04T11:57:18","date_gmt":"2025-02-04T11:57:18","guid":{"rendered":"https:\/\/www.cm-benavente.pt\/?p=65909"},"modified":"2025-02-06T11:20:57","modified_gmt":"2025-02-06T11:20:57","slug":"inaugurado-o-r23-na-escola-e-b-23-do-porto-alto-esperam-se-mais-alunos-a-tomar-a-refeicao-no-refeitorio","status":"publish","type":"post","link":"https:\/\/www.cm-benavente.pt\/index.php\/2025\/02\/04\/inaugurado-o-r23-na-escola-e-b-23-do-porto-alto-esperam-se-mais-alunos-a-tomar-a-refeicao-no-refeitorio\/","title":{"rendered":"Inaugurado o R23 na Escola B\u00e1sica 2,3 do Porto Alto! Esperam-se mais alunos a tomar a refei\u00e7\u00e3o no refeit\u00f3rio"},"content":{"rendered":"\t\t<div data-elementor-type=\"wp-post\" data-elementor-id=\"65909\" class=\"elementor elementor-65909\" data-elementor-post-type=\"post\">\n\t\t\t\t<div class=\"elementor-element elementor-element-f744c96 e-flex e-con-boxed e-con e-parent\" data-id=\"f744c96\" data-element_type=\"container\" data-e-type=\"container\" data-settings=\"{&quot;tmea_shape_divider_top&quot;:&quot;none&quot;,&quot;tmea_shape_divider_bottom&quot;:&quot;none&quot;}\">\n\t\t\t\t\t<div class=\"e-con-inner\">\n\t\t\n\t\t<div class=\"elementor-element elementor-element-b7e627b elementor-widget elementor-widget-text-editor\" data-id=\"b7e627b\" data-element_type=\"widget\" data-e-type=\"widget\" data-widget_type=\"text-editor.default\">\n\t\t\t\t<div class=\"elementor-widget-container\">\n\t\t\t\t\t\t\t\t\t<p>Ap\u00f3s o sucesso com a remodela\u00e7\u00e3o do refeit\u00f3rio escolar da C+S Duarte Lopes, em Benavente e com o refeit\u00f3rio da escola Jo\u00e3o Fernandes Pratas, em Samora Correia, foi a vez da escola b\u00e1sica 2,3 do Porto Alto receber o R23.<\/p><p>Nesta fase, os tr\u00eas refeit\u00f3rios escolares do Munic\u00edpio de Benavente j\u00e1 foram intervencionados, proporcionando uma remodela\u00e7\u00e3o dos espa\u00e7os, melhorando substancialmente o ambiente do refeit\u00f3rio mas tamb\u00e9m as ementas, com a cria\u00e7\u00e3o de um servi\u00e7o de refei\u00e7\u00f5es que responde \u00e0s necessidades nutricionais e, ao mesmo tempo, corresponde \u00e0s expectativas dos alunos e encarregados de educa\u00e7\u00e3o.<\/p><p>O R3 da Escola B\u00e1sica 2,3 do Porto Alto tem agora uma nova imagem, cores atraentes e mobili\u00e1rio moderno, com a cria\u00e7\u00e3o de um novo cen\u00e1rio e conforto no refeit\u00f3rio, novas ementas e melhoramentos no servi\u00e7o que, estamos certos, ir\u00e1 incentivar os alunos a frequentarem o refeit\u00f3rio, consumindo refei\u00e7\u00f5es saud\u00e1veis, equilibradas e sustent\u00e1veis.<\/p><p>O ato informal de inaugura\u00e7\u00e3o do R23 contou com a presen\u00e7a do Presidente da C\u00e2mara Municipal de Benavente, Carlos Coutinho; da Vereadora com o pelouro da educa\u00e7\u00e3o, Catarina Vale; do Presidente da Junta de Freguesia de Samora Correia, Augusto Marques; da Diretora do Agrupamento de Escolas, Lu\u00edsa Carvalho; da Chefe de Divis\u00e3o da Educa\u00e7\u00e3o, Cristina Gon\u00e7alves; das nutricionistas da C\u00e2mara Municipal: Rute Espanhol e Catarina Soares; de professores e pessoal n\u00e3o docente e, claro, dos alunos que foram tomar a sua refei\u00e7\u00e3o ao R23.<\/p><p><strong>Atualmente s\u00e3o servidas nos R23\u00a0700 refei\u00e7\u00f5es di\u00e1rias <\/strong><\/p><p>Segundo o Presidente Carlos Coutinho: \u201cH\u00e1 um ano e meio atr\u00e1s a C\u00e2mara Municipal assumiu as responsabilidades no \u00e2mbito da educa\u00e7\u00e3o relativas ao 2\u00ba e 3\u00ba ciclos, sendo que, uma dessas responsabilidades diz respeito ao funcionamento dos refeit\u00f3rios. \u201cNesta \u00e1rea assumimos compromissos reais em contribuir para uma alimenta\u00e7\u00e3o saud\u00e1vel nas escolas, uma melhor consciencializa\u00e7\u00e3o da import\u00e2ncia de refei\u00e7\u00f5es equilibradas e a diminui\u00e7\u00e3o do desperd\u00edcio\u201d.<\/p><p>O Presidente informou que, antes da implementa\u00e7\u00e3o do projeto R23 no Munic\u00edpio, apenas 300 alunos iam almo\u00e7ar aos refeit\u00f3rios e, neste momento, s\u00e3o mais de 700. \u201cS\u00e3o n\u00fameros que nos deixam satisfeitos mas queremos mais. O grande objetivo \u00e9 aumentar ganhos com a sa\u00fade no presente o que trar\u00e1 repercuss\u00f5es positivas no Futuro\u201d.<\/p><p>A Diretora do Agrupamento de Escolas de Samora Correia, Lu\u00edsa Carvalho, considera o projeto importante, sobretudo no \u00e2mbito da educa\u00e7\u00e3o ambiental: \u201cOs alunos devem crescer de forma correta. Quantos mais vierem tomar as suas refei\u00e7\u00f5es \u00e0 cantina, melhor\u201d, frisou.<\/p><p>A nutricionista da C\u00e2mara Municipal, Rute Espanhol, lembrou que o R23 n\u00e3o \u00e9 s\u00f3 um espa\u00e7o f\u00edsico renovado com nova imagem. \u201cOs alunos t\u00eam mais op\u00e7\u00f5es de escolha nas ementas: prato Mediterr\u00e2nico; Veggie e CoMtradi\u00e7\u00e3o; sopas; Buffet de saladas; sobremesa com fruta ou doce (pontualmente) e ch\u00e1 (conforme combinado nos workshops realizados para ouvir as sugest\u00f5es dos alunos). \u00a0A nutricionista garante que \u201c este projeto n\u00e3o est\u00e1 terminado, vamos continuar a melhorar e os alunos podem ser ouvidos sempre\u201d!<\/p><p><strong>Refei\u00e7\u00e3o equilibrada custa 1,46 para alunos sem escal\u00e3o <\/strong><\/p><p>Relembramos que, para que toda a comunidade escolar pudesse fazer parte da mudan\u00e7a e que a mesma fosse bem sucedida, foram envolvidos nos tr\u00eas processos alunos, professores e os encarregados de educa\u00e7\u00e3o.<\/p><p>As obras de constru\u00e7\u00e3o civil foram realizadas por trabalhadores da C\u00e2mara Municipal e inclu\u00edram repara\u00e7\u00e3o e pintura de paredes, tetos, caixas de estores e todo o interior da cozinha e um design aplicado nas paredes do refeit\u00f3rio.<\/p><p>A refei\u00e7\u00e3o custa 1,46 para todos os alunos sem escal\u00e3o atribu\u00eddo. O refeit\u00f3rio ir\u00e1 continuar aberto \u00e0 visita e partilha de refei\u00e7\u00e3o por parte dos pais e encarregados de educa\u00e7\u00e3o, com inscri\u00e7\u00e3o pr\u00e9via (gratuito).<\/p><p>Saiba mais em <a href=\"https:\/\/bit.ly\/refeitorios-R23?fbclid=IwZXh0bgNhZW0CMTAAAR2dE-YGkYLCpUSKPyD8_dRL026Qol9bRFJtJs8cph2XIVTfWJyndaSYJHw_aem_sjtbbXsUKKF3yZ8Fwhiagg\" target=\"_blank\" rel=\"noopener\"><strong>https:\/\/bit.ly\/refeitorios-R23<\/strong><\/a><\/p>\t\t\t\t\t\t\t\t<\/div>\n\t\t\t\t<\/div>\n\t\t\t\t<div class=\"elementor-element elementor-element-bbc4d26 elementor-widget elementor-widget-gallery\" data-id=\"bbc4d26\" data-element_type=\"widget\" data-e-type=\"widget\" data-settings=\"{&quot;columns&quot;:10,&quot;lazyload&quot;:&quot;yes&quot;,&quot;gallery_layout&quot;:&quot;grid&quot;,&quot;columns_tablet&quot;:2,&quot;columns_mobile&quot;:1,&quot;gap&quot;:{&quot;unit&quot;:&quot;px&quot;,&quot;size&quot;:10,&quot;sizes&quot;:[]},&quot;gap_widescreen&quot;:{&quot;unit&quot;:&quot;px&quot;,&quot;size&quot;:&quot;&quot;,&quot;sizes&quot;:[]},&quot;gap_laptop&quot;:{&quot;unit&quot;:&quot;px&quot;,&quot;size&quot;:10,&quot;sizes&quot;:[]},&quot;gap_tablet_extra&quot;:{&quot;unit&quot;:&quot;px&quot;,&quot;size&quot;:10,&quot;sizes&quot;:[]},&quot;gap_tablet&quot;:{&quot;unit&quot;:&quot;px&quot;,&quot;size&quot;:10,&quot;sizes&quot;:[]},&quot;gap_mobile_extra&quot;:{&quot;unit&quot;:&quot;px&quot;,&quot;size&quot;:10,&quot;sizes&quot;:[]},&quot;gap_mobile&quot;:{&quot;unit&quot;:&quot;px&quot;,&quot;size&quot;:10,&quot;sizes&quot;:[]},&quot;link_to&quot;:&quot;file&quot;,&quot;aspect_ratio&quot;:&quot;3:2&quot;,&quot;overlay_background&quot;:&quot;yes&quot;,&quot;content_hover_animation&quot;:&quot;fade-in&quot;}\" data-widget_type=\"gallery.default\">\n\t\t\t\t<div class=\"elementor-widget-container\">\n\t\t\t\t\t\t\t<div class=\"elementor-gallery__container\">\n\t\t\t\t\t\t\t<a class=\"e-gallery-item elementor-gallery-item elementor-animated-content\" href=\"https:\/\/www.cm-benavente.pt\/wp-content\/uploads\/2025\/02\/inauguracao-refeitorio-r23-porto-alto-1-scaled.jpg\" data-elementor-open-lightbox=\"yes\" data-elementor-lightbox-slideshow=\"bbc4d26\" data-elementor-lightbox-title=\"inaugura\u00e7\u00e3o refeit\u00f3rio r23 porto alto (1)\" data-e-action-hash=\"#elementor-action%3Aaction%3Dlightbox%26settings%3DeyJpZCI6NjU5MTIsInVybCI6Imh0dHBzOlwvXC93d3cuY20tYmVuYXZlbnRlLnB0XC93cC1jb250ZW50XC91cGxvYWRzXC8yMDI1XC8wMlwvaW5hdWd1cmFjYW8tcmVmZWl0b3Jpby1yMjMtcG9ydG8tYWx0by0xLXNjYWxlZC5qcGciLCJzbGlkZXNob3ciOiJiYmM0ZDI2In0%3D\">\n\t\t\t\t\t<div class=\"e-gallery-image elementor-gallery-item__image\" data-thumbnail=\"https:\/\/www.cm-benavente.pt\/wp-content\/uploads\/2025\/02\/inauguracao-refeitorio-r23-porto-alto-1-1024x718.jpg\" data-width=\"800\" data-height=\"561\" aria-label=\"\" role=\"img\" ><\/div>\n\t\t\t\t\t\t\t\t\t\t\t<div class=\"elementor-gallery-item__overlay\"><\/div>\n\t\t\t\t\t\t\t\t\t\t\t\t\t\t<\/a>\n\t\t\t\t\t\t\t<a class=\"e-gallery-item elementor-gallery-item elementor-animated-content\" href=\"https:\/\/www.cm-benavente.pt\/wp-content\/uploads\/2025\/02\/inauguracao-refeitorio-r23-porto-alto-2-scaled.jpg\" data-elementor-open-lightbox=\"yes\" data-elementor-lightbox-slideshow=\"bbc4d26\" data-elementor-lightbox-title=\"inaugura\u00e7\u00e3o refeit\u00f3rio r23 porto alto (2)\" data-e-action-hash=\"#elementor-action%3Aaction%3Dlightbox%26settings%3DeyJpZCI6NjU5MTMsInVybCI6Imh0dHBzOlwvXC93d3cuY20tYmVuYXZlbnRlLnB0XC93cC1jb250ZW50XC91cGxvYWRzXC8yMDI1XC8wMlwvaW5hdWd1cmFjYW8tcmVmZWl0b3Jpby1yMjMtcG9ydG8tYWx0by0yLXNjYWxlZC5qcGciLCJzbGlkZXNob3ciOiJiYmM0ZDI2In0%3D\">\n\t\t\t\t\t<div class=\"e-gallery-image elementor-gallery-item__image\" data-thumbnail=\"https:\/\/www.cm-benavente.pt\/wp-content\/uploads\/2025\/02\/inauguracao-refeitorio-r23-porto-alto-2-1024x498.jpg\" data-width=\"800\" data-height=\"389\" aria-label=\"\" role=\"img\" ><\/div>\n\t\t\t\t\t\t\t\t\t\t\t<div class=\"elementor-gallery-item__overlay\"><\/div>\n\t\t\t\t\t\t\t\t\t\t\t\t\t\t<\/a>\n\t\t\t\t\t\t\t<a class=\"e-gallery-item elementor-gallery-item elementor-animated-content\" href=\"https:\/\/www.cm-benavente.pt\/wp-content\/uploads\/2025\/02\/inauguracao-refeitorio-r23-porto-alto-3-scaled.jpg\" data-elementor-open-lightbox=\"yes\" data-elementor-lightbox-slideshow=\"bbc4d26\" data-elementor-lightbox-title=\"inaugura\u00e7\u00e3o refeit\u00f3rio r23 porto alto (3)\" data-e-action-hash=\"#elementor-action%3Aaction%3Dlightbox%26settings%3DeyJpZCI6NjU5MTQsInVybCI6Imh0dHBzOlwvXC93d3cuY20tYmVuYXZlbnRlLnB0XC93cC1jb250ZW50XC91cGxvYWRzXC8yMDI1XC8wMlwvaW5hdWd1cmFjYW8tcmVmZWl0b3Jpby1yMjMtcG9ydG8tYWx0by0zLXNjYWxlZC5qcGciLCJzbGlkZXNob3ciOiJiYmM0ZDI2In0%3D\">\n\t\t\t\t\t<div class=\"e-gallery-image elementor-gallery-item__image\" data-thumbnail=\"https:\/\/www.cm-benavente.pt\/wp-content\/uploads\/2025\/02\/inauguracao-refeitorio-r23-porto-alto-3-1024x497.jpg\" data-width=\"800\" data-height=\"388\" aria-label=\"\" role=\"img\" ><\/div>\n\t\t\t\t\t\t\t\t\t\t\t<div class=\"elementor-gallery-item__overlay\"><\/div>\n\t\t\t\t\t\t\t\t\t\t\t\t\t\t<\/a>\n\t\t\t\t\t\t\t<a class=\"e-gallery-item elementor-gallery-item elementor-animated-content\" href=\"https:\/\/www.cm-benavente.pt\/wp-content\/uploads\/2025\/02\/inauguracao-refeitorio-r23-porto-alto-4-scaled.jpg\" data-elementor-open-lightbox=\"yes\" data-elementor-lightbox-slideshow=\"bbc4d26\" data-elementor-lightbox-title=\"inaugura\u00e7\u00e3o refeit\u00f3rio r23 porto alto (4)\" data-e-action-hash=\"#elementor-action%3Aaction%3Dlightbox%26settings%3DeyJpZCI6NjU5MTUsInVybCI6Imh0dHBzOlwvXC93d3cuY20tYmVuYXZlbnRlLnB0XC93cC1jb250ZW50XC91cGxvYWRzXC8yMDI1XC8wMlwvaW5hdWd1cmFjYW8tcmVmZWl0b3Jpby1yMjMtcG9ydG8tYWx0by00LXNjYWxlZC5qcGciLCJzbGlkZXNob3ciOiJiYmM0ZDI2In0%3D\">\n\t\t\t\t\t<div class=\"e-gallery-image elementor-gallery-item__image\" data-thumbnail=\"https:\/\/www.cm-benavente.pt\/wp-content\/uploads\/2025\/02\/inauguracao-refeitorio-r23-porto-alto-4-1024x572.jpg\" data-width=\"800\" data-height=\"447\" aria-label=\"\" role=\"img\" ><\/div>\n\t\t\t\t\t\t\t\t\t\t\t<div class=\"elementor-gallery-item__overlay\"><\/div>\n\t\t\t\t\t\t\t\t\t\t\t\t\t\t<\/a>\n\t\t\t\t\t\t\t<a class=\"e-gallery-item elementor-gallery-item elementor-animated-content\" href=\"https:\/\/www.cm-benavente.pt\/wp-content\/uploads\/2025\/02\/inauguracao-refeitorio-r23-porto-alto-5-scaled.jpg\" data-elementor-open-lightbox=\"yes\" data-elementor-lightbox-slideshow=\"bbc4d26\" data-elementor-lightbox-title=\"inaugura\u00e7\u00e3o refeit\u00f3rio r23 porto alto (5)\" data-e-action-hash=\"#elementor-action%3Aaction%3Dlightbox%26settings%3DeyJpZCI6NjU5MTYsInVybCI6Imh0dHBzOlwvXC93d3cuY20tYmVuYXZlbnRlLnB0XC93cC1jb250ZW50XC91cGxvYWRzXC8yMDI1XC8wMlwvaW5hdWd1cmFjYW8tcmVmZWl0b3Jpby1yMjMtcG9ydG8tYWx0by01LXNjYWxlZC5qcGciLCJzbGlkZXNob3ciOiJiYmM0ZDI2In0%3D\">\n\t\t\t\t\t<div class=\"e-gallery-image elementor-gallery-item__image\" data-thumbnail=\"https:\/\/www.cm-benavente.pt\/wp-content\/uploads\/2025\/02\/inauguracao-refeitorio-r23-porto-alto-5-1024x616.jpg\" data-width=\"800\" data-height=\"481\" aria-label=\"\" role=\"img\" ><\/div>\n\t\t\t\t\t\t\t\t\t\t\t<div class=\"elementor-gallery-item__overlay\"><\/div>\n\t\t\t\t\t\t\t\t\t\t\t\t\t\t<\/a>\n\t\t\t\t\t\t\t<a class=\"e-gallery-item elementor-gallery-item elementor-animated-content\" href=\"https:\/\/www.cm-benavente.pt\/wp-content\/uploads\/2025\/02\/inauguracao-refeitorio-r23-porto-alto-6-scaled.jpg\" data-elementor-open-lightbox=\"yes\" data-elementor-lightbox-slideshow=\"bbc4d26\" data-elementor-lightbox-title=\"inaugura\u00e7\u00e3o refeit\u00f3rio r23 porto alto (6)\" data-e-action-hash=\"#elementor-action%3Aaction%3Dlightbox%26settings%3DeyJpZCI6NjU5MTcsInVybCI6Imh0dHBzOlwvXC93d3cuY20tYmVuYXZlbnRlLnB0XC93cC1jb250ZW50XC91cGxvYWRzXC8yMDI1XC8wMlwvaW5hdWd1cmFjYW8tcmVmZWl0b3Jpby1yMjMtcG9ydG8tYWx0by02LXNjYWxlZC5qcGciLCJzbGlkZXNob3ciOiJiYmM0ZDI2In0%3D\">\n\t\t\t\t\t<div class=\"e-gallery-image elementor-gallery-item__image\" data-thumbnail=\"https:\/\/www.cm-benavente.pt\/wp-content\/uploads\/2025\/02\/inauguracao-refeitorio-r23-porto-alto-6-1024x642.jpg\" data-width=\"800\" data-height=\"502\" aria-label=\"\" role=\"img\" ><\/div>\n\t\t\t\t\t\t\t\t\t\t\t<div class=\"elementor-gallery-item__overlay\"><\/div>\n\t\t\t\t\t\t\t\t\t\t\t\t\t\t<\/a>\n\t\t\t\t\t\t\t<a class=\"e-gallery-item elementor-gallery-item elementor-animated-content\" href=\"https:\/\/www.cm-benavente.pt\/wp-content\/uploads\/2025\/02\/inauguracao-refeitorio-r23-porto-alto-7-scaled.jpg\" data-elementor-open-lightbox=\"yes\" data-elementor-lightbox-slideshow=\"bbc4d26\" data-elementor-lightbox-title=\"inaugura\u00e7\u00e3o refeit\u00f3rio r23 porto alto (7)\" data-e-action-hash=\"#elementor-action%3Aaction%3Dlightbox%26settings%3DeyJpZCI6NjU5MTgsInVybCI6Imh0dHBzOlwvXC93d3cuY20tYmVuYXZlbnRlLnB0XC93cC1jb250ZW50XC91cGxvYWRzXC8yMDI1XC8wMlwvaW5hdWd1cmFjYW8tcmVmZWl0b3Jpby1yMjMtcG9ydG8tYWx0by03LXNjYWxlZC5qcGciLCJzbGlkZXNob3ciOiJiYmM0ZDI2In0%3D\">\n\t\t\t\t\t<div class=\"e-gallery-image elementor-gallery-item__image\" data-thumbnail=\"https:\/\/www.cm-benavente.pt\/wp-content\/uploads\/2025\/02\/inauguracao-refeitorio-r23-porto-alto-7-1024x570.jpg\" data-width=\"800\" data-height=\"445\" aria-label=\"\" role=\"img\" ><\/div>\n\t\t\t\t\t\t\t\t\t\t\t<div class=\"elementor-gallery-item__overlay\"><\/div>\n\t\t\t\t\t\t\t\t\t\t\t\t\t\t<\/a>\n\t\t\t\t\t\t\t<a class=\"e-gallery-item elementor-gallery-item elementor-animated-content\" href=\"https:\/\/www.cm-benavente.pt\/wp-content\/uploads\/2025\/02\/inauguracao-refeitorio-r23-porto-alto-8-scaled.jpg\" data-elementor-open-lightbox=\"yes\" data-elementor-lightbox-slideshow=\"bbc4d26\" data-elementor-lightbox-title=\"inaugura\u00e7\u00e3o refeit\u00f3rio r23 porto alto (8)\" data-e-action-hash=\"#elementor-action%3Aaction%3Dlightbox%26settings%3DeyJpZCI6NjU5MTksInVybCI6Imh0dHBzOlwvXC93d3cuY20tYmVuYXZlbnRlLnB0XC93cC1jb250ZW50XC91cGxvYWRzXC8yMDI1XC8wMlwvaW5hdWd1cmFjYW8tcmVmZWl0b3Jpby1yMjMtcG9ydG8tYWx0by04LXNjYWxlZC5qcGciLCJzbGlkZXNob3ciOiJiYmM0ZDI2In0%3D\">\n\t\t\t\t\t<div class=\"e-gallery-image elementor-gallery-item__image\" data-thumbnail=\"https:\/\/www.cm-benavente.pt\/wp-content\/uploads\/2025\/02\/inauguracao-refeitorio-r23-porto-alto-8-1024x473.jpg\" data-width=\"800\" data-height=\"370\" aria-label=\"\" role=\"img\" ><\/div>\n\t\t\t\t\t\t\t\t\t\t\t<div class=\"elementor-gallery-item__overlay\"><\/div>\n\t\t\t\t\t\t\t\t\t\t\t\t\t\t<\/a>\n\t\t\t\t\t\t\t<a class=\"e-gallery-item elementor-gallery-item elementor-animated-content\" href=\"https:\/\/www.cm-benavente.pt\/wp-content\/uploads\/2025\/02\/inauguracao-refeitorio-r23-porto-alto-9-scaled.jpg\" data-elementor-open-lightbox=\"yes\" data-elementor-lightbox-slideshow=\"bbc4d26\" data-elementor-lightbox-title=\"inaugura\u00e7\u00e3o refeit\u00f3rio r23 porto alto (9)\" data-e-action-hash=\"#elementor-action%3Aaction%3Dlightbox%26settings%3DeyJpZCI6NjU5MjAsInVybCI6Imh0dHBzOlwvXC93d3cuY20tYmVuYXZlbnRlLnB0XC93cC1jb250ZW50XC91cGxvYWRzXC8yMDI1XC8wMlwvaW5hdWd1cmFjYW8tcmVmZWl0b3Jpby1yMjMtcG9ydG8tYWx0by05LXNjYWxlZC5qcGciLCJzbGlkZXNob3ciOiJiYmM0ZDI2In0%3D\">\n\t\t\t\t\t<div class=\"e-gallery-image elementor-gallery-item__image\" data-thumbnail=\"https:\/\/www.cm-benavente.pt\/wp-content\/uploads\/2025\/02\/inauguracao-refeitorio-r23-porto-alto-9-1024x496.jpg\" data-width=\"800\" data-height=\"388\" aria-label=\"\" role=\"img\" ><\/div>\n\t\t\t\t\t\t\t\t\t\t\t<div class=\"elementor-gallery-item__overlay\"><\/div>\n\t\t\t\t\t\t\t\t\t\t\t\t\t\t<\/a>\n\t\t\t\t\t\t\t<a class=\"e-gallery-item elementor-gallery-item elementor-animated-content\" href=\"https:\/\/www.cm-benavente.pt\/wp-content\/uploads\/2025\/02\/inauguracao-refeitorio-r23-porto-alto-10-scaled.jpg\" data-elementor-open-lightbox=\"yes\" data-elementor-lightbox-slideshow=\"bbc4d26\" data-elementor-lightbox-title=\"inaugura\u00e7\u00e3o refeit\u00f3rio r23 porto alto (10)\" data-e-action-hash=\"#elementor-action%3Aaction%3Dlightbox%26settings%3DeyJpZCI6NjU5MjEsInVybCI6Imh0dHBzOlwvXC93d3cuY20tYmVuYXZlbnRlLnB0XC93cC1jb250ZW50XC91cGxvYWRzXC8yMDI1XC8wMlwvaW5hdWd1cmFjYW8tcmVmZWl0b3Jpby1yMjMtcG9ydG8tYWx0by0xMC1zY2FsZWQuanBnIiwic2xpZGVzaG93IjoiYmJjNGQyNiJ9\">\n\t\t\t\t\t<div class=\"e-gallery-image elementor-gallery-item__image\" data-thumbnail=\"https:\/\/www.cm-benavente.pt\/wp-content\/uploads\/2025\/02\/inauguracao-refeitorio-r23-porto-alto-10-1024x380.jpg\" data-width=\"800\" data-height=\"297\" aria-label=\"\" role=\"img\" ><\/div>\n\t\t\t\t\t\t\t\t\t\t\t<div class=\"elementor-gallery-item__overlay\"><\/div>\n\t\t\t\t\t\t\t\t\t\t\t\t\t\t<\/a>\n\t\t\t\t\t\t\t<a class=\"e-gallery-item elementor-gallery-item elementor-animated-content\" href=\"https:\/\/www.cm-benavente.pt\/wp-content\/uploads\/2025\/02\/inauguracao-refeitorio-r23-porto-alto-11-scaled.jpg\" data-elementor-open-lightbox=\"yes\" data-elementor-lightbox-slideshow=\"bbc4d26\" data-elementor-lightbox-title=\"inaugura\u00e7\u00e3o refeit\u00f3rio r23 porto alto (11)\" data-e-action-hash=\"#elementor-action%3Aaction%3Dlightbox%26settings%3DeyJpZCI6NjU5MjIsInVybCI6Imh0dHBzOlwvXC93d3cuY20tYmVuYXZlbnRlLnB0XC93cC1jb250ZW50XC91cGxvYWRzXC8yMDI1XC8wMlwvaW5hdWd1cmFjYW8tcmVmZWl0b3Jpby1yMjMtcG9ydG8tYWx0by0xMS1zY2FsZWQuanBnIiwic2xpZGVzaG93IjoiYmJjNGQyNiJ9\">\n\t\t\t\t\t<div class=\"e-gallery-image elementor-gallery-item__image\" data-thumbnail=\"https:\/\/www.cm-benavente.pt\/wp-content\/uploads\/2025\/02\/inauguracao-refeitorio-r23-porto-alto-11-1024x540.jpg\" data-width=\"800\" data-height=\"422\" aria-label=\"\" role=\"img\" ><\/div>\n\t\t\t\t\t\t\t\t\t\t\t<div class=\"elementor-gallery-item__overlay\"><\/div>\n\t\t\t\t\t\t\t\t\t\t\t\t\t\t<\/a>\n\t\t\t\t\t\t\t<a class=\"e-gallery-item elementor-gallery-item elementor-animated-content\" href=\"https:\/\/www.cm-benavente.pt\/wp-content\/uploads\/2025\/02\/inauguracao-refeitorio-r23-porto-alto-12-scaled.jpg\" data-elementor-open-lightbox=\"yes\" data-elementor-lightbox-slideshow=\"bbc4d26\" data-elementor-lightbox-title=\"inaugura\u00e7\u00e3o refeit\u00f3rio r23 porto alto (12)\" data-e-action-hash=\"#elementor-action%3Aaction%3Dlightbox%26settings%3DeyJpZCI6NjU5MjMsInVybCI6Imh0dHBzOlwvXC93d3cuY20tYmVuYXZlbnRlLnB0XC93cC1jb250ZW50XC91cGxvYWRzXC8yMDI1XC8wMlwvaW5hdWd1cmFjYW8tcmVmZWl0b3Jpby1yMjMtcG9ydG8tYWx0by0xMi1zY2FsZWQuanBnIiwic2xpZGVzaG93IjoiYmJjNGQyNiJ9\">\n\t\t\t\t\t<div class=\"e-gallery-image elementor-gallery-item__image\" data-thumbnail=\"https:\/\/www.cm-benavente.pt\/wp-content\/uploads\/2025\/02\/inauguracao-refeitorio-r23-porto-alto-12-1024x441.jpg\" data-width=\"800\" data-height=\"345\" aria-label=\"\" role=\"img\" ><\/div>\n\t\t\t\t\t\t\t\t\t\t\t<div class=\"elementor-gallery-item__overlay\"><\/div>\n\t\t\t\t\t\t\t\t\t\t\t\t\t\t<\/a>\n\t\t\t\t\t\t\t<a class=\"e-gallery-item elementor-gallery-item elementor-animated-content\" href=\"https:\/\/www.cm-benavente.pt\/wp-content\/uploads\/2025\/02\/inauguracao-refeitorio-r23-porto-alto-13-scaled.jpg\" data-elementor-open-lightbox=\"yes\" data-elementor-lightbox-slideshow=\"bbc4d26\" data-elementor-lightbox-title=\"inaugura\u00e7\u00e3o refeit\u00f3rio r23 porto alto (13)\" data-e-action-hash=\"#elementor-action%3Aaction%3Dlightbox%26settings%3DeyJpZCI6NjU5MjQsInVybCI6Imh0dHBzOlwvXC93d3cuY20tYmVuYXZlbnRlLnB0XC93cC1jb250ZW50XC91cGxvYWRzXC8yMDI1XC8wMlwvaW5hdWd1cmFjYW8tcmVmZWl0b3Jpby1yMjMtcG9ydG8tYWx0by0xMy1zY2FsZWQuanBnIiwic2xpZGVzaG93IjoiYmJjNGQyNiJ9\">\n\t\t\t\t\t<div class=\"e-gallery-image elementor-gallery-item__image\" data-thumbnail=\"https:\/\/www.cm-benavente.pt\/wp-content\/uploads\/2025\/02\/inauguracao-refeitorio-r23-porto-alto-13-1024x491.jpg\" data-width=\"800\" data-height=\"384\" aria-label=\"\" role=\"img\" ><\/div>\n\t\t\t\t\t\t\t\t\t\t\t<div class=\"elementor-gallery-item__overlay\"><\/div>\n\t\t\t\t\t\t\t\t\t\t\t\t\t\t<\/a>\n\t\t\t\t\t\t\t<a class=\"e-gallery-item elementor-gallery-item elementor-animated-content\" href=\"https:\/\/www.cm-benavente.pt\/wp-content\/uploads\/2025\/02\/inauguracao-refeitorio-r23-porto-alto-14-scaled.jpg\" data-elementor-open-lightbox=\"yes\" data-elementor-lightbox-slideshow=\"bbc4d26\" data-elementor-lightbox-title=\"inaugura\u00e7\u00e3o refeit\u00f3rio r23 porto alto (14)\" data-e-action-hash=\"#elementor-action%3Aaction%3Dlightbox%26settings%3DeyJpZCI6NjU5MjUsInVybCI6Imh0dHBzOlwvXC93d3cuY20tYmVuYXZlbnRlLnB0XC93cC1jb250ZW50XC91cGxvYWRzXC8yMDI1XC8wMlwvaW5hdWd1cmFjYW8tcmVmZWl0b3Jpby1yMjMtcG9ydG8tYWx0by0xNC1zY2FsZWQuanBnIiwic2xpZGVzaG93IjoiYmJjNGQyNiJ9\">\n\t\t\t\t\t<div class=\"e-gallery-image elementor-gallery-item__image\" data-thumbnail=\"https:\/\/www.cm-benavente.pt\/wp-content\/uploads\/2025\/02\/inauguracao-refeitorio-r23-porto-alto-14-1024x460.jpg\" data-width=\"800\" data-height=\"359\" aria-label=\"\" role=\"img\" ><\/div>\n\t\t\t\t\t\t\t\t\t\t\t<div class=\"elementor-gallery-item__overlay\"><\/div>\n\t\t\t\t\t\t\t\t\t\t\t\t\t\t<\/a>\n\t\t\t\t\t\t\t<a class=\"e-gallery-item elementor-gallery-item elementor-animated-content\" href=\"https:\/\/www.cm-benavente.pt\/wp-content\/uploads\/2025\/02\/inauguracao-refeitorio-r23-porto-alto-15-scaled.jpg\" data-elementor-open-lightbox=\"yes\" data-elementor-lightbox-slideshow=\"bbc4d26\" data-elementor-lightbox-title=\"inaugura\u00e7\u00e3o refeit\u00f3rio r23 porto alto (15)\" data-e-action-hash=\"#elementor-action%3Aaction%3Dlightbox%26settings%3DeyJpZCI6NjU5MjYsInVybCI6Imh0dHBzOlwvXC93d3cuY20tYmVuYXZlbnRlLnB0XC93cC1jb250ZW50XC91cGxvYWRzXC8yMDI1XC8wMlwvaW5hdWd1cmFjYW8tcmVmZWl0b3Jpby1yMjMtcG9ydG8tYWx0by0xNS1zY2FsZWQuanBnIiwic2xpZGVzaG93IjoiYmJjNGQyNiJ9\">\n\t\t\t\t\t<div class=\"e-gallery-image elementor-gallery-item__image\" data-thumbnail=\"https:\/\/www.cm-benavente.pt\/wp-content\/uploads\/2025\/02\/inauguracao-refeitorio-r23-porto-alto-15-1024x544.jpg\" data-width=\"800\" data-height=\"425\" aria-label=\"\" role=\"img\" ><\/div>\n\t\t\t\t\t\t\t\t\t\t\t<div class=\"elementor-gallery-item__overlay\"><\/div>\n\t\t\t\t\t\t\t\t\t\t\t\t\t\t<\/a>\n\t\t\t\t\t\t\t<a class=\"e-gallery-item elementor-gallery-item elementor-animated-content\" href=\"https:\/\/www.cm-benavente.pt\/wp-content\/uploads\/2025\/02\/inauguracao-refeitorio-r23-porto-alto-16-scaled.jpg\" data-elementor-open-lightbox=\"yes\" data-elementor-lightbox-slideshow=\"bbc4d26\" data-elementor-lightbox-title=\"inaugura\u00e7\u00e3o refeit\u00f3rio r23 porto alto (16)\" data-e-action-hash=\"#elementor-action%3Aaction%3Dlightbox%26settings%3DeyJpZCI6NjU5MjcsInVybCI6Imh0dHBzOlwvXC93d3cuY20tYmVuYXZlbnRlLnB0XC93cC1jb250ZW50XC91cGxvYWRzXC8yMDI1XC8wMlwvaW5hdWd1cmFjYW8tcmVmZWl0b3Jpby1yMjMtcG9ydG8tYWx0by0xNi1zY2FsZWQuanBnIiwic2xpZGVzaG93IjoiYmJjNGQyNiJ9\">\n\t\t\t\t\t<div class=\"e-gallery-image elementor-gallery-item__image\" data-thumbnail=\"https:\/\/www.cm-benavente.pt\/wp-content\/uploads\/2025\/02\/inauguracao-refeitorio-r23-porto-alto-16-1024x409.jpg\" data-width=\"800\" data-height=\"320\" aria-label=\"\" role=\"img\" ><\/div>\n\t\t\t\t\t\t\t\t\t\t\t<div class=\"elementor-gallery-item__overlay\"><\/div>\n\t\t\t\t\t\t\t\t\t\t\t\t\t\t<\/a>\n\t\t\t\t\t\t\t<a class=\"e-gallery-item elementor-gallery-item elementor-animated-content\" href=\"https:\/\/www.cm-benavente.pt\/wp-content\/uploads\/2025\/02\/inauguracao-refeitorio-r23-porto-alto-17-scaled.jpg\" data-elementor-open-lightbox=\"yes\" data-elementor-lightbox-slideshow=\"bbc4d26\" data-elementor-lightbox-title=\"inaugura\u00e7\u00e3o refeit\u00f3rio r23 porto alto (17)\" data-e-action-hash=\"#elementor-action%3Aaction%3Dlightbox%26settings%3DeyJpZCI6NjU5MjgsInVybCI6Imh0dHBzOlwvXC93d3cuY20tYmVuYXZlbnRlLnB0XC93cC1jb250ZW50XC91cGxvYWRzXC8yMDI1XC8wMlwvaW5hdWd1cmFjYW8tcmVmZWl0b3Jpby1yMjMtcG9ydG8tYWx0by0xNy1zY2FsZWQuanBnIiwic2xpZGVzaG93IjoiYmJjNGQyNiJ9\">\n\t\t\t\t\t<div class=\"e-gallery-image elementor-gallery-item__image\" data-thumbnail=\"https:\/\/www.cm-benavente.pt\/wp-content\/uploads\/2025\/02\/inauguracao-refeitorio-r23-porto-alto-17-1024x630.jpg\" data-width=\"800\" data-height=\"492\" aria-label=\"\" role=\"img\" ><\/div>\n\t\t\t\t\t\t\t\t\t\t\t<div class=\"elementor-gallery-item__overlay\"><\/div>\n\t\t\t\t\t\t\t\t\t\t\t\t\t\t<\/a>\n\t\t\t\t\t\t\t<a class=\"e-gallery-item elementor-gallery-item elementor-animated-content\" href=\"https:\/\/www.cm-benavente.pt\/wp-content\/uploads\/2025\/02\/inauguracao-refeitorio-r23-porto-alto-18-scaled.jpg\" data-elementor-open-lightbox=\"yes\" data-elementor-lightbox-slideshow=\"bbc4d26\" data-elementor-lightbox-title=\"inaugura\u00e7\u00e3o refeit\u00f3rio r23 porto alto (18)\" data-e-action-hash=\"#elementor-action%3Aaction%3Dlightbox%26settings%3DeyJpZCI6NjU5MjksInVybCI6Imh0dHBzOlwvXC93d3cuY20tYmVuYXZlbnRlLnB0XC93cC1jb250ZW50XC91cGxvYWRzXC8yMDI1XC8wMlwvaW5hdWd1cmFjYW8tcmVmZWl0b3Jpby1yMjMtcG9ydG8tYWx0by0xOC1zY2FsZWQuanBnIiwic2xpZGVzaG93IjoiYmJjNGQyNiJ9\">\n\t\t\t\t\t<div class=\"e-gallery-image elementor-gallery-item__image\" data-thumbnail=\"https:\/\/www.cm-benavente.pt\/wp-content\/uploads\/2025\/02\/inauguracao-refeitorio-r23-porto-alto-18-1024x589.jpg\" data-width=\"800\" data-height=\"460\" aria-label=\"\" role=\"img\" ><\/div>\n\t\t\t\t\t\t\t\t\t\t\t<div class=\"elementor-gallery-item__overlay\"><\/div>\n\t\t\t\t\t\t\t\t\t\t\t\t\t\t<\/a>\n\t\t\t\t\t\t\t<a class=\"e-gallery-item elementor-gallery-item elementor-animated-content\" href=\"https:\/\/www.cm-benavente.pt\/wp-content\/uploads\/2025\/02\/inauguracao-refeitorio-r23-porto-alto-19-scaled.jpg\" data-elementor-open-lightbox=\"yes\" data-elementor-lightbox-slideshow=\"bbc4d26\" data-elementor-lightbox-title=\"inaugura\u00e7\u00e3o refeit\u00f3rio r23 porto alto (19)\" data-e-action-hash=\"#elementor-action%3Aaction%3Dlightbox%26settings%3DeyJpZCI6NjU5MzAsInVybCI6Imh0dHBzOlwvXC93d3cuY20tYmVuYXZlbnRlLnB0XC93cC1jb250ZW50XC91cGxvYWRzXC8yMDI1XC8wMlwvaW5hdWd1cmFjYW8tcmVmZWl0b3Jpby1yMjMtcG9ydG8tYWx0by0xOS1zY2FsZWQuanBnIiwic2xpZGVzaG93IjoiYmJjNGQyNiJ9\">\n\t\t\t\t\t<div class=\"e-gallery-image elementor-gallery-item__image\" data-thumbnail=\"https:\/\/www.cm-benavente.pt\/wp-content\/uploads\/2025\/02\/inauguracao-refeitorio-r23-porto-alto-19-1024x606.jpg\" data-width=\"800\" data-height=\"473\" aria-label=\"\" role=\"img\" ><\/div>\n\t\t\t\t\t\t\t\t\t\t\t<div class=\"elementor-gallery-item__overlay\"><\/div>\n\t\t\t\t\t\t\t\t\t\t\t\t\t\t<\/a>\n\t\t\t\t\t\t\t<a class=\"e-gallery-item elementor-gallery-item elementor-animated-content\" href=\"https:\/\/www.cm-benavente.pt\/wp-content\/uploads\/2025\/02\/inauguracao-refeitorio-r23-porto-alto-20-scaled.jpg\" data-elementor-open-lightbox=\"yes\" data-elementor-lightbox-slideshow=\"bbc4d26\" data-elementor-lightbox-title=\"inaugura\u00e7\u00e3o refeit\u00f3rio r23 porto alto (20)\" data-e-action-hash=\"#elementor-action%3Aaction%3Dlightbox%26settings%3DeyJpZCI6NjU5MzEsInVybCI6Imh0dHBzOlwvXC93d3cuY20tYmVuYXZlbnRlLnB0XC93cC1jb250ZW50XC91cGxvYWRzXC8yMDI1XC8wMlwvaW5hdWd1cmFjYW8tcmVmZWl0b3Jpby1yMjMtcG9ydG8tYWx0by0yMC1zY2FsZWQuanBnIiwic2xpZGVzaG93IjoiYmJjNGQyNiJ9\">\n\t\t\t\t\t<div class=\"e-gallery-image elementor-gallery-item__image\" data-thumbnail=\"https:\/\/www.cm-benavente.pt\/wp-content\/uploads\/2025\/02\/inauguracao-refeitorio-r23-porto-alto-20-1024x581.jpg\" data-width=\"800\" data-height=\"454\" aria-label=\"\" role=\"img\" ><\/div>\n\t\t\t\t\t\t\t\t\t\t\t<div class=\"elementor-gallery-item__overlay\"><\/div>\n\t\t\t\t\t\t\t\t\t\t\t\t\t\t<\/a>\n\t\t\t\t\t\t\t<a class=\"e-gallery-item elementor-gallery-item elementor-animated-content\" href=\"https:\/\/www.cm-benavente.pt\/wp-content\/uploads\/2025\/02\/inauguracao-refeitorio-r23-porto-alto-21-scaled.jpg\" data-elementor-open-lightbox=\"yes\" data-elementor-lightbox-slideshow=\"bbc4d26\" data-elementor-lightbox-title=\"inaugura\u00e7\u00e3o refeit\u00f3rio r23 porto alto (21)\" data-e-action-hash=\"#elementor-action%3Aaction%3Dlightbox%26settings%3DeyJpZCI6NjU5MzIsInVybCI6Imh0dHBzOlwvXC93d3cuY20tYmVuYXZlbnRlLnB0XC93cC1jb250ZW50XC91cGxvYWRzXC8yMDI1XC8wMlwvaW5hdWd1cmFjYW8tcmVmZWl0b3Jpby1yMjMtcG9ydG8tYWx0by0yMS1zY2FsZWQuanBnIiwic2xpZGVzaG93IjoiYmJjNGQyNiJ9\">\n\t\t\t\t\t<div class=\"e-gallery-image elementor-gallery-item__image\" data-thumbnail=\"https:\/\/www.cm-benavente.pt\/wp-content\/uploads\/2025\/02\/inauguracao-refeitorio-r23-porto-alto-21-1024x666.jpg\" data-width=\"800\" data-height=\"520\" aria-label=\"\" role=\"img\" ><\/div>\n\t\t\t\t\t\t\t\t\t\t\t<div class=\"elementor-gallery-item__overlay\"><\/div>\n\t\t\t\t\t\t\t\t\t\t\t\t\t\t<\/a>\n\t\t\t\t\t\t\t<a class=\"e-gallery-item elementor-gallery-item elementor-animated-content\" href=\"https:\/\/www.cm-benavente.pt\/wp-content\/uploads\/2025\/02\/inauguracao-refeitorio-r23-porto-alto-22-scaled.jpg\" data-elementor-open-lightbox=\"yes\" data-elementor-lightbox-slideshow=\"bbc4d26\" data-elementor-lightbox-title=\"inaugura\u00e7\u00e3o refeit\u00f3rio r23 porto alto (22)\" data-e-action-hash=\"#elementor-action%3Aaction%3Dlightbox%26settings%3DeyJpZCI6NjU5MzMsInVybCI6Imh0dHBzOlwvXC93d3cuY20tYmVuYXZlbnRlLnB0XC93cC1jb250ZW50XC91cGxvYWRzXC8yMDI1XC8wMlwvaW5hdWd1cmFjYW8tcmVmZWl0b3Jpby1yMjMtcG9ydG8tYWx0by0yMi1zY2FsZWQuanBnIiwic2xpZGVzaG93IjoiYmJjNGQyNiJ9\">\n\t\t\t\t\t<div class=\"e-gallery-image elementor-gallery-item__image\" data-thumbnail=\"https:\/\/www.cm-benavente.pt\/wp-content\/uploads\/2025\/02\/inauguracao-refeitorio-r23-porto-alto-22-1024x658.jpg\" data-width=\"800\" data-height=\"514\" aria-label=\"\" role=\"img\" ><\/div>\n\t\t\t\t\t\t\t\t\t\t\t<div class=\"elementor-gallery-item__overlay\"><\/div>\n\t\t\t\t\t\t\t\t\t\t\t\t\t\t<\/a>\n\t\t\t\t\t\t\t<a class=\"e-gallery-item elementor-gallery-item elementor-animated-content\" href=\"https:\/\/www.cm-benavente.pt\/wp-content\/uploads\/2025\/02\/inauguracao-refeitorio-r23-porto-alto-23-scaled.jpg\" data-elementor-open-lightbox=\"yes\" data-elementor-lightbox-slideshow=\"bbc4d26\" data-elementor-lightbox-title=\"inaugura\u00e7\u00e3o refeit\u00f3rio r23 porto alto (23)\" data-e-action-hash=\"#elementor-action%3Aaction%3Dlightbox%26settings%3DeyJpZCI6NjU5MzQsInVybCI6Imh0dHBzOlwvXC93d3cuY20tYmVuYXZlbnRlLnB0XC93cC1jb250ZW50XC91cGxvYWRzXC8yMDI1XC8wMlwvaW5hdWd1cmFjYW8tcmVmZWl0b3Jpby1yMjMtcG9ydG8tYWx0by0yMy1zY2FsZWQuanBnIiwic2xpZGVzaG93IjoiYmJjNGQyNiJ9\">\n\t\t\t\t\t<div class=\"e-gallery-image elementor-gallery-item__image\" data-thumbnail=\"https:\/\/www.cm-benavente.pt\/wp-content\/uploads\/2025\/02\/inauguracao-refeitorio-r23-porto-alto-23-1024x582.jpg\" data-width=\"800\" data-height=\"455\" aria-label=\"\" role=\"img\" ><\/div>\n\t\t\t\t\t\t\t\t\t\t\t<div class=\"elementor-gallery-item__overlay\"><\/div>\n\t\t\t\t\t\t\t\t\t\t\t\t\t\t<\/a>\n\t\t\t\t\t\t\t<a class=\"e-gallery-item elementor-gallery-item elementor-animated-content\" href=\"https:\/\/www.cm-benavente.pt\/wp-content\/uploads\/2025\/02\/inauguracao-refeitorio-r23-porto-alto-24-scaled.jpg\" data-elementor-open-lightbox=\"yes\" data-elementor-lightbox-slideshow=\"bbc4d26\" data-elementor-lightbox-title=\"inaugura\u00e7\u00e3o refeit\u00f3rio r23 porto alto (24)\" data-e-action-hash=\"#elementor-action%3Aaction%3Dlightbox%26settings%3DeyJpZCI6NjU5MzUsInVybCI6Imh0dHBzOlwvXC93d3cuY20tYmVuYXZlbnRlLnB0XC93cC1jb250ZW50XC91cGxvYWRzXC8yMDI1XC8wMlwvaW5hdWd1cmFjYW8tcmVmZWl0b3Jpby1yMjMtcG9ydG8tYWx0by0yNC1zY2FsZWQuanBnIiwic2xpZGVzaG93IjoiYmJjNGQyNiJ9\">\n\t\t\t\t\t<div class=\"e-gallery-image elementor-gallery-item__image\" data-thumbnail=\"https:\/\/www.cm-benavente.pt\/wp-content\/uploads\/2025\/02\/inauguracao-refeitorio-r23-porto-alto-24-1024x702.jpg\" data-width=\"800\" data-height=\"548\" aria-label=\"\" role=\"img\" ><\/div>\n\t\t\t\t\t\t\t\t\t\t\t<div class=\"elementor-gallery-item__overlay\"><\/div>\n\t\t\t\t\t\t\t\t\t\t\t\t\t\t<\/a>\n\t\t\t\t\t\t\t<a class=\"e-gallery-item elementor-gallery-item elementor-animated-content\" href=\"https:\/\/www.cm-benavente.pt\/wp-content\/uploads\/2025\/02\/inauguracao-refeitorio-r23-porto-alto-25-scaled.jpg\" data-elementor-open-lightbox=\"yes\" data-elementor-lightbox-slideshow=\"bbc4d26\" data-elementor-lightbox-title=\"inaugura\u00e7\u00e3o refeit\u00f3rio r23 porto alto (25)\" data-e-action-hash=\"#elementor-action%3Aaction%3Dlightbox%26settings%3DeyJpZCI6NjU5MzYsInVybCI6Imh0dHBzOlwvXC93d3cuY20tYmVuYXZlbnRlLnB0XC93cC1jb250ZW50XC91cGxvYWRzXC8yMDI1XC8wMlwvaW5hdWd1cmFjYW8tcmVmZWl0b3Jpby1yMjMtcG9ydG8tYWx0by0yNS1zY2FsZWQuanBnIiwic2xpZGVzaG93IjoiYmJjNGQyNiJ9\">\n\t\t\t\t\t<div class=\"e-gallery-image elementor-gallery-item__image\" data-thumbnail=\"https:\/\/www.cm-benavente.pt\/wp-content\/uploads\/2025\/02\/inauguracao-refeitorio-r23-porto-alto-25-1024x516.jpg\" data-width=\"800\" data-height=\"403\" aria-label=\"\" role=\"img\" ><\/div>\n\t\t\t\t\t\t\t\t\t\t\t<div class=\"elementor-gallery-item__overlay\"><\/div>\n\t\t\t\t\t\t\t\t\t\t\t\t\t\t<\/a>\n\t\t\t\t\t\t\t<a class=\"e-gallery-item elementor-gallery-item elementor-animated-content\" href=\"https:\/\/www.cm-benavente.pt\/wp-content\/uploads\/2025\/02\/inauguracao-refeitorio-r23-porto-alto-26-scaled.jpg\" data-elementor-open-lightbox=\"yes\" data-elementor-lightbox-slideshow=\"bbc4d26\" data-elementor-lightbox-title=\"inaugura\u00e7\u00e3o refeit\u00f3rio r23 porto alto (26)\" data-e-action-hash=\"#elementor-action%3Aaction%3Dlightbox%26settings%3DeyJpZCI6NjU5MzcsInVybCI6Imh0dHBzOlwvXC93d3cuY20tYmVuYXZlbnRlLnB0XC93cC1jb250ZW50XC91cGxvYWRzXC8yMDI1XC8wMlwvaW5hdWd1cmFjYW8tcmVmZWl0b3Jpby1yMjMtcG9ydG8tYWx0by0yNi1zY2FsZWQuanBnIiwic2xpZGVzaG93IjoiYmJjNGQyNiJ9\">\n\t\t\t\t\t<div class=\"e-gallery-image elementor-gallery-item__image\" data-thumbnail=\"https:\/\/www.cm-benavente.pt\/wp-content\/uploads\/2025\/02\/inauguracao-refeitorio-r23-porto-alto-26-1024x664.jpg\" data-width=\"800\" data-height=\"519\" aria-label=\"\" role=\"img\" ><\/div>\n\t\t\t\t\t\t\t\t\t\t\t<div class=\"elementor-gallery-item__overlay\"><\/div>\n\t\t\t\t\t\t\t\t\t\t\t\t\t\t<\/a>\n\t\t\t\t\t\t\t<a class=\"e-gallery-item elementor-gallery-item elementor-animated-content\" href=\"https:\/\/www.cm-benavente.pt\/wp-content\/uploads\/2025\/02\/inauguracao-refeitorio-r23-porto-alto-27-scaled.jpg\" data-elementor-open-lightbox=\"yes\" data-elementor-lightbox-slideshow=\"bbc4d26\" data-elementor-lightbox-title=\"inaugura\u00e7\u00e3o refeit\u00f3rio r23 porto alto (27)\" data-e-action-hash=\"#elementor-action%3Aaction%3Dlightbox%26settings%3DeyJpZCI6NjU5MzgsInVybCI6Imh0dHBzOlwvXC93d3cuY20tYmVuYXZlbnRlLnB0XC93cC1jb250ZW50XC91cGxvYWRzXC8yMDI1XC8wMlwvaW5hdWd1cmFjYW8tcmVmZWl0b3Jpby1yMjMtcG9ydG8tYWx0by0yNy1zY2FsZWQuanBnIiwic2xpZGVzaG93IjoiYmJjNGQyNiJ9\">\n\t\t\t\t\t<div class=\"e-gallery-image elementor-gallery-item__image\" data-thumbnail=\"https:\/\/www.cm-benavente.pt\/wp-content\/uploads\/2025\/02\/inauguracao-refeitorio-r23-porto-alto-27-1024x591.jpg\" data-width=\"800\" data-height=\"462\" aria-label=\"\" role=\"img\" ><\/div>\n\t\t\t\t\t\t\t\t\t\t\t<div class=\"elementor-gallery-item__overlay\"><\/div>\n\t\t\t\t\t\t\t\t\t\t\t\t\t\t<\/a>\n\t\t\t\t\t\t\t<a class=\"e-gallery-item elementor-gallery-item elementor-animated-content\" href=\"https:\/\/www.cm-benavente.pt\/wp-content\/uploads\/2025\/02\/inauguracao-refeitorio-r23-porto-alto-28-scaled.jpg\" data-elementor-open-lightbox=\"yes\" data-elementor-lightbox-slideshow=\"bbc4d26\" data-elementor-lightbox-title=\"inaugura\u00e7\u00e3o refeit\u00f3rio r23 porto alto (28)\" data-e-action-hash=\"#elementor-action%3Aaction%3Dlightbox%26settings%3DeyJpZCI6NjU5MzksInVybCI6Imh0dHBzOlwvXC93d3cuY20tYmVuYXZlbnRlLnB0XC93cC1jb250ZW50XC91cGxvYWRzXC8yMDI1XC8wMlwvaW5hdWd1cmFjYW8tcmVmZWl0b3Jpby1yMjMtcG9ydG8tYWx0by0yOC1zY2FsZWQuanBnIiwic2xpZGVzaG93IjoiYmJjNGQyNiJ9\">\n\t\t\t\t\t<div class=\"e-gallery-image elementor-gallery-item__image\" data-thumbnail=\"https:\/\/www.cm-benavente.pt\/wp-content\/uploads\/2025\/02\/inauguracao-refeitorio-r23-porto-alto-28-1024x640.jpg\" data-width=\"800\" data-height=\"500\" aria-label=\"\" role=\"img\" ><\/div>\n\t\t\t\t\t\t\t\t\t\t\t<div class=\"elementor-gallery-item__overlay\"><\/div>\n\t\t\t\t\t\t\t\t\t\t\t\t\t\t<\/a>\n\t\t\t\t\t\t\t<a class=\"e-gallery-item elementor-gallery-item elementor-animated-content\" href=\"https:\/\/www.cm-benavente.pt\/wp-content\/uploads\/2025\/02\/inauguracao-refeitorio-r23-porto-alto-29-scaled.jpg\" data-elementor-open-lightbox=\"yes\" data-elementor-lightbox-slideshow=\"bbc4d26\" data-elementor-lightbox-title=\"inaugura\u00e7\u00e3o refeit\u00f3rio r23 porto alto (29)\" data-e-action-hash=\"#elementor-action%3Aaction%3Dlightbox%26settings%3DeyJpZCI6NjU5NDAsInVybCI6Imh0dHBzOlwvXC93d3cuY20tYmVuYXZlbnRlLnB0XC93cC1jb250ZW50XC91cGxvYWRzXC8yMDI1XC8wMlwvaW5hdWd1cmFjYW8tcmVmZWl0b3Jpby1yMjMtcG9ydG8tYWx0by0yOS1zY2FsZWQuanBnIiwic2xpZGVzaG93IjoiYmJjNGQyNiJ9\">\n\t\t\t\t\t<div class=\"e-gallery-image elementor-gallery-item__image\" data-thumbnail=\"https:\/\/www.cm-benavente.pt\/wp-content\/uploads\/2025\/02\/inauguracao-refeitorio-r23-porto-alto-29-1024x499.jpg\" data-width=\"800\" data-height=\"390\" aria-label=\"\" role=\"img\" ><\/div>\n\t\t\t\t\t\t\t\t\t\t\t<div class=\"elementor-gallery-item__overlay\"><\/div>\n\t\t\t\t\t\t\t\t\t\t\t\t\t\t<\/a>\n\t\t\t\t\t\t\t<a class=\"e-gallery-item elementor-gallery-item elementor-animated-content\" href=\"https:\/\/www.cm-benavente.pt\/wp-content\/uploads\/2025\/02\/inauguracao-refeitorio-r23-porto-alto-30-scaled.jpg\" data-elementor-open-lightbox=\"yes\" data-elementor-lightbox-slideshow=\"bbc4d26\" data-elementor-lightbox-title=\"inaugura\u00e7\u00e3o refeit\u00f3rio r23 porto alto (30)\" data-e-action-hash=\"#elementor-action%3Aaction%3Dlightbox%26settings%3DeyJpZCI6NjU5NDEsInVybCI6Imh0dHBzOlwvXC93d3cuY20tYmVuYXZlbnRlLnB0XC93cC1jb250ZW50XC91cGxvYWRzXC8yMDI1XC8wMlwvaW5hdWd1cmFjYW8tcmVmZWl0b3Jpby1yMjMtcG9ydG8tYWx0by0zMC1zY2FsZWQuanBnIiwic2xpZGVzaG93IjoiYmJjNGQyNiJ9\">\n\t\t\t\t\t<div class=\"e-gallery-image elementor-gallery-item__image\" data-thumbnail=\"https:\/\/www.cm-benavente.pt\/wp-content\/uploads\/2025\/02\/inauguracao-refeitorio-r23-porto-alto-30-1024x616.jpg\" data-width=\"800\" data-height=\"481\" aria-label=\"\" role=\"img\" ><\/div>\n\t\t\t\t\t\t\t\t\t\t\t<div class=\"elementor-gallery-item__overlay\"><\/div>\n\t\t\t\t\t\t\t\t\t\t\t\t\t\t<\/a>\n\t\t\t\t\t\t\t<a class=\"e-gallery-item elementor-gallery-item elementor-animated-content\" href=\"https:\/\/www.cm-benavente.pt\/wp-content\/uploads\/2025\/02\/inauguracao-refeitorio-r23-porto-alto-31-scaled.jpg\" data-elementor-open-lightbox=\"yes\" data-elementor-lightbox-slideshow=\"bbc4d26\" data-elementor-lightbox-title=\"inaugura\u00e7\u00e3o refeit\u00f3rio r23 porto alto (31)\" data-e-action-hash=\"#elementor-action%3Aaction%3Dlightbox%26settings%3DeyJpZCI6NjU5NDIsInVybCI6Imh0dHBzOlwvXC93d3cuY20tYmVuYXZlbnRlLnB0XC93cC1jb250ZW50XC91cGxvYWRzXC8yMDI1XC8wMlwvaW5hdWd1cmFjYW8tcmVmZWl0b3Jpby1yMjMtcG9ydG8tYWx0by0zMS1zY2FsZWQuanBnIiwic2xpZGVzaG93IjoiYmJjNGQyNiJ9\">\n\t\t\t\t\t<div class=\"e-gallery-image elementor-gallery-item__image\" data-thumbnail=\"https:\/\/www.cm-benavente.pt\/wp-content\/uploads\/2025\/02\/inauguracao-refeitorio-r23-porto-alto-31-1024x554.jpg\" data-width=\"800\" data-height=\"433\" aria-label=\"\" role=\"img\" ><\/div>\n\t\t\t\t\t\t\t\t\t\t\t<div class=\"elementor-gallery-item__overlay\"><\/div>\n\t\t\t\t\t\t\t\t\t\t\t\t\t\t<\/a>\n\t\t\t\t\t\t\t<a class=\"e-gallery-item elementor-gallery-item elementor-animated-content\" href=\"https:\/\/www.cm-benavente.pt\/wp-content\/uploads\/2025\/02\/inauguracao-refeitorio-r23-porto-alto-32-scaled.jpg\" data-elementor-open-lightbox=\"yes\" data-elementor-lightbox-slideshow=\"bbc4d26\" data-elementor-lightbox-title=\"inaugura\u00e7\u00e3o refeit\u00f3rio r23 porto alto (32)\" data-e-action-hash=\"#elementor-action%3Aaction%3Dlightbox%26settings%3DeyJpZCI6NjU5NDMsInVybCI6Imh0dHBzOlwvXC93d3cuY20tYmVuYXZlbnRlLnB0XC93cC1jb250ZW50XC91cGxvYWRzXC8yMDI1XC8wMlwvaW5hdWd1cmFjYW8tcmVmZWl0b3Jpby1yMjMtcG9ydG8tYWx0by0zMi1zY2FsZWQuanBnIiwic2xpZGVzaG93IjoiYmJjNGQyNiJ9\">\n\t\t\t\t\t<div class=\"e-gallery-image elementor-gallery-item__image\" data-thumbnail=\"https:\/\/www.cm-benavente.pt\/wp-content\/uploads\/2025\/02\/inauguracao-refeitorio-r23-porto-alto-32-1024x353.jpg\" data-width=\"800\" data-height=\"276\" aria-label=\"\" role=\"img\" ><\/div>\n\t\t\t\t\t\t\t\t\t\t\t<div class=\"elementor-gallery-item__overlay\"><\/div>\n\t\t\t\t\t\t\t\t\t\t\t\t\t\t<\/a>\n\t\t\t\t\t\t\t<a class=\"e-gallery-item elementor-gallery-item elementor-animated-content\" href=\"https:\/\/www.cm-benavente.pt\/wp-content\/uploads\/2025\/02\/inauguracao-refeitorio-r23-porto-alto-33-scaled.jpg\" data-elementor-open-lightbox=\"yes\" data-elementor-lightbox-slideshow=\"bbc4d26\" data-elementor-lightbox-title=\"inaugura\u00e7\u00e3o refeit\u00f3rio r23 porto alto (33)\" data-e-action-hash=\"#elementor-action%3Aaction%3Dlightbox%26settings%3DeyJpZCI6NjU5NDQsInVybCI6Imh0dHBzOlwvXC93d3cuY20tYmVuYXZlbnRlLnB0XC93cC1jb250ZW50XC91cGxvYWRzXC8yMDI1XC8wMlwvaW5hdWd1cmFjYW8tcmVmZWl0b3Jpby1yMjMtcG9ydG8tYWx0by0zMy1zY2FsZWQuanBnIiwic2xpZGVzaG93IjoiYmJjNGQyNiJ9\">\n\t\t\t\t\t<div class=\"e-gallery-image elementor-gallery-item__image\" data-thumbnail=\"https:\/\/www.cm-benavente.pt\/wp-content\/uploads\/2025\/02\/inauguracao-refeitorio-r23-porto-alto-33-1024x683.jpg\" data-width=\"800\" data-height=\"534\" aria-label=\"\" role=\"img\" ><\/div>\n\t\t\t\t\t\t\t\t\t\t\t<div class=\"elementor-gallery-item__overlay\"><\/div>\n\t\t\t\t\t\t\t\t\t\t\t\t\t\t<\/a>\n\t\t\t\t\t\t\t<a class=\"e-gallery-item elementor-gallery-item elementor-animated-content\" href=\"https:\/\/www.cm-benavente.pt\/wp-content\/uploads\/2025\/02\/inauguracao-refeitorio-r23-porto-alto-34-scaled.jpg\" data-elementor-open-lightbox=\"yes\" data-elementor-lightbox-slideshow=\"bbc4d26\" data-elementor-lightbox-title=\"inaugura\u00e7\u00e3o refeit\u00f3rio r23 porto alto (34)\" data-e-action-hash=\"#elementor-action%3Aaction%3Dlightbox%26settings%3DeyJpZCI6NjU5NDUsInVybCI6Imh0dHBzOlwvXC93d3cuY20tYmVuYXZlbnRlLnB0XC93cC1jb250ZW50XC91cGxvYWRzXC8yMDI1XC8wMlwvaW5hdWd1cmFjYW8tcmVmZWl0b3Jpby1yMjMtcG9ydG8tYWx0by0zNC1zY2FsZWQuanBnIiwic2xpZGVzaG93IjoiYmJjNGQyNiJ9\">\n\t\t\t\t\t<div class=\"e-gallery-image elementor-gallery-item__image\" data-thumbnail=\"https:\/\/www.cm-benavente.pt\/wp-content\/uploads\/2025\/02\/inauguracao-refeitorio-r23-porto-alto-34-1024x630.jpg\" data-width=\"800\" data-height=\"492\" aria-label=\"\" role=\"img\" ><\/div>\n\t\t\t\t\t\t\t\t\t\t\t<div class=\"elementor-gallery-item__overlay\"><\/div>\n\t\t\t\t\t\t\t\t\t\t\t\t\t\t<\/a>\n\t\t\t\t\t\t\t<a class=\"e-gallery-item elementor-gallery-item elementor-animated-content\" href=\"https:\/\/www.cm-benavente.pt\/wp-content\/uploads\/2025\/02\/inauguracao-refeitorio-r23-porto-alto-35-scaled.jpg\" data-elementor-open-lightbox=\"yes\" data-elementor-lightbox-slideshow=\"bbc4d26\" data-elementor-lightbox-title=\"inaugura\u00e7\u00e3o refeit\u00f3rio r23 porto alto (35)\" data-e-action-hash=\"#elementor-action%3Aaction%3Dlightbox%26settings%3DeyJpZCI6NjU5NDYsInVybCI6Imh0dHBzOlwvXC93d3cuY20tYmVuYXZlbnRlLnB0XC93cC1jb250ZW50XC91cGxvYWRzXC8yMDI1XC8wMlwvaW5hdWd1cmFjYW8tcmVmZWl0b3Jpby1yMjMtcG9ydG8tYWx0by0zNS1zY2FsZWQuanBnIiwic2xpZGVzaG93IjoiYmJjNGQyNiJ9\">\n\t\t\t\t\t<div class=\"e-gallery-image elementor-gallery-item__image\" data-thumbnail=\"https:\/\/www.cm-benavente.pt\/wp-content\/uploads\/2025\/02\/inauguracao-refeitorio-r23-porto-alto-35-1024x614.jpg\" data-width=\"800\" data-height=\"480\" aria-label=\"\" role=\"img\" ><\/div>\n\t\t\t\t\t\t\t\t\t\t\t<div class=\"elementor-gallery-item__overlay\"><\/div>\n\t\t\t\t\t\t\t\t\t\t\t\t\t\t<\/a>\n\t\t\t\t\t\t\t<a class=\"e-gallery-item elementor-gallery-item elementor-animated-content\" href=\"https:\/\/www.cm-benavente.pt\/wp-content\/uploads\/2025\/02\/inauguracao-refeitorio-r23-porto-alto-36-scaled.jpg\" data-elementor-open-lightbox=\"yes\" data-elementor-lightbox-slideshow=\"bbc4d26\" data-elementor-lightbox-title=\"inaugura\u00e7\u00e3o refeit\u00f3rio r23 porto alto (36)\" data-e-action-hash=\"#elementor-action%3Aaction%3Dlightbox%26settings%3DeyJpZCI6NjU5NDcsInVybCI6Imh0dHBzOlwvXC93d3cuY20tYmVuYXZlbnRlLnB0XC93cC1jb250ZW50XC91cGxvYWRzXC8yMDI1XC8wMlwvaW5hdWd1cmFjYW8tcmVmZWl0b3Jpby1yMjMtcG9ydG8tYWx0by0zNi1zY2FsZWQuanBnIiwic2xpZGVzaG93IjoiYmJjNGQyNiJ9\">\n\t\t\t\t\t<div class=\"e-gallery-image elementor-gallery-item__image\" data-thumbnail=\"https:\/\/www.cm-benavente.pt\/wp-content\/uploads\/2025\/02\/inauguracao-refeitorio-r23-porto-alto-36-1024x683.jpg\" data-width=\"800\" data-height=\"534\" aria-label=\"\" role=\"img\" ><\/div>\n\t\t\t\t\t\t\t\t\t\t\t<div class=\"elementor-gallery-item__overlay\"><\/div>\n\t\t\t\t\t\t\t\t\t\t\t\t\t\t<\/a>\n\t\t\t\t\t\t\t<a class=\"e-gallery-item elementor-gallery-item elementor-animated-content\" href=\"https:\/\/www.cm-benavente.pt\/wp-content\/uploads\/2025\/02\/inauguracao-refeitorio-r23-porto-alto-37-scaled.jpg\" data-elementor-open-lightbox=\"yes\" data-elementor-lightbox-slideshow=\"bbc4d26\" data-elementor-lightbox-title=\"inaugura\u00e7\u00e3o refeit\u00f3rio r23 porto alto (37)\" data-e-action-hash=\"#elementor-action%3Aaction%3Dlightbox%26settings%3DeyJpZCI6NjU5NDgsInVybCI6Imh0dHBzOlwvXC93d3cuY20tYmVuYXZlbnRlLnB0XC93cC1jb250ZW50XC91cGxvYWRzXC8yMDI1XC8wMlwvaW5hdWd1cmFjYW8tcmVmZWl0b3Jpby1yMjMtcG9ydG8tYWx0by0zNy1zY2FsZWQuanBnIiwic2xpZGVzaG93IjoiYmJjNGQyNiJ9\">\n\t\t\t\t\t<div class=\"e-gallery-image elementor-gallery-item__image\" data-thumbnail=\"https:\/\/www.cm-benavente.pt\/wp-content\/uploads\/2025\/02\/inauguracao-refeitorio-r23-porto-alto-37-1024x671.jpg\" data-width=\"800\" data-height=\"524\" aria-label=\"\" role=\"img\" ><\/div>\n\t\t\t\t\t\t\t\t\t\t\t<div class=\"elementor-gallery-item__overlay\"><\/div>\n\t\t\t\t\t\t\t\t\t\t\t\t\t\t<\/a>\n\t\t\t\t\t\t\t<a class=\"e-gallery-item elementor-gallery-item elementor-animated-content\" href=\"https:\/\/www.cm-benavente.pt\/wp-content\/uploads\/2025\/02\/inauguracao-refeitorio-r23-porto-alto-38-scaled.jpg\" data-elementor-open-lightbox=\"yes\" data-elementor-lightbox-slideshow=\"bbc4d26\" data-elementor-lightbox-title=\"inaugura\u00e7\u00e3o refeit\u00f3rio r23 porto alto (38)\" data-e-action-hash=\"#elementor-action%3Aaction%3Dlightbox%26settings%3DeyJpZCI6NjU5NDksInVybCI6Imh0dHBzOlwvXC93d3cuY20tYmVuYXZlbnRlLnB0XC93cC1jb250ZW50XC91cGxvYWRzXC8yMDI1XC8wMlwvaW5hdWd1cmFjYW8tcmVmZWl0b3Jpby1yMjMtcG9ydG8tYWx0by0zOC1zY2FsZWQuanBnIiwic2xpZGVzaG93IjoiYmJjNGQyNiJ9\">\n\t\t\t\t\t<div class=\"e-gallery-image elementor-gallery-item__image\" data-thumbnail=\"https:\/\/www.cm-benavente.pt\/wp-content\/uploads\/2025\/02\/inauguracao-refeitorio-r23-porto-alto-38-1024x683.jpg\" data-width=\"800\" data-height=\"534\" aria-label=\"\" role=\"img\" ><\/div>\n\t\t\t\t\t\t\t\t\t\t\t<div class=\"elementor-gallery-item__overlay\"><\/div>\n\t\t\t\t\t\t\t\t\t\t\t\t\t\t<\/a>\n\t\t\t\t\t\t\t<a class=\"e-gallery-item elementor-gallery-item elementor-animated-content\" href=\"https:\/\/www.cm-benavente.pt\/wp-content\/uploads\/2025\/02\/inauguracao-refeitorio-r23-porto-alto-39-scaled.jpg\" data-elementor-open-lightbox=\"yes\" data-elementor-lightbox-slideshow=\"bbc4d26\" data-elementor-lightbox-title=\"inaugura\u00e7\u00e3o refeit\u00f3rio r23 porto alto (39)\" data-e-action-hash=\"#elementor-action%3Aaction%3Dlightbox%26settings%3DeyJpZCI6NjU5NTAsInVybCI6Imh0dHBzOlwvXC93d3cuY20tYmVuYXZlbnRlLnB0XC93cC1jb250ZW50XC91cGxvYWRzXC8yMDI1XC8wMlwvaW5hdWd1cmFjYW8tcmVmZWl0b3Jpby1yMjMtcG9ydG8tYWx0by0zOS1zY2FsZWQuanBnIiwic2xpZGVzaG93IjoiYmJjNGQyNiJ9\">\n\t\t\t\t\t<div class=\"e-gallery-image elementor-gallery-item__image\" data-thumbnail=\"https:\/\/www.cm-benavente.pt\/wp-content\/uploads\/2025\/02\/inauguracao-refeitorio-r23-porto-alto-39-1024x683.jpg\" data-width=\"800\" data-height=\"534\" aria-label=\"\" role=\"img\" ><\/div>\n\t\t\t\t\t\t\t\t\t\t\t<div class=\"elementor-gallery-item__overlay\"><\/div>\n\t\t\t\t\t\t\t\t\t\t\t\t\t\t<\/a>\n\t\t\t\t\t\t\t<a class=\"e-gallery-item elementor-gallery-item elementor-animated-content\" href=\"https:\/\/www.cm-benavente.pt\/wp-content\/uploads\/2025\/02\/inauguracao-refeitorio-r23-porto-alto-40-scaled.jpg\" data-elementor-open-lightbox=\"yes\" data-elementor-lightbox-slideshow=\"bbc4d26\" data-elementor-lightbox-title=\"inaugura\u00e7\u00e3o refeit\u00f3rio r23 porto alto (40)\" data-e-action-hash=\"#elementor-action%3Aaction%3Dlightbox%26settings%3DeyJpZCI6NjU5NTEsInVybCI6Imh0dHBzOlwvXC93d3cuY20tYmVuYXZlbnRlLnB0XC93cC1jb250ZW50XC91cGxvYWRzXC8yMDI1XC8wMlwvaW5hdWd1cmFjYW8tcmVmZWl0b3Jpby1yMjMtcG9ydG8tYWx0by00MC1zY2FsZWQuanBnIiwic2xpZGVzaG93IjoiYmJjNGQyNiJ9\">\n\t\t\t\t\t<div class=\"e-gallery-image elementor-gallery-item__image\" data-thumbnail=\"https:\/\/www.cm-benavente.pt\/wp-content\/uploads\/2025\/02\/inauguracao-refeitorio-r23-porto-alto-40-1024x550.jpg\" data-width=\"800\" data-height=\"430\" aria-label=\"\" role=\"img\" ><\/div>\n\t\t\t\t\t\t\t\t\t\t\t<div class=\"elementor-gallery-item__overlay\"><\/div>\n\t\t\t\t\t\t\t\t\t\t\t\t\t\t<\/a>\n\t\t\t\t\t\t\t<a class=\"e-gallery-item elementor-gallery-item elementor-animated-content\" href=\"https:\/\/www.cm-benavente.pt\/wp-content\/uploads\/2025\/02\/inauguracao-refeitorio-r23-porto-alto-41-scaled.jpg\" data-elementor-open-lightbox=\"yes\" data-elementor-lightbox-slideshow=\"bbc4d26\" data-elementor-lightbox-title=\"inaugura\u00e7\u00e3o refeit\u00f3rio r23 porto alto (41)\" data-e-action-hash=\"#elementor-action%3Aaction%3Dlightbox%26settings%3DeyJpZCI6NjU5NTIsInVybCI6Imh0dHBzOlwvXC93d3cuY20tYmVuYXZlbnRlLnB0XC93cC1jb250ZW50XC91cGxvYWRzXC8yMDI1XC8wMlwvaW5hdWd1cmFjYW8tcmVmZWl0b3Jpby1yMjMtcG9ydG8tYWx0by00MS1zY2FsZWQuanBnIiwic2xpZGVzaG93IjoiYmJjNGQyNiJ9\">\n\t\t\t\t\t<div class=\"e-gallery-image elementor-gallery-item__image\" data-thumbnail=\"https:\/\/www.cm-benavente.pt\/wp-content\/uploads\/2025\/02\/inauguracao-refeitorio-r23-porto-alto-41-1024x436.jpg\" data-width=\"800\" data-height=\"341\" aria-label=\"\" role=\"img\" ><\/div>\n\t\t\t\t\t\t\t\t\t\t\t<div class=\"elementor-gallery-item__overlay\"><\/div>\n\t\t\t\t\t\t\t\t\t\t\t\t\t\t<\/a>\n\t\t\t\t\t\t\t<a class=\"e-gallery-item elementor-gallery-item elementor-animated-content\" href=\"https:\/\/www.cm-benavente.pt\/wp-content\/uploads\/2025\/02\/inauguracao-refeitorio-r23-porto-alto-42-scaled.jpg\" data-elementor-open-lightbox=\"yes\" data-elementor-lightbox-slideshow=\"bbc4d26\" data-elementor-lightbox-title=\"inaugura\u00e7\u00e3o refeit\u00f3rio r23 porto alto (42)\" data-e-action-hash=\"#elementor-action%3Aaction%3Dlightbox%26settings%3DeyJpZCI6NjU5NTMsInVybCI6Imh0dHBzOlwvXC93d3cuY20tYmVuYXZlbnRlLnB0XC93cC1jb250ZW50XC91cGxvYWRzXC8yMDI1XC8wMlwvaW5hdWd1cmFjYW8tcmVmZWl0b3Jpby1yMjMtcG9ydG8tYWx0by00Mi1zY2FsZWQuanBnIiwic2xpZGVzaG93IjoiYmJjNGQyNiJ9\">\n\t\t\t\t\t<div class=\"e-gallery-image elementor-gallery-item__image\" data-thumbnail=\"https:\/\/www.cm-benavente.pt\/wp-content\/uploads\/2025\/02\/inauguracao-refeitorio-r23-porto-alto-42-1024x415.jpg\" data-width=\"800\" data-height=\"324\" aria-label=\"\" role=\"img\" ><\/div>\n\t\t\t\t\t\t\t\t\t\t\t<div class=\"elementor-gallery-item__overlay\"><\/div>\n\t\t\t\t\t\t\t\t\t\t\t\t\t\t<\/a>\n\t\t\t\t\t\t\t<a class=\"e-gallery-item elementor-gallery-item elementor-animated-content\" href=\"https:\/\/www.cm-benavente.pt\/wp-content\/uploads\/2025\/02\/inauguracao-refeitorio-r23-porto-alto-43-scaled.jpg\" data-elementor-open-lightbox=\"yes\" data-elementor-lightbox-slideshow=\"bbc4d26\" data-elementor-lightbox-title=\"inaugura\u00e7\u00e3o refeit\u00f3rio r23 porto alto (43)\" data-e-action-hash=\"#elementor-action%3Aaction%3Dlightbox%26settings%3DeyJpZCI6NjU5NTQsInVybCI6Imh0dHBzOlwvXC93d3cuY20tYmVuYXZlbnRlLnB0XC93cC1jb250ZW50XC91cGxvYWRzXC8yMDI1XC8wMlwvaW5hdWd1cmFjYW8tcmVmZWl0b3Jpby1yMjMtcG9ydG8tYWx0by00My1zY2FsZWQuanBnIiwic2xpZGVzaG93IjoiYmJjNGQyNiJ9\">\n\t\t\t\t\t<div class=\"e-gallery-image elementor-gallery-item__image\" data-thumbnail=\"https:\/\/www.cm-benavente.pt\/wp-content\/uploads\/2025\/02\/inauguracao-refeitorio-r23-porto-alto-43-1024x535.jpg\" data-width=\"800\" data-height=\"418\" aria-label=\"\" role=\"img\" ><\/div>\n\t\t\t\t\t\t\t\t\t\t\t<div class=\"elementor-gallery-item__overlay\"><\/div>\n\t\t\t\t\t\t\t\t\t\t\t\t\t\t<\/a>\n\t\t\t\t\t\t\t<a class=\"e-gallery-item elementor-gallery-item elementor-animated-content\" href=\"https:\/\/www.cm-benavente.pt\/wp-content\/uploads\/2025\/02\/inauguracao-refeitorio-r23-porto-alto-44-scaled.jpg\" data-elementor-open-lightbox=\"yes\" data-elementor-lightbox-slideshow=\"bbc4d26\" data-elementor-lightbox-title=\"inaugura\u00e7\u00e3o refeit\u00f3rio r23 porto alto (44)\" data-e-action-hash=\"#elementor-action%3Aaction%3Dlightbox%26settings%3DeyJpZCI6NjU5NTUsInVybCI6Imh0dHBzOlwvXC93d3cuY20tYmVuYXZlbnRlLnB0XC93cC1jb250ZW50XC91cGxvYWRzXC8yMDI1XC8wMlwvaW5hdWd1cmFjYW8tcmVmZWl0b3Jpby1yMjMtcG9ydG8tYWx0by00NC1zY2FsZWQuanBnIiwic2xpZGVzaG93IjoiYmJjNGQyNiJ9\">\n\t\t\t\t\t<div class=\"e-gallery-image elementor-gallery-item__image\" data-thumbnail=\"https:\/\/www.cm-benavente.pt\/wp-content\/uploads\/2025\/02\/inauguracao-refeitorio-r23-porto-alto-44-1024x519.jpg\" data-width=\"800\" data-height=\"405\" aria-label=\"\" role=\"img\" ><\/div>\n\t\t\t\t\t\t\t\t\t\t\t<div class=\"elementor-gallery-item__overlay\"><\/div>\n\t\t\t\t\t\t\t\t\t\t\t\t\t\t<\/a>\n\t\t\t\t\t\t\t<a class=\"e-gallery-item elementor-gallery-item elementor-animated-content\" href=\"https:\/\/www.cm-benavente.pt\/wp-content\/uploads\/2025\/02\/inauguracao-refeitorio-r23-porto-alto-45-scaled.jpg\" data-elementor-open-lightbox=\"yes\" data-elementor-lightbox-slideshow=\"bbc4d26\" data-elementor-lightbox-title=\"inaugura\u00e7\u00e3o refeit\u00f3rio r23 porto alto (45)\" data-e-action-hash=\"#elementor-action%3Aaction%3Dlightbox%26settings%3DeyJpZCI6NjU5NTYsInVybCI6Imh0dHBzOlwvXC93d3cuY20tYmVuYXZlbnRlLnB0XC93cC1jb250ZW50XC91cGxvYWRzXC8yMDI1XC8wMlwvaW5hdWd1cmFjYW8tcmVmZWl0b3Jpby1yMjMtcG9ydG8tYWx0by00NS1zY2FsZWQuanBnIiwic2xpZGVzaG93IjoiYmJjNGQyNiJ9\">\n\t\t\t\t\t<div class=\"e-gallery-image elementor-gallery-item__image\" data-thumbnail=\"https:\/\/www.cm-benavente.pt\/wp-content\/uploads\/2025\/02\/inauguracao-refeitorio-r23-porto-alto-45-1024x478.jpg\" data-width=\"800\" data-height=\"373\" aria-label=\"\" role=\"img\" ><\/div>\n\t\t\t\t\t\t\t\t\t\t\t<div class=\"elementor-gallery-item__overlay\"><\/div>\n\t\t\t\t\t\t\t\t\t\t\t\t\t\t<\/a>\n\t\t\t\t\t\t\t<a class=\"e-gallery-item elementor-gallery-item elementor-animated-content\" href=\"https:\/\/www.cm-benavente.pt\/wp-content\/uploads\/2025\/02\/inauguracao-refeitorio-r23-porto-alto-46-scaled.jpg\" data-elementor-open-lightbox=\"yes\" data-elementor-lightbox-slideshow=\"bbc4d26\" data-elementor-lightbox-title=\"inaugura\u00e7\u00e3o refeit\u00f3rio r23 porto alto (46)\" data-e-action-hash=\"#elementor-action%3Aaction%3Dlightbox%26settings%3DeyJpZCI6NjU5NTcsInVybCI6Imh0dHBzOlwvXC93d3cuY20tYmVuYXZlbnRlLnB0XC93cC1jb250ZW50XC91cGxvYWRzXC8yMDI1XC8wMlwvaW5hdWd1cmFjYW8tcmVmZWl0b3Jpby1yMjMtcG9ydG8tYWx0by00Ni1zY2FsZWQuanBnIiwic2xpZGVzaG93IjoiYmJjNGQyNiJ9\">\n\t\t\t\t\t<div class=\"e-gallery-image elementor-gallery-item__image\" data-thumbnail=\"https:\/\/www.cm-benavente.pt\/wp-content\/uploads\/2025\/02\/inauguracao-refeitorio-r23-porto-alto-46-1024x596.jpg\" data-width=\"800\" data-height=\"466\" aria-label=\"\" role=\"img\" ><\/div>\n\t\t\t\t\t\t\t\t\t\t\t<div class=\"elementor-gallery-item__overlay\"><\/div>\n\t\t\t\t\t\t\t\t\t\t\t\t\t\t<\/a>\n\t\t\t\t\t\t\t<a class=\"e-gallery-item elementor-gallery-item elementor-animated-content\" href=\"https:\/\/www.cm-benavente.pt\/wp-content\/uploads\/2025\/02\/inauguracao-refeitorio-r23-porto-alto-47-scaled.jpg\" data-elementor-open-lightbox=\"yes\" data-elementor-lightbox-slideshow=\"bbc4d26\" data-elementor-lightbox-title=\"inaugura\u00e7\u00e3o refeit\u00f3rio r23 porto alto (47)\" data-e-action-hash=\"#elementor-action%3Aaction%3Dlightbox%26settings%3DeyJpZCI6NjU5NTgsInVybCI6Imh0dHBzOlwvXC93d3cuY20tYmVuYXZlbnRlLnB0XC93cC1jb250ZW50XC91cGxvYWRzXC8yMDI1XC8wMlwvaW5hdWd1cmFjYW8tcmVmZWl0b3Jpby1yMjMtcG9ydG8tYWx0by00Ny1zY2FsZWQuanBnIiwic2xpZGVzaG93IjoiYmJjNGQyNiJ9\">\n\t\t\t\t\t<div class=\"e-gallery-image elementor-gallery-item__image\" data-thumbnail=\"https:\/\/www.cm-benavente.pt\/wp-content\/uploads\/2025\/02\/inauguracao-refeitorio-r23-porto-alto-47-1024x412.jpg\" data-width=\"800\" data-height=\"322\" aria-label=\"\" role=\"img\" ><\/div>\n\t\t\t\t\t\t\t\t\t\t\t<div class=\"elementor-gallery-item__overlay\"><\/div>\n\t\t\t\t\t\t\t\t\t\t\t\t\t\t<\/a>\n\t\t\t\t\t\t\t<a class=\"e-gallery-item elementor-gallery-item elementor-animated-content\" href=\"https:\/\/www.cm-benavente.pt\/wp-content\/uploads\/2025\/02\/inauguracao-refeitorio-r23-porto-alto-48-scaled.jpg\" data-elementor-open-lightbox=\"yes\" data-elementor-lightbox-slideshow=\"bbc4d26\" data-elementor-lightbox-title=\"inaugura\u00e7\u00e3o refeit\u00f3rio r23 porto alto (48)\" data-e-action-hash=\"#elementor-action%3Aaction%3Dlightbox%26settings%3DeyJpZCI6NjU5NTksInVybCI6Imh0dHBzOlwvXC93d3cuY20tYmVuYXZlbnRlLnB0XC93cC1jb250ZW50XC91cGxvYWRzXC8yMDI1XC8wMlwvaW5hdWd1cmFjYW8tcmVmZWl0b3Jpby1yMjMtcG9ydG8tYWx0by00OC1zY2FsZWQuanBnIiwic2xpZGVzaG93IjoiYmJjNGQyNiJ9\">\n\t\t\t\t\t<div class=\"e-gallery-image elementor-gallery-item__image\" data-thumbnail=\"https:\/\/www.cm-benavente.pt\/wp-content\/uploads\/2025\/02\/inauguracao-refeitorio-r23-porto-alto-48-1024x648.jpg\" data-width=\"800\" data-height=\"506\" aria-label=\"\" role=\"img\" ><\/div>\n\t\t\t\t\t\t\t\t\t\t\t<div class=\"elementor-gallery-item__overlay\"><\/div>\n\t\t\t\t\t\t\t\t\t\t\t\t\t\t<\/a>\n\t\t\t\t\t<\/div>\n\t\t\t\t\t<\/div>\n\t\t\t\t<\/div>\n\t\t\t\t<div class=\"elementor-element elementor-element-faf9923 elementor-widget elementor-widget-video\" data-id=\"faf9923\" data-element_type=\"widget\" data-e-type=\"widget\" data-settings=\"{&quot;youtube_url&quot;:&quot;https:\\\/\\\/www.youtube.com\\\/watch?v=Q3sQyWHVq9Y&quot;,&quot;video_type&quot;:&quot;youtube&quot;,&quot;controls&quot;:&quot;yes&quot;}\" data-widget_type=\"video.default\">\n\t\t\t\t<div class=\"elementor-widget-container\">\n\t\t\t\t\t\t\t<div class=\"elementor-wrapper elementor-open-inline\">\n\t\t\t<div class=\"elementor-video\"><\/div>\t\t<\/div>\n\t\t\t\t\t\t<\/div>\n\t\t\t\t<\/div>\n\t\t\t\t\t<\/div>\n\t\t\t\t<\/div>\n\t\t\t\t<\/div>\n\t\t","protected":false},"excerpt":{"rendered":"<p>Ap\u00f3s o sucesso com a remodela\u00e7\u00e3o do refeit\u00f3rio escolar da C+S Duarte Lopes, em Benavente e com o refeit\u00f3rio da escola Jo\u00e3o Fernandes Pratas, em Samora Correia, foi a vez da escola b\u00e1sica 2,3 do Porto Alto receber o R23. <\/p>\n","protected":false},"author":3,"featured_media":65910,"comment_status":"closed","ping_status":"closed","sticky":false,"template":"","format":"standard","meta":{"_vp_format_video_url":"","_vp_image_focal_point":[],"footnotes":""},"categories":[554,518],"tags":[70,7,601,479,1434,250,1875,991],"class_list":["post-65909","post","type-post","status-publish","format-standard","has-post-thumbnail","hentry","category-educacao","category-municipio","tag-educacao","tag-escola","tag-inauguracao","tag-municipio-de-benavente","tag-nutricao","tag-porto-alto","tag-r23","tag-refeitorio"],"_links":{"self":[{"href":"https:\/\/www.cm-benavente.pt\/index.php\/wp-json\/wp\/v2\/posts\/65909","targetHints":{"allow":["GET"]}}],"collection":[{"href":"https:\/\/www.cm-benavente.pt\/index.php\/wp-json\/wp\/v2\/posts"}],"about":[{"href":"https:\/\/www.cm-benavente.pt\/index.php\/wp-json\/wp\/v2\/types\/post"}],"author":[{"embeddable":true,"href":"https:\/\/www.cm-benavente.pt\/index.php\/wp-json\/wp\/v2\/users\/3"}],"replies":[{"embeddable":true,"href":"https:\/\/www.cm-benavente.pt\/index.php\/wp-json\/wp\/v2\/comments?post=65909"}],"version-history":[{"count":13,"href":"https:\/\/www.cm-benavente.pt\/index.php\/wp-json\/wp\/v2\/posts\/65909\/revisions"}],"predecessor-version":[{"id":66212,"href":"https:\/\/www.cm-benavente.pt\/index.php\/wp-json\/wp\/v2\/posts\/65909\/revisions\/66212"}],"wp:featuredmedia":[{"embeddable":true,"href":"https:\/\/www.cm-benavente.pt\/index.php\/wp-json\/wp\/v2\/media\/65910"}],"wp:attachment":[{"href":"https:\/\/www.cm-benavente.pt\/index.php\/wp-json\/wp\/v2\/media?parent=65909"}],"wp:term":[{"taxonomy":"category","embeddable":true,"href":"https:\/\/www.cm-benavente.pt\/index.php\/wp-json\/wp\/v2\/categories?post=65909"},{"taxonomy":"post_tag","embeddable":true,"href":"https:\/\/www.cm-benavente.pt\/index.php\/wp-json\/wp\/v2\/tags?post=65909"}],"curies":[{"name":"wp","href":"https:\/\/api.w.org\/{rel}","templated":true}]}}