{"id":64620,"date":"2025-01-13T14:23:30","date_gmt":"2025-01-13T14:23:30","guid":{"rendered":"https:\/\/www.cm-benavente.pt\/?p=64620"},"modified":"2025-01-13T14:34:30","modified_gmt":"2025-01-13T14:34:30","slug":"gala-da-universidade-senior-comemorou-com-muito-entusiasmo-16-anos-de-vida","status":"publish","type":"post","link":"https:\/\/www.cm-benavente.pt\/index.php\/2025\/01\/13\/gala-da-universidade-senior-comemorou-com-muito-entusiasmo-16-anos-de-vida\/","title":{"rendered":"Gala da Universidade S\u00e9nior comemorou com muito entusiasmo 16 anos de vida"},"content":{"rendered":"\t\t<div data-elementor-type=\"wp-post\" data-elementor-id=\"64620\" class=\"elementor elementor-64620\" data-elementor-post-type=\"post\">\n\t\t\t\t<div class=\"elementor-element elementor-element-b48a523 e-flex e-con-boxed e-con e-parent\" data-id=\"b48a523\" data-element_type=\"container\" data-e-type=\"container\" data-settings=\"{&quot;tmea_shape_divider_top&quot;:&quot;none&quot;,&quot;tmea_shape_divider_bottom&quot;:&quot;none&quot;}\">\n\t\t\t\t\t<div class=\"e-con-inner\">\n\t\t\n\t\t<div class=\"elementor-element elementor-element-6df79a8 elementor-widget elementor-widget-text-editor\" data-id=\"6df79a8\" data-element_type=\"widget\" data-e-type=\"widget\" data-widget_type=\"text-editor.default\">\n\t\t\t\t<div class=\"elementor-widget-container\">\n\t\t\t\t\t\t\t\t\t<p>Uma Gala de anivers\u00e1rio muito participada onde professores e alunos da <strong>Universidade S\u00e9nior do Concelho de Benavente<\/strong> subiram ao palco do Centro Cultural de Samora Correia para exibir alguns talentos ensaiados durante as v\u00e1rias aulas.<\/p><p>De salientar a homenagem aos alunos com mais de 80 anos \u201cUma inspira\u00e7\u00e3o para Todos\u201d, bem como as atua\u00e7\u00f5es: gin\u00e1stica, da Prof\u00aa Lu\u00edsa Subtil; \u201cOs Oper\u00e1rios de Natal\u201d, da Prof\u00aa Isabel Cad\u00eancio; o teatro com o Prof. Domingos Lobo; o Folclore e Tradi\u00e7\u00f5es do Prof. Rog\u00e9rio Justino; a Tuna com a Prof\u00aa Ana Rita; o Cavaquinho do prof. Castanheiro; a Dan\u00e7a e Movimento com o prof. Paulo Geraldes e o desfile da disciplina de Costura Solid\u00e1ria da Prof\u00aa Laura Leal, que contou com a participa\u00e7\u00e3o de crian\u00e7as de uma turma da creche do Centro de Bem Estar Padre Tobias.<\/p><p>Este \u00e9 um projeto nascido no seio da <strong>Rede Social do Munic\u00edpio<\/strong> que conta com cerca de 340 alunos e 50 professores volunt\u00e1rios. O seu <strong>\u00d3rg\u00e3o de Gest\u00e3o \u00e9 composto pela Funda\u00e7\u00e3o Padre Tobias; pela C\u00e2mara Municipal de Benavente e por um representante das Juntas de Freguesia<\/strong>. A USCB tem <strong>tr\u00eas polos<\/strong> em funcionamento, coordenados localmente.<br \/>Uma for\u00e7a na Comunidade, a Universidade S\u00e9nior fomenta a uni\u00e3o, combate o isolamento, permitindo que se aprenda sempre e se realizem momentos de partilha e de amizade entre todos, alunos e professores.<\/p>\t\t\t\t\t\t\t\t<\/div>\n\t\t\t\t<\/div>\n\t\t\t\t<div class=\"elementor-element elementor-element-e7cd8e3 elementor-widget elementor-widget-gallery\" data-id=\"e7cd8e3\" data-element_type=\"widget\" data-e-type=\"widget\" data-settings=\"{&quot;columns&quot;:13,&quot;lazyload&quot;:&quot;yes&quot;,&quot;gallery_layout&quot;:&quot;grid&quot;,&quot;columns_tablet&quot;:2,&quot;columns_mobile&quot;:1,&quot;gap&quot;:{&quot;unit&quot;:&quot;px&quot;,&quot;size&quot;:10,&quot;sizes&quot;:[]},&quot;gap_widescreen&quot;:{&quot;unit&quot;:&quot;px&quot;,&quot;size&quot;:&quot;&quot;,&quot;sizes&quot;:[]},&quot;gap_laptop&quot;:{&quot;unit&quot;:&quot;px&quot;,&quot;size&quot;:10,&quot;sizes&quot;:[]},&quot;gap_tablet_extra&quot;:{&quot;unit&quot;:&quot;px&quot;,&quot;size&quot;:10,&quot;sizes&quot;:[]},&quot;gap_tablet&quot;:{&quot;unit&quot;:&quot;px&quot;,&quot;size&quot;:10,&quot;sizes&quot;:[]},&quot;gap_mobile_extra&quot;:{&quot;unit&quot;:&quot;px&quot;,&quot;size&quot;:10,&quot;sizes&quot;:[]},&quot;gap_mobile&quot;:{&quot;unit&quot;:&quot;px&quot;,&quot;size&quot;:10,&quot;sizes&quot;:[]},&quot;link_to&quot;:&quot;file&quot;,&quot;aspect_ratio&quot;:&quot;3:2&quot;,&quot;overlay_background&quot;:&quot;yes&quot;,&quot;content_hover_animation&quot;:&quot;fade-in&quot;}\" data-widget_type=\"gallery.default\">\n\t\t\t\t<div class=\"elementor-widget-container\">\n\t\t\t\t\t\t\t<div class=\"elementor-gallery__container\">\n\t\t\t\t\t\t\t<a class=\"e-gallery-item elementor-gallery-item elementor-animated-content\" href=\"https:\/\/www.cm-benavente.pt\/wp-content\/uploads\/2025\/01\/16-aniversario-universidade-senior-concelho-benavente-1-scaled.jpg\" data-elementor-open-lightbox=\"yes\" data-elementor-lightbox-slideshow=\"e7cd8e3\" data-elementor-lightbox-title=\"16 anivers\u00e1rio universidade s\u00e9nior concelho benavente (1)\" data-e-action-hash=\"#elementor-action%3Aaction%3Dlightbox%26settings%3DeyJpZCI6NjQ2MjMsInVybCI6Imh0dHBzOlwvXC93d3cuY20tYmVuYXZlbnRlLnB0XC93cC1jb250ZW50XC91cGxvYWRzXC8yMDI1XC8wMVwvMTYtYW5pdmVyc2FyaW8tdW5pdmVyc2lkYWRlLXNlbmlvci1jb25jZWxoby1iZW5hdmVudGUtMS1zY2FsZWQuanBnIiwic2xpZGVzaG93IjoiZTdjZDhlMyJ9\">\n\t\t\t\t\t<div class=\"e-gallery-image elementor-gallery-item__image\" data-thumbnail=\"https:\/\/www.cm-benavente.pt\/wp-content\/uploads\/2025\/01\/16-aniversario-universidade-senior-concelho-benavente-1-1024x683.jpg\" data-width=\"800\" data-height=\"534\" aria-label=\"\" role=\"img\" ><\/div>\n\t\t\t\t\t\t\t\t\t\t\t<div class=\"elementor-gallery-item__overlay\"><\/div>\n\t\t\t\t\t\t\t\t\t\t\t\t\t\t<\/a>\n\t\t\t\t\t\t\t<a class=\"e-gallery-item elementor-gallery-item elementor-animated-content\" href=\"https:\/\/www.cm-benavente.pt\/wp-content\/uploads\/2025\/01\/16-aniversario-universidade-senior-concelho-benavente-2-scaled.jpg\" data-elementor-open-lightbox=\"yes\" data-elementor-lightbox-slideshow=\"e7cd8e3\" data-elementor-lightbox-title=\"16 anivers\u00e1rio universidade s\u00e9nior concelho benavente (2)\" data-e-action-hash=\"#elementor-action%3Aaction%3Dlightbox%26settings%3DeyJpZCI6NjQ2MjQsInVybCI6Imh0dHBzOlwvXC93d3cuY20tYmVuYXZlbnRlLnB0XC93cC1jb250ZW50XC91cGxvYWRzXC8yMDI1XC8wMVwvMTYtYW5pdmVyc2FyaW8tdW5pdmVyc2lkYWRlLXNlbmlvci1jb25jZWxoby1iZW5hdmVudGUtMi1zY2FsZWQuanBnIiwic2xpZGVzaG93IjoiZTdjZDhlMyJ9\">\n\t\t\t\t\t<div class=\"e-gallery-image elementor-gallery-item__image\" data-thumbnail=\"https:\/\/www.cm-benavente.pt\/wp-content\/uploads\/2025\/01\/16-aniversario-universidade-senior-concelho-benavente-2-1024x573.jpg\" data-width=\"800\" data-height=\"448\" aria-label=\"\" role=\"img\" ><\/div>\n\t\t\t\t\t\t\t\t\t\t\t<div class=\"elementor-gallery-item__overlay\"><\/div>\n\t\t\t\t\t\t\t\t\t\t\t\t\t\t<\/a>\n\t\t\t\t\t\t\t<a class=\"e-gallery-item elementor-gallery-item elementor-animated-content\" href=\"https:\/\/www.cm-benavente.pt\/wp-content\/uploads\/2025\/01\/16-aniversario-universidade-senior-concelho-benavente-3-scaled.jpg\" data-elementor-open-lightbox=\"yes\" data-elementor-lightbox-slideshow=\"e7cd8e3\" data-elementor-lightbox-title=\"16 anivers\u00e1rio universidade s\u00e9nior concelho benavente (3)\" data-e-action-hash=\"#elementor-action%3Aaction%3Dlightbox%26settings%3DeyJpZCI6NjQ2MjUsInVybCI6Imh0dHBzOlwvXC93d3cuY20tYmVuYXZlbnRlLnB0XC93cC1jb250ZW50XC91cGxvYWRzXC8yMDI1XC8wMVwvMTYtYW5pdmVyc2FyaW8tdW5pdmVyc2lkYWRlLXNlbmlvci1jb25jZWxoby1iZW5hdmVudGUtMy1zY2FsZWQuanBnIiwic2xpZGVzaG93IjoiZTdjZDhlMyJ9\">\n\t\t\t\t\t<div class=\"e-gallery-image elementor-gallery-item__image\" data-thumbnail=\"https:\/\/www.cm-benavente.pt\/wp-content\/uploads\/2025\/01\/16-aniversario-universidade-senior-concelho-benavente-3-1024x506.jpg\" data-width=\"800\" data-height=\"395\" aria-label=\"\" role=\"img\" ><\/div>\n\t\t\t\t\t\t\t\t\t\t\t<div class=\"elementor-gallery-item__overlay\"><\/div>\n\t\t\t\t\t\t\t\t\t\t\t\t\t\t<\/a>\n\t\t\t\t\t\t\t<a class=\"e-gallery-item elementor-gallery-item elementor-animated-content\" href=\"https:\/\/www.cm-benavente.pt\/wp-content\/uploads\/2025\/01\/16-aniversario-universidade-senior-concelho-benavente-4-scaled.jpg\" data-elementor-open-lightbox=\"yes\" data-elementor-lightbox-slideshow=\"e7cd8e3\" data-elementor-lightbox-title=\"16 anivers\u00e1rio universidade s\u00e9nior concelho benavente (4)\" data-e-action-hash=\"#elementor-action%3Aaction%3Dlightbox%26settings%3DeyJpZCI6NjQ2MjYsInVybCI6Imh0dHBzOlwvXC93d3cuY20tYmVuYXZlbnRlLnB0XC93cC1jb250ZW50XC91cGxvYWRzXC8yMDI1XC8wMVwvMTYtYW5pdmVyc2FyaW8tdW5pdmVyc2lkYWRlLXNlbmlvci1jb25jZWxoby1iZW5hdmVudGUtNC1zY2FsZWQuanBnIiwic2xpZGVzaG93IjoiZTdjZDhlMyJ9\">\n\t\t\t\t\t<div class=\"e-gallery-image elementor-gallery-item__image\" data-thumbnail=\"https:\/\/www.cm-benavente.pt\/wp-content\/uploads\/2025\/01\/16-aniversario-universidade-senior-concelho-benavente-4-1024x615.jpg\" data-width=\"800\" data-height=\"480\" aria-label=\"\" role=\"img\" ><\/div>\n\t\t\t\t\t\t\t\t\t\t\t<div class=\"elementor-gallery-item__overlay\"><\/div>\n\t\t\t\t\t\t\t\t\t\t\t\t\t\t<\/a>\n\t\t\t\t\t\t\t<a class=\"e-gallery-item elementor-gallery-item elementor-animated-content\" href=\"https:\/\/www.cm-benavente.pt\/wp-content\/uploads\/2025\/01\/16-aniversario-universidade-senior-concelho-benavente-5-scaled.jpg\" data-elementor-open-lightbox=\"yes\" data-elementor-lightbox-slideshow=\"e7cd8e3\" data-elementor-lightbox-title=\"16 anivers\u00e1rio universidade s\u00e9nior concelho benavente (5)\" data-e-action-hash=\"#elementor-action%3Aaction%3Dlightbox%26settings%3DeyJpZCI6NjQ2MjcsInVybCI6Imh0dHBzOlwvXC93d3cuY20tYmVuYXZlbnRlLnB0XC93cC1jb250ZW50XC91cGxvYWRzXC8yMDI1XC8wMVwvMTYtYW5pdmVyc2FyaW8tdW5pdmVyc2lkYWRlLXNlbmlvci1jb25jZWxoby1iZW5hdmVudGUtNS1zY2FsZWQuanBnIiwic2xpZGVzaG93IjoiZTdjZDhlMyJ9\">\n\t\t\t\t\t<div class=\"e-gallery-image elementor-gallery-item__image\" data-thumbnail=\"https:\/\/www.cm-benavente.pt\/wp-content\/uploads\/2025\/01\/16-aniversario-universidade-senior-concelho-benavente-5-1024x639.jpg\" data-width=\"800\" data-height=\"499\" aria-label=\"\" role=\"img\" ><\/div>\n\t\t\t\t\t\t\t\t\t\t\t<div class=\"elementor-gallery-item__overlay\"><\/div>\n\t\t\t\t\t\t\t\t\t\t\t\t\t\t<\/a>\n\t\t\t\t\t\t\t<a class=\"e-gallery-item elementor-gallery-item elementor-animated-content\" href=\"https:\/\/www.cm-benavente.pt\/wp-content\/uploads\/2025\/01\/16-aniversario-universidade-senior-concelho-benavente-6-scaled.jpg\" data-elementor-open-lightbox=\"yes\" data-elementor-lightbox-slideshow=\"e7cd8e3\" data-elementor-lightbox-title=\"16 anivers\u00e1rio universidade s\u00e9nior concelho benavente (6)\" data-e-action-hash=\"#elementor-action%3Aaction%3Dlightbox%26settings%3DeyJpZCI6NjQ2MjgsInVybCI6Imh0dHBzOlwvXC93d3cuY20tYmVuYXZlbnRlLnB0XC93cC1jb250ZW50XC91cGxvYWRzXC8yMDI1XC8wMVwvMTYtYW5pdmVyc2FyaW8tdW5pdmVyc2lkYWRlLXNlbmlvci1jb25jZWxoby1iZW5hdmVudGUtNi1zY2FsZWQuanBnIiwic2xpZGVzaG93IjoiZTdjZDhlMyJ9\">\n\t\t\t\t\t<div class=\"e-gallery-image elementor-gallery-item__image\" data-thumbnail=\"https:\/\/www.cm-benavente.pt\/wp-content\/uploads\/2025\/01\/16-aniversario-universidade-senior-concelho-benavente-6-1024x575.jpg\" data-width=\"800\" data-height=\"449\" aria-label=\"\" role=\"img\" ><\/div>\n\t\t\t\t\t\t\t\t\t\t\t<div class=\"elementor-gallery-item__overlay\"><\/div>\n\t\t\t\t\t\t\t\t\t\t\t\t\t\t<\/a>\n\t\t\t\t\t\t\t<a class=\"e-gallery-item elementor-gallery-item elementor-animated-content\" href=\"https:\/\/www.cm-benavente.pt\/wp-content\/uploads\/2025\/01\/16-aniversario-universidade-senior-concelho-benavente-7-scaled.jpg\" data-elementor-open-lightbox=\"yes\" data-elementor-lightbox-slideshow=\"e7cd8e3\" data-elementor-lightbox-title=\"16 anivers\u00e1rio universidade s\u00e9nior concelho benavente (7)\" data-e-action-hash=\"#elementor-action%3Aaction%3Dlightbox%26settings%3DeyJpZCI6NjQ2MjksInVybCI6Imh0dHBzOlwvXC93d3cuY20tYmVuYXZlbnRlLnB0XC93cC1jb250ZW50XC91cGxvYWRzXC8yMDI1XC8wMVwvMTYtYW5pdmVyc2FyaW8tdW5pdmVyc2lkYWRlLXNlbmlvci1jb25jZWxoby1iZW5hdmVudGUtNy1zY2FsZWQuanBnIiwic2xpZGVzaG93IjoiZTdjZDhlMyJ9\">\n\t\t\t\t\t<div class=\"e-gallery-image elementor-gallery-item__image\" data-thumbnail=\"https:\/\/www.cm-benavente.pt\/wp-content\/uploads\/2025\/01\/16-aniversario-universidade-senior-concelho-benavente-7-1024x493.jpg\" data-width=\"800\" data-height=\"385\" aria-label=\"\" role=\"img\" ><\/div>\n\t\t\t\t\t\t\t\t\t\t\t<div class=\"elementor-gallery-item__overlay\"><\/div>\n\t\t\t\t\t\t\t\t\t\t\t\t\t\t<\/a>\n\t\t\t\t\t\t\t<a class=\"e-gallery-item elementor-gallery-item elementor-animated-content\" href=\"https:\/\/www.cm-benavente.pt\/wp-content\/uploads\/2025\/01\/16-aniversario-universidade-senior-concelho-benavente-8-scaled.jpg\" data-elementor-open-lightbox=\"yes\" data-elementor-lightbox-slideshow=\"e7cd8e3\" data-elementor-lightbox-title=\"16 anivers\u00e1rio universidade s\u00e9nior concelho benavente (8)\" data-e-action-hash=\"#elementor-action%3Aaction%3Dlightbox%26settings%3DeyJpZCI6NjQ2MzAsInVybCI6Imh0dHBzOlwvXC93d3cuY20tYmVuYXZlbnRlLnB0XC93cC1jb250ZW50XC91cGxvYWRzXC8yMDI1XC8wMVwvMTYtYW5pdmVyc2FyaW8tdW5pdmVyc2lkYWRlLXNlbmlvci1jb25jZWxoby1iZW5hdmVudGUtOC1zY2FsZWQuanBnIiwic2xpZGVzaG93IjoiZTdjZDhlMyJ9\">\n\t\t\t\t\t<div class=\"e-gallery-image elementor-gallery-item__image\" data-thumbnail=\"https:\/\/www.cm-benavente.pt\/wp-content\/uploads\/2025\/01\/16-aniversario-universidade-senior-concelho-benavente-8-1024x498.jpg\" data-width=\"800\" data-height=\"389\" aria-label=\"\" role=\"img\" ><\/div>\n\t\t\t\t\t\t\t\t\t\t\t<div class=\"elementor-gallery-item__overlay\"><\/div>\n\t\t\t\t\t\t\t\t\t\t\t\t\t\t<\/a>\n\t\t\t\t\t\t\t<a class=\"e-gallery-item elementor-gallery-item elementor-animated-content\" href=\"https:\/\/www.cm-benavente.pt\/wp-content\/uploads\/2025\/01\/16-aniversario-universidade-senior-concelho-benavente-9-scaled.jpg\" data-elementor-open-lightbox=\"yes\" data-elementor-lightbox-slideshow=\"e7cd8e3\" data-elementor-lightbox-title=\"16 anivers\u00e1rio universidade s\u00e9nior concelho benavente (9)\" data-e-action-hash=\"#elementor-action%3Aaction%3Dlightbox%26settings%3DeyJpZCI6NjQ2MzEsInVybCI6Imh0dHBzOlwvXC93d3cuY20tYmVuYXZlbnRlLnB0XC93cC1jb250ZW50XC91cGxvYWRzXC8yMDI1XC8wMVwvMTYtYW5pdmVyc2FyaW8tdW5pdmVyc2lkYWRlLXNlbmlvci1jb25jZWxoby1iZW5hdmVudGUtOS1zY2FsZWQuanBnIiwic2xpZGVzaG93IjoiZTdjZDhlMyJ9\">\n\t\t\t\t\t<div class=\"e-gallery-image elementor-gallery-item__image\" data-thumbnail=\"https:\/\/www.cm-benavente.pt\/wp-content\/uploads\/2025\/01\/16-aniversario-universidade-senior-concelho-benavente-9-1024x619.jpg\" data-width=\"800\" data-height=\"484\" aria-label=\"\" role=\"img\" ><\/div>\n\t\t\t\t\t\t\t\t\t\t\t<div class=\"elementor-gallery-item__overlay\"><\/div>\n\t\t\t\t\t\t\t\t\t\t\t\t\t\t<\/a>\n\t\t\t\t\t\t\t<a class=\"e-gallery-item elementor-gallery-item elementor-animated-content\" href=\"https:\/\/www.cm-benavente.pt\/wp-content\/uploads\/2025\/01\/16-aniversario-universidade-senior-concelho-benavente-10-scaled.jpg\" data-elementor-open-lightbox=\"yes\" data-elementor-lightbox-slideshow=\"e7cd8e3\" data-elementor-lightbox-title=\"16 anivers\u00e1rio universidade s\u00e9nior concelho benavente (10)\" data-e-action-hash=\"#elementor-action%3Aaction%3Dlightbox%26settings%3DeyJpZCI6NjQ2MzIsInVybCI6Imh0dHBzOlwvXC93d3cuY20tYmVuYXZlbnRlLnB0XC93cC1jb250ZW50XC91cGxvYWRzXC8yMDI1XC8wMVwvMTYtYW5pdmVyc2FyaW8tdW5pdmVyc2lkYWRlLXNlbmlvci1jb25jZWxoby1iZW5hdmVudGUtMTAtc2NhbGVkLmpwZyIsInNsaWRlc2hvdyI6ImU3Y2Q4ZTMifQ%3D%3D\">\n\t\t\t\t\t<div class=\"e-gallery-image elementor-gallery-item__image\" data-thumbnail=\"https:\/\/www.cm-benavente.pt\/wp-content\/uploads\/2025\/01\/16-aniversario-universidade-senior-concelho-benavente-10-1024x570.jpg\" data-width=\"800\" data-height=\"445\" aria-label=\"\" role=\"img\" ><\/div>\n\t\t\t\t\t\t\t\t\t\t\t<div class=\"elementor-gallery-item__overlay\"><\/div>\n\t\t\t\t\t\t\t\t\t\t\t\t\t\t<\/a>\n\t\t\t\t\t\t\t<a class=\"e-gallery-item elementor-gallery-item elementor-animated-content\" href=\"https:\/\/www.cm-benavente.pt\/wp-content\/uploads\/2025\/01\/16-aniversario-universidade-senior-concelho-benavente-11-scaled.jpg\" data-elementor-open-lightbox=\"yes\" data-elementor-lightbox-slideshow=\"e7cd8e3\" data-elementor-lightbox-title=\"16 anivers\u00e1rio universidade s\u00e9nior concelho benavente (11)\" data-e-action-hash=\"#elementor-action%3Aaction%3Dlightbox%26settings%3DeyJpZCI6NjQ2MzMsInVybCI6Imh0dHBzOlwvXC93d3cuY20tYmVuYXZlbnRlLnB0XC93cC1jb250ZW50XC91cGxvYWRzXC8yMDI1XC8wMVwvMTYtYW5pdmVyc2FyaW8tdW5pdmVyc2lkYWRlLXNlbmlvci1jb25jZWxoby1iZW5hdmVudGUtMTEtc2NhbGVkLmpwZyIsInNsaWRlc2hvdyI6ImU3Y2Q4ZTMifQ%3D%3D\">\n\t\t\t\t\t<div class=\"e-gallery-image elementor-gallery-item__image\" data-thumbnail=\"https:\/\/www.cm-benavente.pt\/wp-content\/uploads\/2025\/01\/16-aniversario-universidade-senior-concelho-benavente-11-1024x560.jpg\" data-width=\"800\" data-height=\"438\" aria-label=\"\" role=\"img\" ><\/div>\n\t\t\t\t\t\t\t\t\t\t\t<div class=\"elementor-gallery-item__overlay\"><\/div>\n\t\t\t\t\t\t\t\t\t\t\t\t\t\t<\/a>\n\t\t\t\t\t\t\t<a class=\"e-gallery-item elementor-gallery-item elementor-animated-content\" href=\"https:\/\/www.cm-benavente.pt\/wp-content\/uploads\/2025\/01\/16-aniversario-universidade-senior-concelho-benavente-12-scaled.jpg\" data-elementor-open-lightbox=\"yes\" data-elementor-lightbox-slideshow=\"e7cd8e3\" data-elementor-lightbox-title=\"16 anivers\u00e1rio universidade s\u00e9nior concelho benavente (12)\" data-e-action-hash=\"#elementor-action%3Aaction%3Dlightbox%26settings%3DeyJpZCI6NjQ2MzQsInVybCI6Imh0dHBzOlwvXC93d3cuY20tYmVuYXZlbnRlLnB0XC93cC1jb250ZW50XC91cGxvYWRzXC8yMDI1XC8wMVwvMTYtYW5pdmVyc2FyaW8tdW5pdmVyc2lkYWRlLXNlbmlvci1jb25jZWxoby1iZW5hdmVudGUtMTItc2NhbGVkLmpwZyIsInNsaWRlc2hvdyI6ImU3Y2Q4ZTMifQ%3D%3D\">\n\t\t\t\t\t<div class=\"e-gallery-image elementor-gallery-item__image\" data-thumbnail=\"https:\/\/www.cm-benavente.pt\/wp-content\/uploads\/2025\/01\/16-aniversario-universidade-senior-concelho-benavente-12-1024x486.jpg\" data-width=\"800\" data-height=\"380\" aria-label=\"\" role=\"img\" ><\/div>\n\t\t\t\t\t\t\t\t\t\t\t<div class=\"elementor-gallery-item__overlay\"><\/div>\n\t\t\t\t\t\t\t\t\t\t\t\t\t\t<\/a>\n\t\t\t\t\t\t\t<a class=\"e-gallery-item elementor-gallery-item elementor-animated-content\" href=\"https:\/\/www.cm-benavente.pt\/wp-content\/uploads\/2025\/01\/16-aniversario-universidade-senior-concelho-benavente-13-scaled.jpg\" data-elementor-open-lightbox=\"yes\" data-elementor-lightbox-slideshow=\"e7cd8e3\" data-elementor-lightbox-title=\"16 anivers\u00e1rio universidade s\u00e9nior concelho benavente (13)\" data-e-action-hash=\"#elementor-action%3Aaction%3Dlightbox%26settings%3DeyJpZCI6NjQ2MzUsInVybCI6Imh0dHBzOlwvXC93d3cuY20tYmVuYXZlbnRlLnB0XC93cC1jb250ZW50XC91cGxvYWRzXC8yMDI1XC8wMVwvMTYtYW5pdmVyc2FyaW8tdW5pdmVyc2lkYWRlLXNlbmlvci1jb25jZWxoby1iZW5hdmVudGUtMTMtc2NhbGVkLmpwZyIsInNsaWRlc2hvdyI6ImU3Y2Q4ZTMifQ%3D%3D\">\n\t\t\t\t\t<div class=\"e-gallery-image elementor-gallery-item__image\" data-thumbnail=\"https:\/\/www.cm-benavente.pt\/wp-content\/uploads\/2025\/01\/16-aniversario-universidade-senior-concelho-benavente-13-1024x525.jpg\" data-width=\"800\" data-height=\"410\" aria-label=\"\" role=\"img\" ><\/div>\n\t\t\t\t\t\t\t\t\t\t\t<div class=\"elementor-gallery-item__overlay\"><\/div>\n\t\t\t\t\t\t\t\t\t\t\t\t\t\t<\/a>\n\t\t\t\t\t\t\t<a class=\"e-gallery-item elementor-gallery-item elementor-animated-content\" href=\"https:\/\/www.cm-benavente.pt\/wp-content\/uploads\/2025\/01\/16-aniversario-universidade-senior-concelho-benavente-14-scaled.jpg\" data-elementor-open-lightbox=\"yes\" data-elementor-lightbox-slideshow=\"e7cd8e3\" data-elementor-lightbox-title=\"16 anivers\u00e1rio universidade s\u00e9nior concelho benavente (14)\" data-e-action-hash=\"#elementor-action%3Aaction%3Dlightbox%26settings%3DeyJpZCI6NjQ2MzYsInVybCI6Imh0dHBzOlwvXC93d3cuY20tYmVuYXZlbnRlLnB0XC93cC1jb250ZW50XC91cGxvYWRzXC8yMDI1XC8wMVwvMTYtYW5pdmVyc2FyaW8tdW5pdmVyc2lkYWRlLXNlbmlvci1jb25jZWxoby1iZW5hdmVudGUtMTQtc2NhbGVkLmpwZyIsInNsaWRlc2hvdyI6ImU3Y2Q4ZTMifQ%3D%3D\">\n\t\t\t\t\t<div class=\"e-gallery-image elementor-gallery-item__image\" data-thumbnail=\"https:\/\/www.cm-benavente.pt\/wp-content\/uploads\/2025\/01\/16-aniversario-universidade-senior-concelho-benavente-14-1024x535.jpg\" data-width=\"800\" data-height=\"418\" aria-label=\"\" role=\"img\" ><\/div>\n\t\t\t\t\t\t\t\t\t\t\t<div class=\"elementor-gallery-item__overlay\"><\/div>\n\t\t\t\t\t\t\t\t\t\t\t\t\t\t<\/a>\n\t\t\t\t\t\t\t<a class=\"e-gallery-item elementor-gallery-item elementor-animated-content\" href=\"https:\/\/www.cm-benavente.pt\/wp-content\/uploads\/2025\/01\/16-aniversario-universidade-senior-concelho-benavente-15-scaled.jpg\" data-elementor-open-lightbox=\"yes\" data-elementor-lightbox-slideshow=\"e7cd8e3\" data-elementor-lightbox-title=\"16 anivers\u00e1rio universidade s\u00e9nior concelho benavente (15)\" data-e-action-hash=\"#elementor-action%3Aaction%3Dlightbox%26settings%3DeyJpZCI6NjQ2MzcsInVybCI6Imh0dHBzOlwvXC93d3cuY20tYmVuYXZlbnRlLnB0XC93cC1jb250ZW50XC91cGxvYWRzXC8yMDI1XC8wMVwvMTYtYW5pdmVyc2FyaW8tdW5pdmVyc2lkYWRlLXNlbmlvci1jb25jZWxoby1iZW5hdmVudGUtMTUtc2NhbGVkLmpwZyIsInNsaWRlc2hvdyI6ImU3Y2Q4ZTMifQ%3D%3D\">\n\t\t\t\t\t<div class=\"e-gallery-image elementor-gallery-item__image\" data-thumbnail=\"https:\/\/www.cm-benavente.pt\/wp-content\/uploads\/2025\/01\/16-aniversario-universidade-senior-concelho-benavente-15-1024x568.jpg\" data-width=\"800\" data-height=\"444\" aria-label=\"\" role=\"img\" ><\/div>\n\t\t\t\t\t\t\t\t\t\t\t<div class=\"elementor-gallery-item__overlay\"><\/div>\n\t\t\t\t\t\t\t\t\t\t\t\t\t\t<\/a>\n\t\t\t\t\t\t\t<a class=\"e-gallery-item elementor-gallery-item elementor-animated-content\" href=\"https:\/\/www.cm-benavente.pt\/wp-content\/uploads\/2025\/01\/16-aniversario-universidade-senior-concelho-benavente-16-scaled.jpg\" data-elementor-open-lightbox=\"yes\" data-elementor-lightbox-slideshow=\"e7cd8e3\" data-elementor-lightbox-title=\"16 anivers\u00e1rio universidade s\u00e9nior concelho benavente (16)\" data-e-action-hash=\"#elementor-action%3Aaction%3Dlightbox%26settings%3DeyJpZCI6NjQ2MzgsInVybCI6Imh0dHBzOlwvXC93d3cuY20tYmVuYXZlbnRlLnB0XC93cC1jb250ZW50XC91cGxvYWRzXC8yMDI1XC8wMVwvMTYtYW5pdmVyc2FyaW8tdW5pdmVyc2lkYWRlLXNlbmlvci1jb25jZWxoby1iZW5hdmVudGUtMTYtc2NhbGVkLmpwZyIsInNsaWRlc2hvdyI6ImU3Y2Q4ZTMifQ%3D%3D\">\n\t\t\t\t\t<div class=\"e-gallery-image elementor-gallery-item__image\" data-thumbnail=\"https:\/\/www.cm-benavente.pt\/wp-content\/uploads\/2025\/01\/16-aniversario-universidade-senior-concelho-benavente-16-1024x588.jpg\" data-width=\"800\" data-height=\"459\" aria-label=\"\" role=\"img\" ><\/div>\n\t\t\t\t\t\t\t\t\t\t\t<div class=\"elementor-gallery-item__overlay\"><\/div>\n\t\t\t\t\t\t\t\t\t\t\t\t\t\t<\/a>\n\t\t\t\t\t\t\t<a class=\"e-gallery-item elementor-gallery-item elementor-animated-content\" href=\"https:\/\/www.cm-benavente.pt\/wp-content\/uploads\/2025\/01\/16-aniversario-universidade-senior-concelho-benavente-17-scaled.jpg\" data-elementor-open-lightbox=\"yes\" data-elementor-lightbox-slideshow=\"e7cd8e3\" data-elementor-lightbox-title=\"16 anivers\u00e1rio universidade s\u00e9nior concelho benavente (17)\" data-e-action-hash=\"#elementor-action%3Aaction%3Dlightbox%26settings%3DeyJpZCI6NjQ2MzksInVybCI6Imh0dHBzOlwvXC93d3cuY20tYmVuYXZlbnRlLnB0XC93cC1jb250ZW50XC91cGxvYWRzXC8yMDI1XC8wMVwvMTYtYW5pdmVyc2FyaW8tdW5pdmVyc2lkYWRlLXNlbmlvci1jb25jZWxoby1iZW5hdmVudGUtMTctc2NhbGVkLmpwZyIsInNsaWRlc2hvdyI6ImU3Y2Q4ZTMifQ%3D%3D\">\n\t\t\t\t\t<div class=\"e-gallery-image elementor-gallery-item__image\" data-thumbnail=\"https:\/\/www.cm-benavente.pt\/wp-content\/uploads\/2025\/01\/16-aniversario-universidade-senior-concelho-benavente-17-1024x612.jpg\" data-width=\"800\" data-height=\"478\" aria-label=\"\" role=\"img\" ><\/div>\n\t\t\t\t\t\t\t\t\t\t\t<div class=\"elementor-gallery-item__overlay\"><\/div>\n\t\t\t\t\t\t\t\t\t\t\t\t\t\t<\/a>\n\t\t\t\t\t\t\t<a class=\"e-gallery-item elementor-gallery-item elementor-animated-content\" href=\"https:\/\/www.cm-benavente.pt\/wp-content\/uploads\/2025\/01\/16-aniversario-universidade-senior-concelho-benavente-18-scaled.jpg\" data-elementor-open-lightbox=\"yes\" data-elementor-lightbox-slideshow=\"e7cd8e3\" data-elementor-lightbox-title=\"16 anivers\u00e1rio universidade s\u00e9nior concelho benavente (18)\" data-e-action-hash=\"#elementor-action%3Aaction%3Dlightbox%26settings%3DeyJpZCI6NjQ2NDAsInVybCI6Imh0dHBzOlwvXC93d3cuY20tYmVuYXZlbnRlLnB0XC93cC1jb250ZW50XC91cGxvYWRzXC8yMDI1XC8wMVwvMTYtYW5pdmVyc2FyaW8tdW5pdmVyc2lkYWRlLXNlbmlvci1jb25jZWxoby1iZW5hdmVudGUtMTgtc2NhbGVkLmpwZyIsInNsaWRlc2hvdyI6ImU3Y2Q4ZTMifQ%3D%3D\">\n\t\t\t\t\t<div class=\"e-gallery-image elementor-gallery-item__image\" data-thumbnail=\"https:\/\/www.cm-benavente.pt\/wp-content\/uploads\/2025\/01\/16-aniversario-universidade-senior-concelho-benavente-18-1024x508.jpg\" data-width=\"800\" data-height=\"397\" aria-label=\"\" role=\"img\" ><\/div>\n\t\t\t\t\t\t\t\t\t\t\t<div class=\"elementor-gallery-item__overlay\"><\/div>\n\t\t\t\t\t\t\t\t\t\t\t\t\t\t<\/a>\n\t\t\t\t\t\t\t<a class=\"e-gallery-item elementor-gallery-item elementor-animated-content\" href=\"https:\/\/www.cm-benavente.pt\/wp-content\/uploads\/2025\/01\/16-aniversario-universidade-senior-concelho-benavente-19-scaled.jpg\" data-elementor-open-lightbox=\"yes\" data-elementor-lightbox-slideshow=\"e7cd8e3\" data-elementor-lightbox-title=\"16 anivers\u00e1rio universidade s\u00e9nior concelho benavente (19)\" data-e-action-hash=\"#elementor-action%3Aaction%3Dlightbox%26settings%3DeyJpZCI6NjQ2NDEsInVybCI6Imh0dHBzOlwvXC93d3cuY20tYmVuYXZlbnRlLnB0XC93cC1jb250ZW50XC91cGxvYWRzXC8yMDI1XC8wMVwvMTYtYW5pdmVyc2FyaW8tdW5pdmVyc2lkYWRlLXNlbmlvci1jb25jZWxoby1iZW5hdmVudGUtMTktc2NhbGVkLmpwZyIsInNsaWRlc2hvdyI6ImU3Y2Q4ZTMifQ%3D%3D\">\n\t\t\t\t\t<div class=\"e-gallery-image elementor-gallery-item__image\" data-thumbnail=\"https:\/\/www.cm-benavente.pt\/wp-content\/uploads\/2025\/01\/16-aniversario-universidade-senior-concelho-benavente-19-1024x505.jpg\" data-width=\"800\" data-height=\"395\" aria-label=\"\" role=\"img\" ><\/div>\n\t\t\t\t\t\t\t\t\t\t\t<div class=\"elementor-gallery-item__overlay\"><\/div>\n\t\t\t\t\t\t\t\t\t\t\t\t\t\t<\/a>\n\t\t\t\t\t\t\t<a class=\"e-gallery-item elementor-gallery-item elementor-animated-content\" href=\"https:\/\/www.cm-benavente.pt\/wp-content\/uploads\/2025\/01\/16-aniversario-universidade-senior-concelho-benavente-20-scaled.jpg\" data-elementor-open-lightbox=\"yes\" data-elementor-lightbox-slideshow=\"e7cd8e3\" data-elementor-lightbox-title=\"16 anivers\u00e1rio universidade s\u00e9nior concelho benavente (20)\" data-e-action-hash=\"#elementor-action%3Aaction%3Dlightbox%26settings%3DeyJpZCI6NjQ2NDIsInVybCI6Imh0dHBzOlwvXC93d3cuY20tYmVuYXZlbnRlLnB0XC93cC1jb250ZW50XC91cGxvYWRzXC8yMDI1XC8wMVwvMTYtYW5pdmVyc2FyaW8tdW5pdmVyc2lkYWRlLXNlbmlvci1jb25jZWxoby1iZW5hdmVudGUtMjAtc2NhbGVkLmpwZyIsInNsaWRlc2hvdyI6ImU3Y2Q4ZTMifQ%3D%3D\">\n\t\t\t\t\t<div class=\"e-gallery-image elementor-gallery-item__image\" data-thumbnail=\"https:\/\/www.cm-benavente.pt\/wp-content\/uploads\/2025\/01\/16-aniversario-universidade-senior-concelho-benavente-20-1024x546.jpg\" data-width=\"800\" data-height=\"427\" aria-label=\"\" role=\"img\" ><\/div>\n\t\t\t\t\t\t\t\t\t\t\t<div class=\"elementor-gallery-item__overlay\"><\/div>\n\t\t\t\t\t\t\t\t\t\t\t\t\t\t<\/a>\n\t\t\t\t\t\t\t<a class=\"e-gallery-item elementor-gallery-item elementor-animated-content\" href=\"https:\/\/www.cm-benavente.pt\/wp-content\/uploads\/2025\/01\/16-aniversario-universidade-senior-concelho-benavente-21-scaled.jpg\" data-elementor-open-lightbox=\"yes\" data-elementor-lightbox-slideshow=\"e7cd8e3\" data-elementor-lightbox-title=\"16 anivers\u00e1rio universidade s\u00e9nior concelho benavente (21)\" data-e-action-hash=\"#elementor-action%3Aaction%3Dlightbox%26settings%3DeyJpZCI6NjQ2NDMsInVybCI6Imh0dHBzOlwvXC93d3cuY20tYmVuYXZlbnRlLnB0XC93cC1jb250ZW50XC91cGxvYWRzXC8yMDI1XC8wMVwvMTYtYW5pdmVyc2FyaW8tdW5pdmVyc2lkYWRlLXNlbmlvci1jb25jZWxoby1iZW5hdmVudGUtMjEtc2NhbGVkLmpwZyIsInNsaWRlc2hvdyI6ImU3Y2Q4ZTMifQ%3D%3D\">\n\t\t\t\t\t<div class=\"e-gallery-image elementor-gallery-item__image\" data-thumbnail=\"https:\/\/www.cm-benavente.pt\/wp-content\/uploads\/2025\/01\/16-aniversario-universidade-senior-concelho-benavente-21-1024x602.jpg\" data-width=\"800\" data-height=\"470\" aria-label=\"\" role=\"img\" ><\/div>\n\t\t\t\t\t\t\t\t\t\t\t<div class=\"elementor-gallery-item__overlay\"><\/div>\n\t\t\t\t\t\t\t\t\t\t\t\t\t\t<\/a>\n\t\t\t\t\t\t\t<a class=\"e-gallery-item elementor-gallery-item elementor-animated-content\" href=\"https:\/\/www.cm-benavente.pt\/wp-content\/uploads\/2025\/01\/16-aniversario-universidade-senior-concelho-benavente-22-scaled.jpg\" data-elementor-open-lightbox=\"yes\" data-elementor-lightbox-slideshow=\"e7cd8e3\" data-elementor-lightbox-title=\"16 anivers\u00e1rio universidade s\u00e9nior concelho benavente (22)\" data-e-action-hash=\"#elementor-action%3Aaction%3Dlightbox%26settings%3DeyJpZCI6NjQ2NDQsInVybCI6Imh0dHBzOlwvXC93d3cuY20tYmVuYXZlbnRlLnB0XC93cC1jb250ZW50XC91cGxvYWRzXC8yMDI1XC8wMVwvMTYtYW5pdmVyc2FyaW8tdW5pdmVyc2lkYWRlLXNlbmlvci1jb25jZWxoby1iZW5hdmVudGUtMjItc2NhbGVkLmpwZyIsInNsaWRlc2hvdyI6ImU3Y2Q4ZTMifQ%3D%3D\">\n\t\t\t\t\t<div class=\"e-gallery-image elementor-gallery-item__image\" data-thumbnail=\"https:\/\/www.cm-benavente.pt\/wp-content\/uploads\/2025\/01\/16-aniversario-universidade-senior-concelho-benavente-22-1024x522.jpg\" data-width=\"800\" data-height=\"408\" aria-label=\"\" role=\"img\" ><\/div>\n\t\t\t\t\t\t\t\t\t\t\t<div class=\"elementor-gallery-item__overlay\"><\/div>\n\t\t\t\t\t\t\t\t\t\t\t\t\t\t<\/a>\n\t\t\t\t\t\t\t<a class=\"e-gallery-item elementor-gallery-item elementor-animated-content\" href=\"https:\/\/www.cm-benavente.pt\/wp-content\/uploads\/2025\/01\/16-aniversario-universidade-senior-concelho-benavente-23-scaled.jpg\" data-elementor-open-lightbox=\"yes\" data-elementor-lightbox-slideshow=\"e7cd8e3\" data-elementor-lightbox-title=\"16 anivers\u00e1rio universidade s\u00e9nior concelho benavente (23)\" data-e-action-hash=\"#elementor-action%3Aaction%3Dlightbox%26settings%3DeyJpZCI6NjQ2NDUsInVybCI6Imh0dHBzOlwvXC93d3cuY20tYmVuYXZlbnRlLnB0XC93cC1jb250ZW50XC91cGxvYWRzXC8yMDI1XC8wMVwvMTYtYW5pdmVyc2FyaW8tdW5pdmVyc2lkYWRlLXNlbmlvci1jb25jZWxoby1iZW5hdmVudGUtMjMtc2NhbGVkLmpwZyIsInNsaWRlc2hvdyI6ImU3Y2Q4ZTMifQ%3D%3D\">\n\t\t\t\t\t<div class=\"e-gallery-image elementor-gallery-item__image\" data-thumbnail=\"https:\/\/www.cm-benavente.pt\/wp-content\/uploads\/2025\/01\/16-aniversario-universidade-senior-concelho-benavente-23-1024x510.jpg\" data-width=\"800\" data-height=\"398\" aria-label=\"\" role=\"img\" ><\/div>\n\t\t\t\t\t\t\t\t\t\t\t<div class=\"elementor-gallery-item__overlay\"><\/div>\n\t\t\t\t\t\t\t\t\t\t\t\t\t\t<\/a>\n\t\t\t\t\t\t\t<a class=\"e-gallery-item elementor-gallery-item elementor-animated-content\" href=\"https:\/\/www.cm-benavente.pt\/wp-content\/uploads\/2025\/01\/16-aniversario-universidade-senior-concelho-benavente-24-scaled.jpg\" data-elementor-open-lightbox=\"yes\" data-elementor-lightbox-slideshow=\"e7cd8e3\" data-elementor-lightbox-title=\"16 anivers\u00e1rio universidade s\u00e9nior concelho benavente (24)\" data-e-action-hash=\"#elementor-action%3Aaction%3Dlightbox%26settings%3DeyJpZCI6NjQ2NDYsInVybCI6Imh0dHBzOlwvXC93d3cuY20tYmVuYXZlbnRlLnB0XC93cC1jb250ZW50XC91cGxvYWRzXC8yMDI1XC8wMVwvMTYtYW5pdmVyc2FyaW8tdW5pdmVyc2lkYWRlLXNlbmlvci1jb25jZWxoby1iZW5hdmVudGUtMjQtc2NhbGVkLmpwZyIsInNsaWRlc2hvdyI6ImU3Y2Q4ZTMifQ%3D%3D\">\n\t\t\t\t\t<div class=\"e-gallery-image elementor-gallery-item__image\" data-thumbnail=\"https:\/\/www.cm-benavente.pt\/wp-content\/uploads\/2025\/01\/16-aniversario-universidade-senior-concelho-benavente-24-1024x567.jpg\" data-width=\"800\" data-height=\"443\" aria-label=\"\" role=\"img\" ><\/div>\n\t\t\t\t\t\t\t\t\t\t\t<div class=\"elementor-gallery-item__overlay\"><\/div>\n\t\t\t\t\t\t\t\t\t\t\t\t\t\t<\/a>\n\t\t\t\t\t\t\t<a class=\"e-gallery-item elementor-gallery-item elementor-animated-content\" href=\"https:\/\/www.cm-benavente.pt\/wp-content\/uploads\/2025\/01\/16-aniversario-universidade-senior-concelho-benavente-25-scaled.jpg\" data-elementor-open-lightbox=\"yes\" data-elementor-lightbox-slideshow=\"e7cd8e3\" data-elementor-lightbox-title=\"16 anivers\u00e1rio universidade s\u00e9nior concelho benavente (25)\" data-e-action-hash=\"#elementor-action%3Aaction%3Dlightbox%26settings%3DeyJpZCI6NjQ2NDcsInVybCI6Imh0dHBzOlwvXC93d3cuY20tYmVuYXZlbnRlLnB0XC93cC1jb250ZW50XC91cGxvYWRzXC8yMDI1XC8wMVwvMTYtYW5pdmVyc2FyaW8tdW5pdmVyc2lkYWRlLXNlbmlvci1jb25jZWxoby1iZW5hdmVudGUtMjUtc2NhbGVkLmpwZyIsInNsaWRlc2hvdyI6ImU3Y2Q4ZTMifQ%3D%3D\">\n\t\t\t\t\t<div class=\"e-gallery-image elementor-gallery-item__image\" data-thumbnail=\"https:\/\/www.cm-benavente.pt\/wp-content\/uploads\/2025\/01\/16-aniversario-universidade-senior-concelho-benavente-25-1024x592.jpg\" data-width=\"800\" data-height=\"463\" aria-label=\"\" role=\"img\" ><\/div>\n\t\t\t\t\t\t\t\t\t\t\t<div class=\"elementor-gallery-item__overlay\"><\/div>\n\t\t\t\t\t\t\t\t\t\t\t\t\t\t<\/a>\n\t\t\t\t\t\t\t<a class=\"e-gallery-item elementor-gallery-item elementor-animated-content\" href=\"https:\/\/www.cm-benavente.pt\/wp-content\/uploads\/2025\/01\/16-aniversario-universidade-senior-concelho-benavente-26-scaled.jpg\" data-elementor-open-lightbox=\"yes\" data-elementor-lightbox-slideshow=\"e7cd8e3\" data-elementor-lightbox-title=\"16 anivers\u00e1rio universidade s\u00e9nior concelho benavente (26)\" data-e-action-hash=\"#elementor-action%3Aaction%3Dlightbox%26settings%3DeyJpZCI6NjQ2NDgsInVybCI6Imh0dHBzOlwvXC93d3cuY20tYmVuYXZlbnRlLnB0XC93cC1jb250ZW50XC91cGxvYWRzXC8yMDI1XC8wMVwvMTYtYW5pdmVyc2FyaW8tdW5pdmVyc2lkYWRlLXNlbmlvci1jb25jZWxoby1iZW5hdmVudGUtMjYtc2NhbGVkLmpwZyIsInNsaWRlc2hvdyI6ImU3Y2Q4ZTMifQ%3D%3D\">\n\t\t\t\t\t<div class=\"e-gallery-image elementor-gallery-item__image\" data-thumbnail=\"https:\/\/www.cm-benavente.pt\/wp-content\/uploads\/2025\/01\/16-aniversario-universidade-senior-concelho-benavente-26-1024x644.jpg\" data-width=\"800\" data-height=\"503\" aria-label=\"\" role=\"img\" ><\/div>\n\t\t\t\t\t\t\t\t\t\t\t<div class=\"elementor-gallery-item__overlay\"><\/div>\n\t\t\t\t\t\t\t\t\t\t\t\t\t\t<\/a>\n\t\t\t\t\t\t\t<a class=\"e-gallery-item elementor-gallery-item elementor-animated-content\" href=\"https:\/\/www.cm-benavente.pt\/wp-content\/uploads\/2025\/01\/16-aniversario-universidade-senior-concelho-benavente-27-scaled.jpg\" data-elementor-open-lightbox=\"yes\" data-elementor-lightbox-slideshow=\"e7cd8e3\" data-elementor-lightbox-title=\"16 anivers\u00e1rio universidade s\u00e9nior concelho benavente (27)\" data-e-action-hash=\"#elementor-action%3Aaction%3Dlightbox%26settings%3DeyJpZCI6NjQ2NDksInVybCI6Imh0dHBzOlwvXC93d3cuY20tYmVuYXZlbnRlLnB0XC93cC1jb250ZW50XC91cGxvYWRzXC8yMDI1XC8wMVwvMTYtYW5pdmVyc2FyaW8tdW5pdmVyc2lkYWRlLXNlbmlvci1jb25jZWxoby1iZW5hdmVudGUtMjctc2NhbGVkLmpwZyIsInNsaWRlc2hvdyI6ImU3Y2Q4ZTMifQ%3D%3D\">\n\t\t\t\t\t<div class=\"e-gallery-image elementor-gallery-item__image\" data-thumbnail=\"https:\/\/www.cm-benavente.pt\/wp-content\/uploads\/2025\/01\/16-aniversario-universidade-senior-concelho-benavente-27-1024x541.jpg\" data-width=\"800\" data-height=\"423\" aria-label=\"\" role=\"img\" ><\/div>\n\t\t\t\t\t\t\t\t\t\t\t<div class=\"elementor-gallery-item__overlay\"><\/div>\n\t\t\t\t\t\t\t\t\t\t\t\t\t\t<\/a>\n\t\t\t\t\t\t\t<a class=\"e-gallery-item elementor-gallery-item elementor-animated-content\" href=\"https:\/\/www.cm-benavente.pt\/wp-content\/uploads\/2025\/01\/16-aniversario-universidade-senior-concelho-benavente-28-scaled.jpg\" data-elementor-open-lightbox=\"yes\" data-elementor-lightbox-slideshow=\"e7cd8e3\" data-elementor-lightbox-title=\"16 anivers\u00e1rio universidade s\u00e9nior concelho benavente (28)\" data-e-action-hash=\"#elementor-action%3Aaction%3Dlightbox%26settings%3DeyJpZCI6NjQ2NTAsInVybCI6Imh0dHBzOlwvXC93d3cuY20tYmVuYXZlbnRlLnB0XC93cC1jb250ZW50XC91cGxvYWRzXC8yMDI1XC8wMVwvMTYtYW5pdmVyc2FyaW8tdW5pdmVyc2lkYWRlLXNlbmlvci1jb25jZWxoby1iZW5hdmVudGUtMjgtc2NhbGVkLmpwZyIsInNsaWRlc2hvdyI6ImU3Y2Q4ZTMifQ%3D%3D\">\n\t\t\t\t\t<div class=\"e-gallery-image elementor-gallery-item__image\" data-thumbnail=\"https:\/\/www.cm-benavente.pt\/wp-content\/uploads\/2025\/01\/16-aniversario-universidade-senior-concelho-benavente-28-1024x545.jpg\" data-width=\"800\" data-height=\"426\" aria-label=\"\" role=\"img\" ><\/div>\n\t\t\t\t\t\t\t\t\t\t\t<div class=\"elementor-gallery-item__overlay\"><\/div>\n\t\t\t\t\t\t\t\t\t\t\t\t\t\t<\/a>\n\t\t\t\t\t\t\t<a class=\"e-gallery-item elementor-gallery-item elementor-animated-content\" href=\"https:\/\/www.cm-benavente.pt\/wp-content\/uploads\/2025\/01\/16-aniversario-universidade-senior-concelho-benavente-29-scaled.jpg\" data-elementor-open-lightbox=\"yes\" data-elementor-lightbox-slideshow=\"e7cd8e3\" data-elementor-lightbox-title=\"16 anivers\u00e1rio universidade s\u00e9nior concelho benavente (29)\" data-e-action-hash=\"#elementor-action%3Aaction%3Dlightbox%26settings%3DeyJpZCI6NjQ2NTEsInVybCI6Imh0dHBzOlwvXC93d3cuY20tYmVuYXZlbnRlLnB0XC93cC1jb250ZW50XC91cGxvYWRzXC8yMDI1XC8wMVwvMTYtYW5pdmVyc2FyaW8tdW5pdmVyc2lkYWRlLXNlbmlvci1jb25jZWxoby1iZW5hdmVudGUtMjktc2NhbGVkLmpwZyIsInNsaWRlc2hvdyI6ImU3Y2Q4ZTMifQ%3D%3D\">\n\t\t\t\t\t<div class=\"e-gallery-image elementor-gallery-item__image\" data-thumbnail=\"https:\/\/www.cm-benavente.pt\/wp-content\/uploads\/2025\/01\/16-aniversario-universidade-senior-concelho-benavente-29-1024x619.jpg\" data-width=\"800\" data-height=\"484\" aria-label=\"\" role=\"img\" ><\/div>\n\t\t\t\t\t\t\t\t\t\t\t<div class=\"elementor-gallery-item__overlay\"><\/div>\n\t\t\t\t\t\t\t\t\t\t\t\t\t\t<\/a>\n\t\t\t\t\t\t\t<a class=\"e-gallery-item elementor-gallery-item elementor-animated-content\" href=\"https:\/\/www.cm-benavente.pt\/wp-content\/uploads\/2025\/01\/16-aniversario-universidade-senior-concelho-benavente-30-scaled.jpg\" data-elementor-open-lightbox=\"yes\" data-elementor-lightbox-slideshow=\"e7cd8e3\" data-elementor-lightbox-title=\"16 anivers\u00e1rio universidade s\u00e9nior concelho benavente (30)\" data-e-action-hash=\"#elementor-action%3Aaction%3Dlightbox%26settings%3DeyJpZCI6NjQ2NTIsInVybCI6Imh0dHBzOlwvXC93d3cuY20tYmVuYXZlbnRlLnB0XC93cC1jb250ZW50XC91cGxvYWRzXC8yMDI1XC8wMVwvMTYtYW5pdmVyc2FyaW8tdW5pdmVyc2lkYWRlLXNlbmlvci1jb25jZWxoby1iZW5hdmVudGUtMzAtc2NhbGVkLmpwZyIsInNsaWRlc2hvdyI6ImU3Y2Q4ZTMifQ%3D%3D\">\n\t\t\t\t\t<div class=\"e-gallery-image elementor-gallery-item__image\" data-thumbnail=\"https:\/\/www.cm-benavente.pt\/wp-content\/uploads\/2025\/01\/16-aniversario-universidade-senior-concelho-benavente-30-1024x488.jpg\" data-width=\"800\" data-height=\"381\" aria-label=\"\" role=\"img\" ><\/div>\n\t\t\t\t\t\t\t\t\t\t\t<div class=\"elementor-gallery-item__overlay\"><\/div>\n\t\t\t\t\t\t\t\t\t\t\t\t\t\t<\/a>\n\t\t\t\t\t\t\t<a class=\"e-gallery-item elementor-gallery-item elementor-animated-content\" href=\"https:\/\/www.cm-benavente.pt\/wp-content\/uploads\/2025\/01\/16-aniversario-universidade-senior-concelho-benavente-31-scaled.jpg\" data-elementor-open-lightbox=\"yes\" data-elementor-lightbox-slideshow=\"e7cd8e3\" data-elementor-lightbox-title=\"16 anivers\u00e1rio universidade s\u00e9nior concelho benavente (31)\" data-e-action-hash=\"#elementor-action%3Aaction%3Dlightbox%26settings%3DeyJpZCI6NjQ2NTMsInVybCI6Imh0dHBzOlwvXC93d3cuY20tYmVuYXZlbnRlLnB0XC93cC1jb250ZW50XC91cGxvYWRzXC8yMDI1XC8wMVwvMTYtYW5pdmVyc2FyaW8tdW5pdmVyc2lkYWRlLXNlbmlvci1jb25jZWxoby1iZW5hdmVudGUtMzEtc2NhbGVkLmpwZyIsInNsaWRlc2hvdyI6ImU3Y2Q4ZTMifQ%3D%3D\">\n\t\t\t\t\t<div class=\"e-gallery-image elementor-gallery-item__image\" data-thumbnail=\"https:\/\/www.cm-benavente.pt\/wp-content\/uploads\/2025\/01\/16-aniversario-universidade-senior-concelho-benavente-31-1024x667.jpg\" data-width=\"800\" data-height=\"521\" aria-label=\"\" role=\"img\" ><\/div>\n\t\t\t\t\t\t\t\t\t\t\t<div class=\"elementor-gallery-item__overlay\"><\/div>\n\t\t\t\t\t\t\t\t\t\t\t\t\t\t<\/a>\n\t\t\t\t\t\t\t<a class=\"e-gallery-item elementor-gallery-item elementor-animated-content\" href=\"https:\/\/www.cm-benavente.pt\/wp-content\/uploads\/2025\/01\/16-aniversario-universidade-senior-concelho-benavente-32-scaled.jpg\" data-elementor-open-lightbox=\"yes\" data-elementor-lightbox-slideshow=\"e7cd8e3\" data-elementor-lightbox-title=\"16 anivers\u00e1rio universidade s\u00e9nior concelho benavente (32)\" data-e-action-hash=\"#elementor-action%3Aaction%3Dlightbox%26settings%3DeyJpZCI6NjQ2NTQsInVybCI6Imh0dHBzOlwvXC93d3cuY20tYmVuYXZlbnRlLnB0XC93cC1jb250ZW50XC91cGxvYWRzXC8yMDI1XC8wMVwvMTYtYW5pdmVyc2FyaW8tdW5pdmVyc2lkYWRlLXNlbmlvci1jb25jZWxoby1iZW5hdmVudGUtMzItc2NhbGVkLmpwZyIsInNsaWRlc2hvdyI6ImU3Y2Q4ZTMifQ%3D%3D\">\n\t\t\t\t\t<div class=\"e-gallery-image elementor-gallery-item__image\" data-thumbnail=\"https:\/\/www.cm-benavente.pt\/wp-content\/uploads\/2025\/01\/16-aniversario-universidade-senior-concelho-benavente-32-1024x633.jpg\" data-width=\"800\" data-height=\"495\" aria-label=\"\" role=\"img\" ><\/div>\n\t\t\t\t\t\t\t\t\t\t\t<div class=\"elementor-gallery-item__overlay\"><\/div>\n\t\t\t\t\t\t\t\t\t\t\t\t\t\t<\/a>\n\t\t\t\t\t\t\t<a class=\"e-gallery-item elementor-gallery-item elementor-animated-content\" href=\"https:\/\/www.cm-benavente.pt\/wp-content\/uploads\/2025\/01\/16-aniversario-universidade-senior-concelho-benavente-33-scaled.jpg\" data-elementor-open-lightbox=\"yes\" data-elementor-lightbox-slideshow=\"e7cd8e3\" data-elementor-lightbox-title=\"16 anivers\u00e1rio universidade s\u00e9nior concelho benavente (33)\" data-e-action-hash=\"#elementor-action%3Aaction%3Dlightbox%26settings%3DeyJpZCI6NjQ2NTUsInVybCI6Imh0dHBzOlwvXC93d3cuY20tYmVuYXZlbnRlLnB0XC93cC1jb250ZW50XC91cGxvYWRzXC8yMDI1XC8wMVwvMTYtYW5pdmVyc2FyaW8tdW5pdmVyc2lkYWRlLXNlbmlvci1jb25jZWxoby1iZW5hdmVudGUtMzMtc2NhbGVkLmpwZyIsInNsaWRlc2hvdyI6ImU3Y2Q4ZTMifQ%3D%3D\">\n\t\t\t\t\t<div class=\"e-gallery-image elementor-gallery-item__image\" data-thumbnail=\"https:\/\/www.cm-benavente.pt\/wp-content\/uploads\/2025\/01\/16-aniversario-universidade-senior-concelho-benavente-33-1024x569.jpg\" data-width=\"800\" data-height=\"445\" aria-label=\"\" role=\"img\" ><\/div>\n\t\t\t\t\t\t\t\t\t\t\t<div class=\"elementor-gallery-item__overlay\"><\/div>\n\t\t\t\t\t\t\t\t\t\t\t\t\t\t<\/a>\n\t\t\t\t\t\t\t<a class=\"e-gallery-item elementor-gallery-item elementor-animated-content\" href=\"https:\/\/www.cm-benavente.pt\/wp-content\/uploads\/2025\/01\/16-aniversario-universidade-senior-concelho-benavente-34-scaled.jpg\" data-elementor-open-lightbox=\"yes\" data-elementor-lightbox-slideshow=\"e7cd8e3\" data-elementor-lightbox-title=\"16 anivers\u00e1rio universidade s\u00e9nior concelho benavente (34)\" data-e-action-hash=\"#elementor-action%3Aaction%3Dlightbox%26settings%3DeyJpZCI6NjQ2NTYsInVybCI6Imh0dHBzOlwvXC93d3cuY20tYmVuYXZlbnRlLnB0XC93cC1jb250ZW50XC91cGxvYWRzXC8yMDI1XC8wMVwvMTYtYW5pdmVyc2FyaW8tdW5pdmVyc2lkYWRlLXNlbmlvci1jb25jZWxoby1iZW5hdmVudGUtMzQtc2NhbGVkLmpwZyIsInNsaWRlc2hvdyI6ImU3Y2Q4ZTMifQ%3D%3D\">\n\t\t\t\t\t<div class=\"e-gallery-image elementor-gallery-item__image\" data-thumbnail=\"https:\/\/www.cm-benavente.pt\/wp-content\/uploads\/2025\/01\/16-aniversario-universidade-senior-concelho-benavente-34-1024x503.jpg\" data-width=\"800\" data-height=\"393\" aria-label=\"\" role=\"img\" ><\/div>\n\t\t\t\t\t\t\t\t\t\t\t<div class=\"elementor-gallery-item__overlay\"><\/div>\n\t\t\t\t\t\t\t\t\t\t\t\t\t\t<\/a>\n\t\t\t\t\t\t\t<a class=\"e-gallery-item elementor-gallery-item elementor-animated-content\" href=\"https:\/\/www.cm-benavente.pt\/wp-content\/uploads\/2025\/01\/16-aniversario-universidade-senior-concelho-benavente-35-scaled.jpg\" data-elementor-open-lightbox=\"yes\" data-elementor-lightbox-slideshow=\"e7cd8e3\" data-elementor-lightbox-title=\"16 anivers\u00e1rio universidade s\u00e9nior concelho benavente (35)\" data-e-action-hash=\"#elementor-action%3Aaction%3Dlightbox%26settings%3DeyJpZCI6NjQ2NTcsInVybCI6Imh0dHBzOlwvXC93d3cuY20tYmVuYXZlbnRlLnB0XC93cC1jb250ZW50XC91cGxvYWRzXC8yMDI1XC8wMVwvMTYtYW5pdmVyc2FyaW8tdW5pdmVyc2lkYWRlLXNlbmlvci1jb25jZWxoby1iZW5hdmVudGUtMzUtc2NhbGVkLmpwZyIsInNsaWRlc2hvdyI6ImU3Y2Q4ZTMifQ%3D%3D\">\n\t\t\t\t\t<div class=\"e-gallery-image elementor-gallery-item__image\" data-thumbnail=\"https:\/\/www.cm-benavente.pt\/wp-content\/uploads\/2025\/01\/16-aniversario-universidade-senior-concelho-benavente-35-1024x552.jpg\" data-width=\"800\" data-height=\"431\" aria-label=\"\" role=\"img\" ><\/div>\n\t\t\t\t\t\t\t\t\t\t\t<div class=\"elementor-gallery-item__overlay\"><\/div>\n\t\t\t\t\t\t\t\t\t\t\t\t\t\t<\/a>\n\t\t\t\t\t\t\t<a class=\"e-gallery-item elementor-gallery-item elementor-animated-content\" href=\"https:\/\/www.cm-benavente.pt\/wp-content\/uploads\/2025\/01\/16-aniversario-universidade-senior-concelho-benavente-36-scaled.jpg\" data-elementor-open-lightbox=\"yes\" data-elementor-lightbox-slideshow=\"e7cd8e3\" data-elementor-lightbox-title=\"16 anivers\u00e1rio universidade s\u00e9nior concelho benavente (36)\" data-e-action-hash=\"#elementor-action%3Aaction%3Dlightbox%26settings%3DeyJpZCI6NjQ2NTgsInVybCI6Imh0dHBzOlwvXC93d3cuY20tYmVuYXZlbnRlLnB0XC93cC1jb250ZW50XC91cGxvYWRzXC8yMDI1XC8wMVwvMTYtYW5pdmVyc2FyaW8tdW5pdmVyc2lkYWRlLXNlbmlvci1jb25jZWxoby1iZW5hdmVudGUtMzYtc2NhbGVkLmpwZyIsInNsaWRlc2hvdyI6ImU3Y2Q4ZTMifQ%3D%3D\">\n\t\t\t\t\t<div class=\"e-gallery-image elementor-gallery-item__image\" data-thumbnail=\"https:\/\/www.cm-benavente.pt\/wp-content\/uploads\/2025\/01\/16-aniversario-universidade-senior-concelho-benavente-36-1024x438.jpg\" data-width=\"800\" data-height=\"342\" aria-label=\"\" role=\"img\" ><\/div>\n\t\t\t\t\t\t\t\t\t\t\t<div class=\"elementor-gallery-item__overlay\"><\/div>\n\t\t\t\t\t\t\t\t\t\t\t\t\t\t<\/a>\n\t\t\t\t\t\t\t<a class=\"e-gallery-item elementor-gallery-item elementor-animated-content\" href=\"https:\/\/www.cm-benavente.pt\/wp-content\/uploads\/2025\/01\/16-aniversario-universidade-senior-concelho-benavente-37-scaled.jpg\" data-elementor-open-lightbox=\"yes\" data-elementor-lightbox-slideshow=\"e7cd8e3\" data-elementor-lightbox-title=\"16 anivers\u00e1rio universidade s\u00e9nior concelho benavente (37)\" data-e-action-hash=\"#elementor-action%3Aaction%3Dlightbox%26settings%3DeyJpZCI6NjQ2NTksInVybCI6Imh0dHBzOlwvXC93d3cuY20tYmVuYXZlbnRlLnB0XC93cC1jb250ZW50XC91cGxvYWRzXC8yMDI1XC8wMVwvMTYtYW5pdmVyc2FyaW8tdW5pdmVyc2lkYWRlLXNlbmlvci1jb25jZWxoby1iZW5hdmVudGUtMzctc2NhbGVkLmpwZyIsInNsaWRlc2hvdyI6ImU3Y2Q4ZTMifQ%3D%3D\">\n\t\t\t\t\t<div class=\"e-gallery-image elementor-gallery-item__image\" data-thumbnail=\"https:\/\/www.cm-benavente.pt\/wp-content\/uploads\/2025\/01\/16-aniversario-universidade-senior-concelho-benavente-37-1024x694.jpg\" data-width=\"800\" data-height=\"542\" aria-label=\"\" role=\"img\" ><\/div>\n\t\t\t\t\t\t\t\t\t\t\t<div class=\"elementor-gallery-item__overlay\"><\/div>\n\t\t\t\t\t\t\t\t\t\t\t\t\t\t<\/a>\n\t\t\t\t\t\t\t<a class=\"e-gallery-item elementor-gallery-item elementor-animated-content\" href=\"https:\/\/www.cm-benavente.pt\/wp-content\/uploads\/2025\/01\/16-aniversario-universidade-senior-concelho-benavente-38-scaled.jpg\" data-elementor-open-lightbox=\"yes\" data-elementor-lightbox-slideshow=\"e7cd8e3\" data-elementor-lightbox-title=\"16 anivers\u00e1rio universidade s\u00e9nior concelho benavente (38)\" data-e-action-hash=\"#elementor-action%3Aaction%3Dlightbox%26settings%3DeyJpZCI6NjQ2NjAsInVybCI6Imh0dHBzOlwvXC93d3cuY20tYmVuYXZlbnRlLnB0XC93cC1jb250ZW50XC91cGxvYWRzXC8yMDI1XC8wMVwvMTYtYW5pdmVyc2FyaW8tdW5pdmVyc2lkYWRlLXNlbmlvci1jb25jZWxoby1iZW5hdmVudGUtMzgtc2NhbGVkLmpwZyIsInNsaWRlc2hvdyI6ImU3Y2Q4ZTMifQ%3D%3D\">\n\t\t\t\t\t<div class=\"e-gallery-image elementor-gallery-item__image\" data-thumbnail=\"https:\/\/www.cm-benavente.pt\/wp-content\/uploads\/2025\/01\/16-aniversario-universidade-senior-concelho-benavente-38-1024x636.jpg\" data-width=\"800\" data-height=\"497\" aria-label=\"\" role=\"img\" ><\/div>\n\t\t\t\t\t\t\t\t\t\t\t<div class=\"elementor-gallery-item__overlay\"><\/div>\n\t\t\t\t\t\t\t\t\t\t\t\t\t\t<\/a>\n\t\t\t\t\t\t\t<a class=\"e-gallery-item elementor-gallery-item elementor-animated-content\" href=\"https:\/\/www.cm-benavente.pt\/wp-content\/uploads\/2025\/01\/16-aniversario-universidade-senior-concelho-benavente-39-scaled.jpg\" data-elementor-open-lightbox=\"yes\" data-elementor-lightbox-slideshow=\"e7cd8e3\" data-elementor-lightbox-title=\"16 anivers\u00e1rio universidade s\u00e9nior concelho benavente (39)\" data-e-action-hash=\"#elementor-action%3Aaction%3Dlightbox%26settings%3DeyJpZCI6NjQ2NjEsInVybCI6Imh0dHBzOlwvXC93d3cuY20tYmVuYXZlbnRlLnB0XC93cC1jb250ZW50XC91cGxvYWRzXC8yMDI1XC8wMVwvMTYtYW5pdmVyc2FyaW8tdW5pdmVyc2lkYWRlLXNlbmlvci1jb25jZWxoby1iZW5hdmVudGUtMzktc2NhbGVkLmpwZyIsInNsaWRlc2hvdyI6ImU3Y2Q4ZTMifQ%3D%3D\">\n\t\t\t\t\t<div class=\"e-gallery-image elementor-gallery-item__image\" data-thumbnail=\"https:\/\/www.cm-benavente.pt\/wp-content\/uploads\/2025\/01\/16-aniversario-universidade-senior-concelho-benavente-39-1024x530.jpg\" data-width=\"800\" data-height=\"414\" aria-label=\"\" role=\"img\" ><\/div>\n\t\t\t\t\t\t\t\t\t\t\t<div class=\"elementor-gallery-item__overlay\"><\/div>\n\t\t\t\t\t\t\t\t\t\t\t\t\t\t<\/a>\n\t\t\t\t\t\t\t<a class=\"e-gallery-item elementor-gallery-item elementor-animated-content\" href=\"https:\/\/www.cm-benavente.pt\/wp-content\/uploads\/2025\/01\/16-aniversario-universidade-senior-concelho-benavente-40-scaled.jpg\" data-elementor-open-lightbox=\"yes\" data-elementor-lightbox-slideshow=\"e7cd8e3\" data-elementor-lightbox-title=\"16 anivers\u00e1rio universidade s\u00e9nior concelho benavente (40)\" data-e-action-hash=\"#elementor-action%3Aaction%3Dlightbox%26settings%3DeyJpZCI6NjQ2NjIsInVybCI6Imh0dHBzOlwvXC93d3cuY20tYmVuYXZlbnRlLnB0XC93cC1jb250ZW50XC91cGxvYWRzXC8yMDI1XC8wMVwvMTYtYW5pdmVyc2FyaW8tdW5pdmVyc2lkYWRlLXNlbmlvci1jb25jZWxoby1iZW5hdmVudGUtNDAtc2NhbGVkLmpwZyIsInNsaWRlc2hvdyI6ImU3Y2Q4ZTMifQ%3D%3D\">\n\t\t\t\t\t<div class=\"e-gallery-image elementor-gallery-item__image\" data-thumbnail=\"https:\/\/www.cm-benavente.pt\/wp-content\/uploads\/2025\/01\/16-aniversario-universidade-senior-concelho-benavente-40-1024x479.jpg\" data-width=\"800\" data-height=\"374\" aria-label=\"\" role=\"img\" ><\/div>\n\t\t\t\t\t\t\t\t\t\t\t<div class=\"elementor-gallery-item__overlay\"><\/div>\n\t\t\t\t\t\t\t\t\t\t\t\t\t\t<\/a>\n\t\t\t\t\t\t\t<a class=\"e-gallery-item elementor-gallery-item elementor-animated-content\" href=\"https:\/\/www.cm-benavente.pt\/wp-content\/uploads\/2025\/01\/16-aniversario-universidade-senior-concelho-benavente-41-scaled.jpg\" data-elementor-open-lightbox=\"yes\" data-elementor-lightbox-slideshow=\"e7cd8e3\" data-elementor-lightbox-title=\"16 anivers\u00e1rio universidade s\u00e9nior concelho benavente (41)\" data-e-action-hash=\"#elementor-action%3Aaction%3Dlightbox%26settings%3DeyJpZCI6NjQ2NjMsInVybCI6Imh0dHBzOlwvXC93d3cuY20tYmVuYXZlbnRlLnB0XC93cC1jb250ZW50XC91cGxvYWRzXC8yMDI1XC8wMVwvMTYtYW5pdmVyc2FyaW8tdW5pdmVyc2lkYWRlLXNlbmlvci1jb25jZWxoby1iZW5hdmVudGUtNDEtc2NhbGVkLmpwZyIsInNsaWRlc2hvdyI6ImU3Y2Q4ZTMifQ%3D%3D\">\n\t\t\t\t\t<div class=\"e-gallery-image elementor-gallery-item__image\" data-thumbnail=\"https:\/\/www.cm-benavente.pt\/wp-content\/uploads\/2025\/01\/16-aniversario-universidade-senior-concelho-benavente-41-1024x495.jpg\" data-width=\"800\" data-height=\"387\" aria-label=\"\" role=\"img\" ><\/div>\n\t\t\t\t\t\t\t\t\t\t\t<div class=\"elementor-gallery-item__overlay\"><\/div>\n\t\t\t\t\t\t\t\t\t\t\t\t\t\t<\/a>\n\t\t\t\t\t\t\t<a class=\"e-gallery-item elementor-gallery-item elementor-animated-content\" href=\"https:\/\/www.cm-benavente.pt\/wp-content\/uploads\/2025\/01\/16-aniversario-universidade-senior-concelho-benavente-42-scaled.jpg\" data-elementor-open-lightbox=\"yes\" data-elementor-lightbox-slideshow=\"e7cd8e3\" data-elementor-lightbox-title=\"16 anivers\u00e1rio universidade s\u00e9nior concelho benavente (42)\" data-e-action-hash=\"#elementor-action%3Aaction%3Dlightbox%26settings%3DeyJpZCI6NjQ2NjQsInVybCI6Imh0dHBzOlwvXC93d3cuY20tYmVuYXZlbnRlLnB0XC93cC1jb250ZW50XC91cGxvYWRzXC8yMDI1XC8wMVwvMTYtYW5pdmVyc2FyaW8tdW5pdmVyc2lkYWRlLXNlbmlvci1jb25jZWxoby1iZW5hdmVudGUtNDItc2NhbGVkLmpwZyIsInNsaWRlc2hvdyI6ImU3Y2Q4ZTMifQ%3D%3D\">\n\t\t\t\t\t<div class=\"e-gallery-image elementor-gallery-item__image\" data-thumbnail=\"https:\/\/www.cm-benavente.pt\/wp-content\/uploads\/2025\/01\/16-aniversario-universidade-senior-concelho-benavente-42-1024x587.jpg\" data-width=\"800\" data-height=\"459\" aria-label=\"\" role=\"img\" ><\/div>\n\t\t\t\t\t\t\t\t\t\t\t<div class=\"elementor-gallery-item__overlay\"><\/div>\n\t\t\t\t\t\t\t\t\t\t\t\t\t\t<\/a>\n\t\t\t\t\t\t\t<a class=\"e-gallery-item elementor-gallery-item elementor-animated-content\" href=\"https:\/\/www.cm-benavente.pt\/wp-content\/uploads\/2025\/01\/16-aniversario-universidade-senior-concelho-benavente-43-scaled.jpg\" data-elementor-open-lightbox=\"yes\" data-elementor-lightbox-slideshow=\"e7cd8e3\" data-elementor-lightbox-title=\"16 anivers\u00e1rio universidade s\u00e9nior concelho benavente (43)\" data-e-action-hash=\"#elementor-action%3Aaction%3Dlightbox%26settings%3DeyJpZCI6NjQ2NjUsInVybCI6Imh0dHBzOlwvXC93d3cuY20tYmVuYXZlbnRlLnB0XC93cC1jb250ZW50XC91cGxvYWRzXC8yMDI1XC8wMVwvMTYtYW5pdmVyc2FyaW8tdW5pdmVyc2lkYWRlLXNlbmlvci1jb25jZWxoby1iZW5hdmVudGUtNDMtc2NhbGVkLmpwZyIsInNsaWRlc2hvdyI6ImU3Y2Q4ZTMifQ%3D%3D\">\n\t\t\t\t\t<div class=\"e-gallery-image elementor-gallery-item__image\" data-thumbnail=\"https:\/\/www.cm-benavente.pt\/wp-content\/uploads\/2025\/01\/16-aniversario-universidade-senior-concelho-benavente-43-1024x580.jpg\" data-width=\"800\" data-height=\"453\" aria-label=\"\" role=\"img\" ><\/div>\n\t\t\t\t\t\t\t\t\t\t\t<div class=\"elementor-gallery-item__overlay\"><\/div>\n\t\t\t\t\t\t\t\t\t\t\t\t\t\t<\/a>\n\t\t\t\t\t\t\t<a class=\"e-gallery-item elementor-gallery-item elementor-animated-content\" href=\"https:\/\/www.cm-benavente.pt\/wp-content\/uploads\/2025\/01\/16-aniversario-universidade-senior-concelho-benavente-44-scaled.jpg\" data-elementor-open-lightbox=\"yes\" data-elementor-lightbox-slideshow=\"e7cd8e3\" data-elementor-lightbox-title=\"16 anivers\u00e1rio universidade s\u00e9nior concelho benavente (44)\" data-e-action-hash=\"#elementor-action%3Aaction%3Dlightbox%26settings%3DeyJpZCI6NjQ2NjYsInVybCI6Imh0dHBzOlwvXC93d3cuY20tYmVuYXZlbnRlLnB0XC93cC1jb250ZW50XC91cGxvYWRzXC8yMDI1XC8wMVwvMTYtYW5pdmVyc2FyaW8tdW5pdmVyc2lkYWRlLXNlbmlvci1jb25jZWxoby1iZW5hdmVudGUtNDQtc2NhbGVkLmpwZyIsInNsaWRlc2hvdyI6ImU3Y2Q4ZTMifQ%3D%3D\">\n\t\t\t\t\t<div class=\"e-gallery-image elementor-gallery-item__image\" data-thumbnail=\"https:\/\/www.cm-benavente.pt\/wp-content\/uploads\/2025\/01\/16-aniversario-universidade-senior-concelho-benavente-44-1024x539.jpg\" data-width=\"800\" data-height=\"421\" aria-label=\"\" role=\"img\" ><\/div>\n\t\t\t\t\t\t\t\t\t\t\t<div class=\"elementor-gallery-item__overlay\"><\/div>\n\t\t\t\t\t\t\t\t\t\t\t\t\t\t<\/a>\n\t\t\t\t\t\t\t<a class=\"e-gallery-item elementor-gallery-item elementor-animated-content\" href=\"https:\/\/www.cm-benavente.pt\/wp-content\/uploads\/2025\/01\/16-aniversario-universidade-senior-concelho-benavente-45-scaled.jpg\" data-elementor-open-lightbox=\"yes\" data-elementor-lightbox-slideshow=\"e7cd8e3\" data-elementor-lightbox-title=\"16 anivers\u00e1rio universidade s\u00e9nior concelho benavente (45)\" data-e-action-hash=\"#elementor-action%3Aaction%3Dlightbox%26settings%3DeyJpZCI6NjQ2NjcsInVybCI6Imh0dHBzOlwvXC93d3cuY20tYmVuYXZlbnRlLnB0XC93cC1jb250ZW50XC91cGxvYWRzXC8yMDI1XC8wMVwvMTYtYW5pdmVyc2FyaW8tdW5pdmVyc2lkYWRlLXNlbmlvci1jb25jZWxoby1iZW5hdmVudGUtNDUtc2NhbGVkLmpwZyIsInNsaWRlc2hvdyI6ImU3Y2Q4ZTMifQ%3D%3D\">\n\t\t\t\t\t<div class=\"e-gallery-image elementor-gallery-item__image\" data-thumbnail=\"https:\/\/www.cm-benavente.pt\/wp-content\/uploads\/2025\/01\/16-aniversario-universidade-senior-concelho-benavente-45-1024x600.jpg\" data-width=\"800\" data-height=\"469\" aria-label=\"\" role=\"img\" ><\/div>\n\t\t\t\t\t\t\t\t\t\t\t<div class=\"elementor-gallery-item__overlay\"><\/div>\n\t\t\t\t\t\t\t\t\t\t\t\t\t\t<\/a>\n\t\t\t\t\t\t\t<a class=\"e-gallery-item elementor-gallery-item elementor-animated-content\" href=\"https:\/\/www.cm-benavente.pt\/wp-content\/uploads\/2025\/01\/16-aniversario-universidade-senior-concelho-benavente-46-scaled.jpg\" data-elementor-open-lightbox=\"yes\" data-elementor-lightbox-slideshow=\"e7cd8e3\" data-elementor-lightbox-title=\"16 anivers\u00e1rio universidade s\u00e9nior concelho benavente (46)\" data-e-action-hash=\"#elementor-action%3Aaction%3Dlightbox%26settings%3DeyJpZCI6NjQ2NjgsInVybCI6Imh0dHBzOlwvXC93d3cuY20tYmVuYXZlbnRlLnB0XC93cC1jb250ZW50XC91cGxvYWRzXC8yMDI1XC8wMVwvMTYtYW5pdmVyc2FyaW8tdW5pdmVyc2lkYWRlLXNlbmlvci1jb25jZWxoby1iZW5hdmVudGUtNDYtc2NhbGVkLmpwZyIsInNsaWRlc2hvdyI6ImU3Y2Q4ZTMifQ%3D%3D\">\n\t\t\t\t\t<div class=\"e-gallery-image elementor-gallery-item__image\" data-thumbnail=\"https:\/\/www.cm-benavente.pt\/wp-content\/uploads\/2025\/01\/16-aniversario-universidade-senior-concelho-benavente-46-1024x682.jpg\" data-width=\"800\" data-height=\"533\" aria-label=\"\" role=\"img\" ><\/div>\n\t\t\t\t\t\t\t\t\t\t\t<div class=\"elementor-gallery-item__overlay\"><\/div>\n\t\t\t\t\t\t\t\t\t\t\t\t\t\t<\/a>\n\t\t\t\t\t\t\t<a class=\"e-gallery-item elementor-gallery-item elementor-animated-content\" href=\"https:\/\/www.cm-benavente.pt\/wp-content\/uploads\/2025\/01\/16-aniversario-universidade-senior-concelho-benavente-47-scaled.jpg\" data-elementor-open-lightbox=\"yes\" data-elementor-lightbox-slideshow=\"e7cd8e3\" data-elementor-lightbox-title=\"16 anivers\u00e1rio universidade s\u00e9nior concelho benavente (47)\" data-e-action-hash=\"#elementor-action%3Aaction%3Dlightbox%26settings%3DeyJpZCI6NjQ2NjksInVybCI6Imh0dHBzOlwvXC93d3cuY20tYmVuYXZlbnRlLnB0XC93cC1jb250ZW50XC91cGxvYWRzXC8yMDI1XC8wMVwvMTYtYW5pdmVyc2FyaW8tdW5pdmVyc2lkYWRlLXNlbmlvci1jb25jZWxoby1iZW5hdmVudGUtNDctc2NhbGVkLmpwZyIsInNsaWRlc2hvdyI6ImU3Y2Q4ZTMifQ%3D%3D\">\n\t\t\t\t\t<div class=\"e-gallery-image elementor-gallery-item__image\" data-thumbnail=\"https:\/\/www.cm-benavente.pt\/wp-content\/uploads\/2025\/01\/16-aniversario-universidade-senior-concelho-benavente-47-1024x493.jpg\" data-width=\"800\" data-height=\"385\" aria-label=\"\" role=\"img\" ><\/div>\n\t\t\t\t\t\t\t\t\t\t\t<div class=\"elementor-gallery-item__overlay\"><\/div>\n\t\t\t\t\t\t\t\t\t\t\t\t\t\t<\/a>\n\t\t\t\t\t\t\t<a class=\"e-gallery-item elementor-gallery-item elementor-animated-content\" href=\"https:\/\/www.cm-benavente.pt\/wp-content\/uploads\/2025\/01\/16-aniversario-universidade-senior-concelho-benavente-48-scaled.jpg\" data-elementor-open-lightbox=\"yes\" data-elementor-lightbox-slideshow=\"e7cd8e3\" data-elementor-lightbox-title=\"16 anivers\u00e1rio universidade s\u00e9nior concelho benavente (48)\" data-e-action-hash=\"#elementor-action%3Aaction%3Dlightbox%26settings%3DeyJpZCI6NjQ2NzAsInVybCI6Imh0dHBzOlwvXC93d3cuY20tYmVuYXZlbnRlLnB0XC93cC1jb250ZW50XC91cGxvYWRzXC8yMDI1XC8wMVwvMTYtYW5pdmVyc2FyaW8tdW5pdmVyc2lkYWRlLXNlbmlvci1jb25jZWxoby1iZW5hdmVudGUtNDgtc2NhbGVkLmpwZyIsInNsaWRlc2hvdyI6ImU3Y2Q4ZTMifQ%3D%3D\">\n\t\t\t\t\t<div class=\"e-gallery-image elementor-gallery-item__image\" data-thumbnail=\"https:\/\/www.cm-benavente.pt\/wp-content\/uploads\/2025\/01\/16-aniversario-universidade-senior-concelho-benavente-48-1024x536.jpg\" data-width=\"800\" data-height=\"419\" aria-label=\"\" role=\"img\" ><\/div>\n\t\t\t\t\t\t\t\t\t\t\t<div class=\"elementor-gallery-item__overlay\"><\/div>\n\t\t\t\t\t\t\t\t\t\t\t\t\t\t<\/a>\n\t\t\t\t\t\t\t<a class=\"e-gallery-item elementor-gallery-item elementor-animated-content\" href=\"https:\/\/www.cm-benavente.pt\/wp-content\/uploads\/2025\/01\/16-aniversario-universidade-senior-concelho-benavente-49.jpg\" data-elementor-open-lightbox=\"yes\" data-elementor-lightbox-slideshow=\"e7cd8e3\" data-elementor-lightbox-title=\"16 anivers\u00e1rio universidade s\u00e9nior concelho benavente (49)\" data-e-action-hash=\"#elementor-action%3Aaction%3Dlightbox%26settings%3DeyJpZCI6NjQ2NzEsInVybCI6Imh0dHBzOlwvXC93d3cuY20tYmVuYXZlbnRlLnB0XC93cC1jb250ZW50XC91cGxvYWRzXC8yMDI1XC8wMVwvMTYtYW5pdmVyc2FyaW8tdW5pdmVyc2lkYWRlLXNlbmlvci1jb25jZWxoby1iZW5hdmVudGUtNDkuanBnIiwic2xpZGVzaG93IjoiZTdjZDhlMyJ9\">\n\t\t\t\t\t<div class=\"e-gallery-image elementor-gallery-item__image\" data-thumbnail=\"https:\/\/www.cm-benavente.pt\/wp-content\/uploads\/2025\/01\/16-aniversario-universidade-senior-concelho-benavente-49-1024x683.jpg\" data-width=\"800\" data-height=\"534\" aria-label=\"\" role=\"img\" ><\/div>\n\t\t\t\t\t\t\t\t\t\t\t<div class=\"elementor-gallery-item__overlay\"><\/div>\n\t\t\t\t\t\t\t\t\t\t\t\t\t\t<\/a>\n\t\t\t\t\t\t\t<a class=\"e-gallery-item elementor-gallery-item elementor-animated-content\" href=\"https:\/\/www.cm-benavente.pt\/wp-content\/uploads\/2025\/01\/16-aniversario-universidade-senior-concelho-benavente-50-scaled.jpg\" data-elementor-open-lightbox=\"yes\" data-elementor-lightbox-slideshow=\"e7cd8e3\" data-elementor-lightbox-title=\"16 anivers\u00e1rio universidade s\u00e9nior concelho benavente (50)\" data-e-action-hash=\"#elementor-action%3Aaction%3Dlightbox%26settings%3DeyJpZCI6NjQ2NzIsInVybCI6Imh0dHBzOlwvXC93d3cuY20tYmVuYXZlbnRlLnB0XC93cC1jb250ZW50XC91cGxvYWRzXC8yMDI1XC8wMVwvMTYtYW5pdmVyc2FyaW8tdW5pdmVyc2lkYWRlLXNlbmlvci1jb25jZWxoby1iZW5hdmVudGUtNTAtc2NhbGVkLmpwZyIsInNsaWRlc2hvdyI6ImU3Y2Q4ZTMifQ%3D%3D\">\n\t\t\t\t\t<div class=\"e-gallery-image elementor-gallery-item__image\" data-thumbnail=\"https:\/\/www.cm-benavente.pt\/wp-content\/uploads\/2025\/01\/16-aniversario-universidade-senior-concelho-benavente-50-1024x516.jpg\" data-width=\"800\" data-height=\"403\" aria-label=\"\" role=\"img\" ><\/div>\n\t\t\t\t\t\t\t\t\t\t\t<div class=\"elementor-gallery-item__overlay\"><\/div>\n\t\t\t\t\t\t\t\t\t\t\t\t\t\t<\/a>\n\t\t\t\t\t\t\t<a class=\"e-gallery-item elementor-gallery-item elementor-animated-content\" href=\"https:\/\/www.cm-benavente.pt\/wp-content\/uploads\/2025\/01\/16-aniversario-universidade-senior-concelho-benavente-51-scaled.jpg\" data-elementor-open-lightbox=\"yes\" data-elementor-lightbox-slideshow=\"e7cd8e3\" data-elementor-lightbox-title=\"16 anivers\u00e1rio universidade s\u00e9nior concelho benavente (51)\" data-e-action-hash=\"#elementor-action%3Aaction%3Dlightbox%26settings%3DeyJpZCI6NjQ2NzMsInVybCI6Imh0dHBzOlwvXC93d3cuY20tYmVuYXZlbnRlLnB0XC93cC1jb250ZW50XC91cGxvYWRzXC8yMDI1XC8wMVwvMTYtYW5pdmVyc2FyaW8tdW5pdmVyc2lkYWRlLXNlbmlvci1jb25jZWxoby1iZW5hdmVudGUtNTEtc2NhbGVkLmpwZyIsInNsaWRlc2hvdyI6ImU3Y2Q4ZTMifQ%3D%3D\">\n\t\t\t\t\t<div class=\"e-gallery-image elementor-gallery-item__image\" data-thumbnail=\"https:\/\/www.cm-benavente.pt\/wp-content\/uploads\/2025\/01\/16-aniversario-universidade-senior-concelho-benavente-51-1024x461.jpg\" data-width=\"800\" data-height=\"360\" aria-label=\"\" role=\"img\" ><\/div>\n\t\t\t\t\t\t\t\t\t\t\t<div class=\"elementor-gallery-item__overlay\"><\/div>\n\t\t\t\t\t\t\t\t\t\t\t\t\t\t<\/a>\n\t\t\t\t\t\t\t<a class=\"e-gallery-item elementor-gallery-item elementor-animated-content\" href=\"https:\/\/www.cm-benavente.pt\/wp-content\/uploads\/2025\/01\/16-aniversario-universidade-senior-concelho-benavente-52-scaled.jpg\" data-elementor-open-lightbox=\"yes\" data-elementor-lightbox-slideshow=\"e7cd8e3\" data-elementor-lightbox-title=\"16 anivers\u00e1rio universidade s\u00e9nior concelho benavente (52)\" data-e-action-hash=\"#elementor-action%3Aaction%3Dlightbox%26settings%3DeyJpZCI6NjQ2NzQsInVybCI6Imh0dHBzOlwvXC93d3cuY20tYmVuYXZlbnRlLnB0XC93cC1jb250ZW50XC91cGxvYWRzXC8yMDI1XC8wMVwvMTYtYW5pdmVyc2FyaW8tdW5pdmVyc2lkYWRlLXNlbmlvci1jb25jZWxoby1iZW5hdmVudGUtNTItc2NhbGVkLmpwZyIsInNsaWRlc2hvdyI6ImU3Y2Q4ZTMifQ%3D%3D\">\n\t\t\t\t\t<div class=\"e-gallery-image elementor-gallery-item__image\" data-thumbnail=\"https:\/\/www.cm-benavente.pt\/wp-content\/uploads\/2025\/01\/16-aniversario-universidade-senior-concelho-benavente-52-1024x617.jpg\" data-width=\"800\" data-height=\"482\" aria-label=\"\" role=\"img\" ><\/div>\n\t\t\t\t\t\t\t\t\t\t\t<div class=\"elementor-gallery-item__overlay\"><\/div>\n\t\t\t\t\t\t\t\t\t\t\t\t\t\t<\/a>\n\t\t\t\t\t\t\t<a class=\"e-gallery-item elementor-gallery-item elementor-animated-content\" href=\"https:\/\/www.cm-benavente.pt\/wp-content\/uploads\/2025\/01\/16-aniversario-universidade-senior-concelho-benavente-53-scaled.jpg\" data-elementor-open-lightbox=\"yes\" data-elementor-lightbox-slideshow=\"e7cd8e3\" data-elementor-lightbox-title=\"16 anivers\u00e1rio universidade s\u00e9nior concelho benavente (53)\" data-e-action-hash=\"#elementor-action%3Aaction%3Dlightbox%26settings%3DeyJpZCI6NjQ2NzUsInVybCI6Imh0dHBzOlwvXC93d3cuY20tYmVuYXZlbnRlLnB0XC93cC1jb250ZW50XC91cGxvYWRzXC8yMDI1XC8wMVwvMTYtYW5pdmVyc2FyaW8tdW5pdmVyc2lkYWRlLXNlbmlvci1jb25jZWxoby1iZW5hdmVudGUtNTMtc2NhbGVkLmpwZyIsInNsaWRlc2hvdyI6ImU3Y2Q4ZTMifQ%3D%3D\">\n\t\t\t\t\t<div class=\"e-gallery-image elementor-gallery-item__image\" data-thumbnail=\"https:\/\/www.cm-benavente.pt\/wp-content\/uploads\/2025\/01\/16-aniversario-universidade-senior-concelho-benavente-53-1024x617.jpg\" data-width=\"800\" data-height=\"482\" aria-label=\"\" role=\"img\" ><\/div>\n\t\t\t\t\t\t\t\t\t\t\t<div class=\"elementor-gallery-item__overlay\"><\/div>\n\t\t\t\t\t\t\t\t\t\t\t\t\t\t<\/a>\n\t\t\t\t\t\t\t<a class=\"e-gallery-item elementor-gallery-item elementor-animated-content\" href=\"https:\/\/www.cm-benavente.pt\/wp-content\/uploads\/2025\/01\/16-aniversario-universidade-senior-concelho-benavente-54-scaled.jpg\" data-elementor-open-lightbox=\"yes\" data-elementor-lightbox-slideshow=\"e7cd8e3\" data-elementor-lightbox-title=\"16 anivers\u00e1rio universidade s\u00e9nior concelho benavente (54)\" data-e-action-hash=\"#elementor-action%3Aaction%3Dlightbox%26settings%3DeyJpZCI6NjQ2NzYsInVybCI6Imh0dHBzOlwvXC93d3cuY20tYmVuYXZlbnRlLnB0XC93cC1jb250ZW50XC91cGxvYWRzXC8yMDI1XC8wMVwvMTYtYW5pdmVyc2FyaW8tdW5pdmVyc2lkYWRlLXNlbmlvci1jb25jZWxoby1iZW5hdmVudGUtNTQtc2NhbGVkLmpwZyIsInNsaWRlc2hvdyI6ImU3Y2Q4ZTMifQ%3D%3D\">\n\t\t\t\t\t<div class=\"e-gallery-image elementor-gallery-item__image\" data-thumbnail=\"https:\/\/www.cm-benavente.pt\/wp-content\/uploads\/2025\/01\/16-aniversario-universidade-senior-concelho-benavente-54-1024x594.jpg\" data-width=\"800\" data-height=\"464\" aria-label=\"\" role=\"img\" ><\/div>\n\t\t\t\t\t\t\t\t\t\t\t<div class=\"elementor-gallery-item__overlay\"><\/div>\n\t\t\t\t\t\t\t\t\t\t\t\t\t\t<\/a>\n\t\t\t\t\t\t\t<a class=\"e-gallery-item elementor-gallery-item elementor-animated-content\" href=\"https:\/\/www.cm-benavente.pt\/wp-content\/uploads\/2025\/01\/16-aniversario-universidade-senior-concelho-benavente-55-scaled.jpg\" data-elementor-open-lightbox=\"yes\" data-elementor-lightbox-slideshow=\"e7cd8e3\" data-elementor-lightbox-title=\"16 anivers\u00e1rio universidade s\u00e9nior concelho benavente (55)\" data-e-action-hash=\"#elementor-action%3Aaction%3Dlightbox%26settings%3DeyJpZCI6NjQ2NzcsInVybCI6Imh0dHBzOlwvXC93d3cuY20tYmVuYXZlbnRlLnB0XC93cC1jb250ZW50XC91cGxvYWRzXC8yMDI1XC8wMVwvMTYtYW5pdmVyc2FyaW8tdW5pdmVyc2lkYWRlLXNlbmlvci1jb25jZWxoby1iZW5hdmVudGUtNTUtc2NhbGVkLmpwZyIsInNsaWRlc2hvdyI6ImU3Y2Q4ZTMifQ%3D%3D\">\n\t\t\t\t\t<div class=\"e-gallery-image elementor-gallery-item__image\" data-thumbnail=\"https:\/\/www.cm-benavente.pt\/wp-content\/uploads\/2025\/01\/16-aniversario-universidade-senior-concelho-benavente-55-1024x635.jpg\" data-width=\"800\" data-height=\"496\" aria-label=\"\" role=\"img\" ><\/div>\n\t\t\t\t\t\t\t\t\t\t\t<div class=\"elementor-gallery-item__overlay\"><\/div>\n\t\t\t\t\t\t\t\t\t\t\t\t\t\t<\/a>\n\t\t\t\t\t\t\t<a class=\"e-gallery-item elementor-gallery-item elementor-animated-content\" href=\"https:\/\/www.cm-benavente.pt\/wp-content\/uploads\/2025\/01\/16-aniversario-universidade-senior-concelho-benavente-56-scaled.jpg\" data-elementor-open-lightbox=\"yes\" data-elementor-lightbox-slideshow=\"e7cd8e3\" data-elementor-lightbox-title=\"16 anivers\u00e1rio universidade s\u00e9nior concelho benavente (56)\" data-e-action-hash=\"#elementor-action%3Aaction%3Dlightbox%26settings%3DeyJpZCI6NjQ2NzgsInVybCI6Imh0dHBzOlwvXC93d3cuY20tYmVuYXZlbnRlLnB0XC93cC1jb250ZW50XC91cGxvYWRzXC8yMDI1XC8wMVwvMTYtYW5pdmVyc2FyaW8tdW5pdmVyc2lkYWRlLXNlbmlvci1jb25jZWxoby1iZW5hdmVudGUtNTYtc2NhbGVkLmpwZyIsInNsaWRlc2hvdyI6ImU3Y2Q4ZTMifQ%3D%3D\">\n\t\t\t\t\t<div class=\"e-gallery-image elementor-gallery-item__image\" data-thumbnail=\"https:\/\/www.cm-benavente.pt\/wp-content\/uploads\/2025\/01\/16-aniversario-universidade-senior-concelho-benavente-56-1024x491.jpg\" data-width=\"800\" data-height=\"384\" aria-label=\"\" role=\"img\" ><\/div>\n\t\t\t\t\t\t\t\t\t\t\t<div class=\"elementor-gallery-item__overlay\"><\/div>\n\t\t\t\t\t\t\t\t\t\t\t\t\t\t<\/a>\n\t\t\t\t\t\t\t<a class=\"e-gallery-item elementor-gallery-item elementor-animated-content\" href=\"https:\/\/www.cm-benavente.pt\/wp-content\/uploads\/2025\/01\/16-aniversario-universidade-senior-concelho-benavente-57-scaled.jpg\" data-elementor-open-lightbox=\"yes\" data-elementor-lightbox-slideshow=\"e7cd8e3\" data-elementor-lightbox-title=\"16 anivers\u00e1rio universidade s\u00e9nior concelho benavente (57)\" data-e-action-hash=\"#elementor-action%3Aaction%3Dlightbox%26settings%3DeyJpZCI6NjQ2NzksInVybCI6Imh0dHBzOlwvXC93d3cuY20tYmVuYXZlbnRlLnB0XC93cC1jb250ZW50XC91cGxvYWRzXC8yMDI1XC8wMVwvMTYtYW5pdmVyc2FyaW8tdW5pdmVyc2lkYWRlLXNlbmlvci1jb25jZWxoby1iZW5hdmVudGUtNTctc2NhbGVkLmpwZyIsInNsaWRlc2hvdyI6ImU3Y2Q4ZTMifQ%3D%3D\">\n\t\t\t\t\t<div class=\"e-gallery-image elementor-gallery-item__image\" data-thumbnail=\"https:\/\/www.cm-benavente.pt\/wp-content\/uploads\/2025\/01\/16-aniversario-universidade-senior-concelho-benavente-57-1024x683.jpg\" data-width=\"800\" data-height=\"534\" aria-label=\"\" role=\"img\" ><\/div>\n\t\t\t\t\t\t\t\t\t\t\t<div class=\"elementor-gallery-item__overlay\"><\/div>\n\t\t\t\t\t\t\t\t\t\t\t\t\t\t<\/a>\n\t\t\t\t\t\t\t<a class=\"e-gallery-item elementor-gallery-item elementor-animated-content\" href=\"https:\/\/www.cm-benavente.pt\/wp-content\/uploads\/2025\/01\/16-aniversario-universidade-senior-concelho-benavente-58-scaled.jpg\" data-elementor-open-lightbox=\"yes\" data-elementor-lightbox-slideshow=\"e7cd8e3\" data-elementor-lightbox-title=\"16 anivers\u00e1rio universidade s\u00e9nior concelho benavente (58)\" data-e-action-hash=\"#elementor-action%3Aaction%3Dlightbox%26settings%3DeyJpZCI6NjQ2ODAsInVybCI6Imh0dHBzOlwvXC93d3cuY20tYmVuYXZlbnRlLnB0XC93cC1jb250ZW50XC91cGxvYWRzXC8yMDI1XC8wMVwvMTYtYW5pdmVyc2FyaW8tdW5pdmVyc2lkYWRlLXNlbmlvci1jb25jZWxoby1iZW5hdmVudGUtNTgtc2NhbGVkLmpwZyIsInNsaWRlc2hvdyI6ImU3Y2Q4ZTMifQ%3D%3D\">\n\t\t\t\t\t<div class=\"e-gallery-image elementor-gallery-item__image\" data-thumbnail=\"https:\/\/www.cm-benavente.pt\/wp-content\/uploads\/2025\/01\/16-aniversario-universidade-senior-concelho-benavente-58-1024x683.jpg\" data-width=\"800\" data-height=\"534\" aria-label=\"\" role=\"img\" ><\/div>\n\t\t\t\t\t\t\t\t\t\t\t<div class=\"elementor-gallery-item__overlay\"><\/div>\n\t\t\t\t\t\t\t\t\t\t\t\t\t\t<\/a>\n\t\t\t\t\t\t\t<a class=\"e-gallery-item elementor-gallery-item elementor-animated-content\" href=\"https:\/\/www.cm-benavente.pt\/wp-content\/uploads\/2025\/01\/16-aniversario-universidade-senior-concelho-benavente-59-scaled.jpg\" data-elementor-open-lightbox=\"yes\" data-elementor-lightbox-slideshow=\"e7cd8e3\" data-elementor-lightbox-title=\"16 anivers\u00e1rio universidade s\u00e9nior concelho benavente (59)\" data-e-action-hash=\"#elementor-action%3Aaction%3Dlightbox%26settings%3DeyJpZCI6NjQ2ODEsInVybCI6Imh0dHBzOlwvXC93d3cuY20tYmVuYXZlbnRlLnB0XC93cC1jb250ZW50XC91cGxvYWRzXC8yMDI1XC8wMVwvMTYtYW5pdmVyc2FyaW8tdW5pdmVyc2lkYWRlLXNlbmlvci1jb25jZWxoby1iZW5hdmVudGUtNTktc2NhbGVkLmpwZyIsInNsaWRlc2hvdyI6ImU3Y2Q4ZTMifQ%3D%3D\">\n\t\t\t\t\t<div class=\"e-gallery-image elementor-gallery-item__image\" data-thumbnail=\"https:\/\/www.cm-benavente.pt\/wp-content\/uploads\/2025\/01\/16-aniversario-universidade-senior-concelho-benavente-59-1024x591.jpg\" data-width=\"800\" data-height=\"462\" aria-label=\"\" role=\"img\" ><\/div>\n\t\t\t\t\t\t\t\t\t\t\t<div class=\"elementor-gallery-item__overlay\"><\/div>\n\t\t\t\t\t\t\t\t\t\t\t\t\t\t<\/a>\n\t\t\t\t\t\t\t<a class=\"e-gallery-item elementor-gallery-item elementor-animated-content\" href=\"https:\/\/www.cm-benavente.pt\/wp-content\/uploads\/2025\/01\/16-aniversario-universidade-senior-concelho-benavente-60-scaled.jpg\" data-elementor-open-lightbox=\"yes\" data-elementor-lightbox-slideshow=\"e7cd8e3\" data-elementor-lightbox-title=\"16 anivers\u00e1rio universidade s\u00e9nior concelho benavente (60)\" data-e-action-hash=\"#elementor-action%3Aaction%3Dlightbox%26settings%3DeyJpZCI6NjQ2ODIsInVybCI6Imh0dHBzOlwvXC93d3cuY20tYmVuYXZlbnRlLnB0XC93cC1jb250ZW50XC91cGxvYWRzXC8yMDI1XC8wMVwvMTYtYW5pdmVyc2FyaW8tdW5pdmVyc2lkYWRlLXNlbmlvci1jb25jZWxoby1iZW5hdmVudGUtNjAtc2NhbGVkLmpwZyIsInNsaWRlc2hvdyI6ImU3Y2Q4ZTMifQ%3D%3D\">\n\t\t\t\t\t<div class=\"e-gallery-image elementor-gallery-item__image\" data-thumbnail=\"https:\/\/www.cm-benavente.pt\/wp-content\/uploads\/2025\/01\/16-aniversario-universidade-senior-concelho-benavente-60-1024x445.jpg\" data-width=\"800\" data-height=\"348\" aria-label=\"\" role=\"img\" ><\/div>\n\t\t\t\t\t\t\t\t\t\t\t<div class=\"elementor-gallery-item__overlay\"><\/div>\n\t\t\t\t\t\t\t\t\t\t\t\t\t\t<\/a>\n\t\t\t\t\t\t\t<a class=\"e-gallery-item elementor-gallery-item elementor-animated-content\" href=\"https:\/\/www.cm-benavente.pt\/wp-content\/uploads\/2025\/01\/16-aniversario-universidade-senior-concelho-benavente-61-scaled.jpg\" data-elementor-open-lightbox=\"yes\" data-elementor-lightbox-slideshow=\"e7cd8e3\" data-elementor-lightbox-title=\"16 anivers\u00e1rio universidade s\u00e9nior concelho benavente (61)\" data-e-action-hash=\"#elementor-action%3Aaction%3Dlightbox%26settings%3DeyJpZCI6NjQ2ODMsInVybCI6Imh0dHBzOlwvXC93d3cuY20tYmVuYXZlbnRlLnB0XC93cC1jb250ZW50XC91cGxvYWRzXC8yMDI1XC8wMVwvMTYtYW5pdmVyc2FyaW8tdW5pdmVyc2lkYWRlLXNlbmlvci1jb25jZWxoby1iZW5hdmVudGUtNjEtc2NhbGVkLmpwZyIsInNsaWRlc2hvdyI6ImU3Y2Q4ZTMifQ%3D%3D\">\n\t\t\t\t\t<div class=\"e-gallery-image elementor-gallery-item__image\" data-thumbnail=\"https:\/\/www.cm-benavente.pt\/wp-content\/uploads\/2025\/01\/16-aniversario-universidade-senior-concelho-benavente-61-1024x719.jpg\" data-width=\"800\" data-height=\"562\" aria-label=\"\" role=\"img\" ><\/div>\n\t\t\t\t\t\t\t\t\t\t\t<div class=\"elementor-gallery-item__overlay\"><\/div>\n\t\t\t\t\t\t\t\t\t\t\t\t\t\t<\/a>\n\t\t\t\t\t\t\t<a class=\"e-gallery-item elementor-gallery-item elementor-animated-content\" href=\"https:\/\/www.cm-benavente.pt\/wp-content\/uploads\/2025\/01\/16-aniversario-universidade-senior-concelho-benavente-62-scaled.jpg\" data-elementor-open-lightbox=\"yes\" data-elementor-lightbox-slideshow=\"e7cd8e3\" data-elementor-lightbox-title=\"16 anivers\u00e1rio universidade s\u00e9nior concelho benavente (62)\" data-e-action-hash=\"#elementor-action%3Aaction%3Dlightbox%26settings%3DeyJpZCI6NjQ2ODQsInVybCI6Imh0dHBzOlwvXC93d3cuY20tYmVuYXZlbnRlLnB0XC93cC1jb250ZW50XC91cGxvYWRzXC8yMDI1XC8wMVwvMTYtYW5pdmVyc2FyaW8tdW5pdmVyc2lkYWRlLXNlbmlvci1jb25jZWxoby1iZW5hdmVudGUtNjItc2NhbGVkLmpwZyIsInNsaWRlc2hvdyI6ImU3Y2Q4ZTMifQ%3D%3D\">\n\t\t\t\t\t<div class=\"e-gallery-image elementor-gallery-item__image\" data-thumbnail=\"https:\/\/www.cm-benavente.pt\/wp-content\/uploads\/2025\/01\/16-aniversario-universidade-senior-concelho-benavente-62-1024x625.jpg\" data-width=\"800\" data-height=\"488\" aria-label=\"\" role=\"img\" ><\/div>\n\t\t\t\t\t\t\t\t\t\t\t<div class=\"elementor-gallery-item__overlay\"><\/div>\n\t\t\t\t\t\t\t\t\t\t\t\t\t\t<\/a>\n\t\t\t\t\t\t\t<a class=\"e-gallery-item elementor-gallery-item elementor-animated-content\" href=\"https:\/\/www.cm-benavente.pt\/wp-content\/uploads\/2025\/01\/16-aniversario-universidade-senior-concelho-benavente-63-scaled.jpg\" data-elementor-open-lightbox=\"yes\" data-elementor-lightbox-slideshow=\"e7cd8e3\" data-elementor-lightbox-title=\"16 anivers\u00e1rio universidade s\u00e9nior concelho benavente (63)\" data-e-action-hash=\"#elementor-action%3Aaction%3Dlightbox%26settings%3DeyJpZCI6NjQ2ODUsInVybCI6Imh0dHBzOlwvXC93d3cuY20tYmVuYXZlbnRlLnB0XC93cC1jb250ZW50XC91cGxvYWRzXC8yMDI1XC8wMVwvMTYtYW5pdmVyc2FyaW8tdW5pdmVyc2lkYWRlLXNlbmlvci1jb25jZWxoby1iZW5hdmVudGUtNjMtc2NhbGVkLmpwZyIsInNsaWRlc2hvdyI6ImU3Y2Q4ZTMifQ%3D%3D\">\n\t\t\t\t\t<div class=\"e-gallery-image elementor-gallery-item__image\" data-thumbnail=\"https:\/\/www.cm-benavente.pt\/wp-content\/uploads\/2025\/01\/16-aniversario-universidade-senior-concelho-benavente-63-1024x683.jpg\" data-width=\"800\" data-height=\"534\" aria-label=\"\" role=\"img\" ><\/div>\n\t\t\t\t\t\t\t\t\t\t\t<div class=\"elementor-gallery-item__overlay\"><\/div>\n\t\t\t\t\t\t\t\t\t\t\t\t\t\t<\/a>\n\t\t\t\t\t\t\t<a class=\"e-gallery-item elementor-gallery-item elementor-animated-content\" href=\"https:\/\/www.cm-benavente.pt\/wp-content\/uploads\/2025\/01\/16-aniversario-universidade-senior-concelho-benavente-64-scaled.jpg\" data-elementor-open-lightbox=\"yes\" data-elementor-lightbox-slideshow=\"e7cd8e3\" data-elementor-lightbox-title=\"16 anivers\u00e1rio universidade s\u00e9nior concelho benavente (64)\" data-e-action-hash=\"#elementor-action%3Aaction%3Dlightbox%26settings%3DeyJpZCI6NjQ2ODYsInVybCI6Imh0dHBzOlwvXC93d3cuY20tYmVuYXZlbnRlLnB0XC93cC1jb250ZW50XC91cGxvYWRzXC8yMDI1XC8wMVwvMTYtYW5pdmVyc2FyaW8tdW5pdmVyc2lkYWRlLXNlbmlvci1jb25jZWxoby1iZW5hdmVudGUtNjQtc2NhbGVkLmpwZyIsInNsaWRlc2hvdyI6ImU3Y2Q4ZTMifQ%3D%3D\">\n\t\t\t\t\t<div class=\"e-gallery-image elementor-gallery-item__image\" data-thumbnail=\"https:\/\/www.cm-benavente.pt\/wp-content\/uploads\/2025\/01\/16-aniversario-universidade-senior-concelho-benavente-64-1024x487.jpg\" data-width=\"800\" data-height=\"380\" aria-label=\"\" role=\"img\" ><\/div>\n\t\t\t\t\t\t\t\t\t\t\t<div class=\"elementor-gallery-item__overlay\"><\/div>\n\t\t\t\t\t\t\t\t\t\t\t\t\t\t<\/a>\n\t\t\t\t\t\t\t<a class=\"e-gallery-item elementor-gallery-item elementor-animated-content\" href=\"https:\/\/www.cm-benavente.pt\/wp-content\/uploads\/2025\/01\/16-aniversario-universidade-senior-concelho-benavente-65-scaled.jpg\" data-elementor-open-lightbox=\"yes\" data-elementor-lightbox-slideshow=\"e7cd8e3\" data-elementor-lightbox-title=\"16 anivers\u00e1rio universidade s\u00e9nior concelho benavente (65)\" data-e-action-hash=\"#elementor-action%3Aaction%3Dlightbox%26settings%3DeyJpZCI6NjQ2ODcsInVybCI6Imh0dHBzOlwvXC93d3cuY20tYmVuYXZlbnRlLnB0XC93cC1jb250ZW50XC91cGxvYWRzXC8yMDI1XC8wMVwvMTYtYW5pdmVyc2FyaW8tdW5pdmVyc2lkYWRlLXNlbmlvci1jb25jZWxoby1iZW5hdmVudGUtNjUtc2NhbGVkLmpwZyIsInNsaWRlc2hvdyI6ImU3Y2Q4ZTMifQ%3D%3D\">\n\t\t\t\t\t<div class=\"e-gallery-image elementor-gallery-item__image\" data-thumbnail=\"https:\/\/www.cm-benavente.pt\/wp-content\/uploads\/2025\/01\/16-aniversario-universidade-senior-concelho-benavente-65-1024x588.jpg\" data-width=\"800\" data-height=\"459\" aria-label=\"\" role=\"img\" ><\/div>\n\t\t\t\t\t\t\t\t\t\t\t<div class=\"elementor-gallery-item__overlay\"><\/div>\n\t\t\t\t\t\t\t\t\t\t\t\t\t\t<\/a>\n\t\t\t\t\t\t\t<a class=\"e-gallery-item elementor-gallery-item elementor-animated-content\" href=\"https:\/\/www.cm-benavente.pt\/wp-content\/uploads\/2025\/01\/16-aniversario-universidade-senior-concelho-benavente-66-scaled.jpg\" data-elementor-open-lightbox=\"yes\" data-elementor-lightbox-slideshow=\"e7cd8e3\" data-elementor-lightbox-title=\"16 anivers\u00e1rio universidade s\u00e9nior concelho benavente (66)\" data-e-action-hash=\"#elementor-action%3Aaction%3Dlightbox%26settings%3DeyJpZCI6NjQ2ODgsInVybCI6Imh0dHBzOlwvXC93d3cuY20tYmVuYXZlbnRlLnB0XC93cC1jb250ZW50XC91cGxvYWRzXC8yMDI1XC8wMVwvMTYtYW5pdmVyc2FyaW8tdW5pdmVyc2lkYWRlLXNlbmlvci1jb25jZWxoby1iZW5hdmVudGUtNjYtc2NhbGVkLmpwZyIsInNsaWRlc2hvdyI6ImU3Y2Q4ZTMifQ%3D%3D\">\n\t\t\t\t\t<div class=\"e-gallery-image elementor-gallery-item__image\" data-thumbnail=\"https:\/\/www.cm-benavente.pt\/wp-content\/uploads\/2025\/01\/16-aniversario-universidade-senior-concelho-benavente-66-1024x601.jpg\" data-width=\"800\" data-height=\"470\" aria-label=\"\" role=\"img\" ><\/div>\n\t\t\t\t\t\t\t\t\t\t\t<div class=\"elementor-gallery-item__overlay\"><\/div>\n\t\t\t\t\t\t\t\t\t\t\t\t\t\t<\/a>\n\t\t\t\t\t\t\t<a class=\"e-gallery-item elementor-gallery-item elementor-animated-content\" href=\"https:\/\/www.cm-benavente.pt\/wp-content\/uploads\/2025\/01\/16-aniversario-universidade-senior-concelho-benavente-67-scaled.jpg\" data-elementor-open-lightbox=\"yes\" data-elementor-lightbox-slideshow=\"e7cd8e3\" data-elementor-lightbox-title=\"16 anivers\u00e1rio universidade s\u00e9nior concelho benavente (67)\" data-e-action-hash=\"#elementor-action%3Aaction%3Dlightbox%26settings%3DeyJpZCI6NjQ2ODksInVybCI6Imh0dHBzOlwvXC93d3cuY20tYmVuYXZlbnRlLnB0XC93cC1jb250ZW50XC91cGxvYWRzXC8yMDI1XC8wMVwvMTYtYW5pdmVyc2FyaW8tdW5pdmVyc2lkYWRlLXNlbmlvci1jb25jZWxoby1iZW5hdmVudGUtNjctc2NhbGVkLmpwZyIsInNsaWRlc2hvdyI6ImU3Y2Q4ZTMifQ%3D%3D\">\n\t\t\t\t\t<div class=\"e-gallery-image elementor-gallery-item__image\" data-thumbnail=\"https:\/\/www.cm-benavente.pt\/wp-content\/uploads\/2025\/01\/16-aniversario-universidade-senior-concelho-benavente-67-1024x570.jpg\" data-width=\"800\" data-height=\"445\" aria-label=\"\" role=\"img\" ><\/div>\n\t\t\t\t\t\t\t\t\t\t\t<div class=\"elementor-gallery-item__overlay\"><\/div>\n\t\t\t\t\t\t\t\t\t\t\t\t\t\t<\/a>\n\t\t\t\t\t\t\t<a class=\"e-gallery-item elementor-gallery-item elementor-animated-content\" href=\"https:\/\/www.cm-benavente.pt\/wp-content\/uploads\/2025\/01\/16-aniversario-universidade-senior-concelho-benavente-68-scaled.jpg\" data-elementor-open-lightbox=\"yes\" data-elementor-lightbox-slideshow=\"e7cd8e3\" data-elementor-lightbox-title=\"16 anivers\u00e1rio universidade s\u00e9nior concelho benavente (68)\" data-e-action-hash=\"#elementor-action%3Aaction%3Dlightbox%26settings%3DeyJpZCI6NjQ2OTAsInVybCI6Imh0dHBzOlwvXC93d3cuY20tYmVuYXZlbnRlLnB0XC93cC1jb250ZW50XC91cGxvYWRzXC8yMDI1XC8wMVwvMTYtYW5pdmVyc2FyaW8tdW5pdmVyc2lkYWRlLXNlbmlvci1jb25jZWxoby1iZW5hdmVudGUtNjgtc2NhbGVkLmpwZyIsInNsaWRlc2hvdyI6ImU3Y2Q4ZTMifQ%3D%3D\">\n\t\t\t\t\t<div class=\"e-gallery-image elementor-gallery-item__image\" data-thumbnail=\"https:\/\/www.cm-benavente.pt\/wp-content\/uploads\/2025\/01\/16-aniversario-universidade-senior-concelho-benavente-68-1024x501.jpg\" data-width=\"800\" data-height=\"391\" aria-label=\"\" role=\"img\" ><\/div>\n\t\t\t\t\t\t\t\t\t\t\t<div class=\"elementor-gallery-item__overlay\"><\/div>\n\t\t\t\t\t\t\t\t\t\t\t\t\t\t<\/a>\n\t\t\t\t\t\t\t<a class=\"e-gallery-item elementor-gallery-item elementor-animated-content\" href=\"https:\/\/www.cm-benavente.pt\/wp-content\/uploads\/2025\/01\/16-aniversario-universidade-senior-concelho-benavente-69-scaled.jpg\" data-elementor-open-lightbox=\"yes\" data-elementor-lightbox-slideshow=\"e7cd8e3\" data-elementor-lightbox-title=\"16 anivers\u00e1rio universidade s\u00e9nior concelho benavente (69)\" data-e-action-hash=\"#elementor-action%3Aaction%3Dlightbox%26settings%3DeyJpZCI6NjQ2OTEsInVybCI6Imh0dHBzOlwvXC93d3cuY20tYmVuYXZlbnRlLnB0XC93cC1jb250ZW50XC91cGxvYWRzXC8yMDI1XC8wMVwvMTYtYW5pdmVyc2FyaW8tdW5pdmVyc2lkYWRlLXNlbmlvci1jb25jZWxoby1iZW5hdmVudGUtNjktc2NhbGVkLmpwZyIsInNsaWRlc2hvdyI6ImU3Y2Q4ZTMifQ%3D%3D\">\n\t\t\t\t\t<div class=\"e-gallery-image elementor-gallery-item__image\" data-thumbnail=\"https:\/\/www.cm-benavente.pt\/wp-content\/uploads\/2025\/01\/16-aniversario-universidade-senior-concelho-benavente-69-1024x648.jpg\" data-width=\"800\" data-height=\"506\" aria-label=\"\" role=\"img\" ><\/div>\n\t\t\t\t\t\t\t\t\t\t\t<div class=\"elementor-gallery-item__overlay\"><\/div>\n\t\t\t\t\t\t\t\t\t\t\t\t\t\t<\/a>\n\t\t\t\t\t\t\t<a class=\"e-gallery-item elementor-gallery-item elementor-animated-content\" href=\"https:\/\/www.cm-benavente.pt\/wp-content\/uploads\/2025\/01\/16-aniversario-universidade-senior-concelho-benavente-70-scaled.jpg\" data-elementor-open-lightbox=\"yes\" data-elementor-lightbox-slideshow=\"e7cd8e3\" data-elementor-lightbox-title=\"16 anivers\u00e1rio universidade s\u00e9nior concelho benavente (70)\" data-e-action-hash=\"#elementor-action%3Aaction%3Dlightbox%26settings%3DeyJpZCI6NjQ2OTIsInVybCI6Imh0dHBzOlwvXC93d3cuY20tYmVuYXZlbnRlLnB0XC93cC1jb250ZW50XC91cGxvYWRzXC8yMDI1XC8wMVwvMTYtYW5pdmVyc2FyaW8tdW5pdmVyc2lkYWRlLXNlbmlvci1jb25jZWxoby1iZW5hdmVudGUtNzAtc2NhbGVkLmpwZyIsInNsaWRlc2hvdyI6ImU3Y2Q4ZTMifQ%3D%3D\">\n\t\t\t\t\t<div class=\"e-gallery-image elementor-gallery-item__image\" data-thumbnail=\"https:\/\/www.cm-benavente.pt\/wp-content\/uploads\/2025\/01\/16-aniversario-universidade-senior-concelho-benavente-70-1024x683.jpg\" data-width=\"800\" data-height=\"534\" aria-label=\"\" role=\"img\" ><\/div>\n\t\t\t\t\t\t\t\t\t\t\t<div class=\"elementor-gallery-item__overlay\"><\/div>\n\t\t\t\t\t\t\t\t\t\t\t\t\t\t<\/a>\n\t\t\t\t\t\t\t<a class=\"e-gallery-item elementor-gallery-item elementor-animated-content\" href=\"https:\/\/www.cm-benavente.pt\/wp-content\/uploads\/2025\/01\/16-aniversario-universidade-senior-concelho-benavente-71-scaled.jpg\" data-elementor-open-lightbox=\"yes\" data-elementor-lightbox-slideshow=\"e7cd8e3\" data-elementor-lightbox-title=\"16 anivers\u00e1rio universidade s\u00e9nior concelho benavente (71)\" data-e-action-hash=\"#elementor-action%3Aaction%3Dlightbox%26settings%3DeyJpZCI6NjQ2OTMsInVybCI6Imh0dHBzOlwvXC93d3cuY20tYmVuYXZlbnRlLnB0XC93cC1jb250ZW50XC91cGxvYWRzXC8yMDI1XC8wMVwvMTYtYW5pdmVyc2FyaW8tdW5pdmVyc2lkYWRlLXNlbmlvci1jb25jZWxoby1iZW5hdmVudGUtNzEtc2NhbGVkLmpwZyIsInNsaWRlc2hvdyI6ImU3Y2Q4ZTMifQ%3D%3D\">\n\t\t\t\t\t<div class=\"e-gallery-image elementor-gallery-item__image\" data-thumbnail=\"https:\/\/www.cm-benavente.pt\/wp-content\/uploads\/2025\/01\/16-aniversario-universidade-senior-concelho-benavente-71-1024x567.jpg\" data-width=\"800\" data-height=\"443\" aria-label=\"\" role=\"img\" ><\/div>\n\t\t\t\t\t\t\t\t\t\t\t<div class=\"elementor-gallery-item__overlay\"><\/div>\n\t\t\t\t\t\t\t\t\t\t\t\t\t\t<\/a>\n\t\t\t\t\t\t\t<a class=\"e-gallery-item elementor-gallery-item elementor-animated-content\" href=\"https:\/\/www.cm-benavente.pt\/wp-content\/uploads\/2025\/01\/16-aniversario-universidade-senior-concelho-benavente-72-scaled.jpg\" data-elementor-open-lightbox=\"yes\" data-elementor-lightbox-slideshow=\"e7cd8e3\" data-elementor-lightbox-title=\"16 anivers\u00e1rio universidade s\u00e9nior concelho benavente (72)\" data-e-action-hash=\"#elementor-action%3Aaction%3Dlightbox%26settings%3DeyJpZCI6NjQ2OTQsInVybCI6Imh0dHBzOlwvXC93d3cuY20tYmVuYXZlbnRlLnB0XC93cC1jb250ZW50XC91cGxvYWRzXC8yMDI1XC8wMVwvMTYtYW5pdmVyc2FyaW8tdW5pdmVyc2lkYWRlLXNlbmlvci1jb25jZWxoby1iZW5hdmVudGUtNzItc2NhbGVkLmpwZyIsInNsaWRlc2hvdyI6ImU3Y2Q4ZTMifQ%3D%3D\">\n\t\t\t\t\t<div class=\"e-gallery-image elementor-gallery-item__image\" data-thumbnail=\"https:\/\/www.cm-benavente.pt\/wp-content\/uploads\/2025\/01\/16-aniversario-universidade-senior-concelho-benavente-72-1024x598.jpg\" data-width=\"800\" data-height=\"467\" aria-label=\"\" role=\"img\" ><\/div>\n\t\t\t\t\t\t\t\t\t\t\t<div class=\"elementor-gallery-item__overlay\"><\/div>\n\t\t\t\t\t\t\t\t\t\t\t\t\t\t<\/a>\n\t\t\t\t\t\t\t<a class=\"e-gallery-item elementor-gallery-item elementor-animated-content\" href=\"https:\/\/www.cm-benavente.pt\/wp-content\/uploads\/2025\/01\/16-aniversario-universidade-senior-concelho-benavente-73-scaled.jpg\" data-elementor-open-lightbox=\"yes\" data-elementor-lightbox-slideshow=\"e7cd8e3\" data-elementor-lightbox-title=\"16 anivers\u00e1rio universidade s\u00e9nior concelho benavente (73)\" data-e-action-hash=\"#elementor-action%3Aaction%3Dlightbox%26settings%3DeyJpZCI6NjQ2OTUsInVybCI6Imh0dHBzOlwvXC93d3cuY20tYmVuYXZlbnRlLnB0XC93cC1jb250ZW50XC91cGxvYWRzXC8yMDI1XC8wMVwvMTYtYW5pdmVyc2FyaW8tdW5pdmVyc2lkYWRlLXNlbmlvci1jb25jZWxoby1iZW5hdmVudGUtNzMtc2NhbGVkLmpwZyIsInNsaWRlc2hvdyI6ImU3Y2Q4ZTMifQ%3D%3D\">\n\t\t\t\t\t<div class=\"e-gallery-image elementor-gallery-item__image\" data-thumbnail=\"https:\/\/www.cm-benavente.pt\/wp-content\/uploads\/2025\/01\/16-aniversario-universidade-senior-concelho-benavente-73-1024x591.jpg\" data-width=\"800\" data-height=\"462\" aria-label=\"\" role=\"img\" ><\/div>\n\t\t\t\t\t\t\t\t\t\t\t<div class=\"elementor-gallery-item__overlay\"><\/div>\n\t\t\t\t\t\t\t\t\t\t\t\t\t\t<\/a>\n\t\t\t\t\t\t\t<a class=\"e-gallery-item elementor-gallery-item elementor-animated-content\" href=\"https:\/\/www.cm-benavente.pt\/wp-content\/uploads\/2025\/01\/16-aniversario-universidade-senior-concelho-benavente-74-scaled.jpg\" data-elementor-open-lightbox=\"yes\" data-elementor-lightbox-slideshow=\"e7cd8e3\" data-elementor-lightbox-title=\"16 anivers\u00e1rio universidade s\u00e9nior concelho benavente (74)\" data-e-action-hash=\"#elementor-action%3Aaction%3Dlightbox%26settings%3DeyJpZCI6NjQ2OTYsInVybCI6Imh0dHBzOlwvXC93d3cuY20tYmVuYXZlbnRlLnB0XC93cC1jb250ZW50XC91cGxvYWRzXC8yMDI1XC8wMVwvMTYtYW5pdmVyc2FyaW8tdW5pdmVyc2lkYWRlLXNlbmlvci1jb25jZWxoby1iZW5hdmVudGUtNzQtc2NhbGVkLmpwZyIsInNsaWRlc2hvdyI6ImU3Y2Q4ZTMifQ%3D%3D\">\n\t\t\t\t\t<div class=\"e-gallery-image elementor-gallery-item__image\" data-thumbnail=\"https:\/\/www.cm-benavente.pt\/wp-content\/uploads\/2025\/01\/16-aniversario-universidade-senior-concelho-benavente-74-1024x515.jpg\" data-width=\"800\" data-height=\"402\" aria-label=\"\" role=\"img\" ><\/div>\n\t\t\t\t\t\t\t\t\t\t\t<div class=\"elementor-gallery-item__overlay\"><\/div>\n\t\t\t\t\t\t\t\t\t\t\t\t\t\t<\/a>\n\t\t\t\t\t\t\t<a class=\"e-gallery-item elementor-gallery-item elementor-animated-content\" href=\"https:\/\/www.cm-benavente.pt\/wp-content\/uploads\/2025\/01\/16-aniversario-universidade-senior-concelho-benavente-75-scaled.jpg\" data-elementor-open-lightbox=\"yes\" data-elementor-lightbox-slideshow=\"e7cd8e3\" data-elementor-lightbox-title=\"16 anivers\u00e1rio universidade s\u00e9nior concelho benavente (75)\" data-e-action-hash=\"#elementor-action%3Aaction%3Dlightbox%26settings%3DeyJpZCI6NjQ2OTcsInVybCI6Imh0dHBzOlwvXC93d3cuY20tYmVuYXZlbnRlLnB0XC93cC1jb250ZW50XC91cGxvYWRzXC8yMDI1XC8wMVwvMTYtYW5pdmVyc2FyaW8tdW5pdmVyc2lkYWRlLXNlbmlvci1jb25jZWxoby1iZW5hdmVudGUtNzUtc2NhbGVkLmpwZyIsInNsaWRlc2hvdyI6ImU3Y2Q4ZTMifQ%3D%3D\">\n\t\t\t\t\t<div class=\"e-gallery-image elementor-gallery-item__image\" data-thumbnail=\"https:\/\/www.cm-benavente.pt\/wp-content\/uploads\/2025\/01\/16-aniversario-universidade-senior-concelho-benavente-75-1024x682.jpg\" data-width=\"800\" data-height=\"533\" aria-label=\"\" role=\"img\" ><\/div>\n\t\t\t\t\t\t\t\t\t\t\t<div class=\"elementor-gallery-item__overlay\"><\/div>\n\t\t\t\t\t\t\t\t\t\t\t\t\t\t<\/a>\n\t\t\t\t\t\t\t<a class=\"e-gallery-item elementor-gallery-item elementor-animated-content\" href=\"https:\/\/www.cm-benavente.pt\/wp-content\/uploads\/2025\/01\/16-aniversario-universidade-senior-concelho-benavente-76-scaled.jpg\" data-elementor-open-lightbox=\"yes\" data-elementor-lightbox-slideshow=\"e7cd8e3\" data-elementor-lightbox-title=\"16 anivers\u00e1rio universidade s\u00e9nior concelho benavente (76)\" data-e-action-hash=\"#elementor-action%3Aaction%3Dlightbox%26settings%3DeyJpZCI6NjQ2OTgsInVybCI6Imh0dHBzOlwvXC93d3cuY20tYmVuYXZlbnRlLnB0XC93cC1jb250ZW50XC91cGxvYWRzXC8yMDI1XC8wMVwvMTYtYW5pdmVyc2FyaW8tdW5pdmVyc2lkYWRlLXNlbmlvci1jb25jZWxoby1iZW5hdmVudGUtNzYtc2NhbGVkLmpwZyIsInNsaWRlc2hvdyI6ImU3Y2Q4ZTMifQ%3D%3D\">\n\t\t\t\t\t<div class=\"e-gallery-image elementor-gallery-item__image\" data-thumbnail=\"https:\/\/www.cm-benavente.pt\/wp-content\/uploads\/2025\/01\/16-aniversario-universidade-senior-concelho-benavente-76-1024x616.jpg\" data-width=\"800\" data-height=\"481\" aria-label=\"\" role=\"img\" ><\/div>\n\t\t\t\t\t\t\t\t\t\t\t<div class=\"elementor-gallery-item__overlay\"><\/div>\n\t\t\t\t\t\t\t\t\t\t\t\t\t\t<\/a>\n\t\t\t\t\t\t\t<a class=\"e-gallery-item elementor-gallery-item elementor-animated-content\" href=\"https:\/\/www.cm-benavente.pt\/wp-content\/uploads\/2025\/01\/16-aniversario-universidade-senior-concelho-benavente-77-scaled.jpg\" data-elementor-open-lightbox=\"yes\" data-elementor-lightbox-slideshow=\"e7cd8e3\" data-elementor-lightbox-title=\"16 anivers\u00e1rio universidade s\u00e9nior concelho benavente (77)\" data-e-action-hash=\"#elementor-action%3Aaction%3Dlightbox%26settings%3DeyJpZCI6NjQ2OTksInVybCI6Imh0dHBzOlwvXC93d3cuY20tYmVuYXZlbnRlLnB0XC93cC1jb250ZW50XC91cGxvYWRzXC8yMDI1XC8wMVwvMTYtYW5pdmVyc2FyaW8tdW5pdmVyc2lkYWRlLXNlbmlvci1jb25jZWxoby1iZW5hdmVudGUtNzctc2NhbGVkLmpwZyIsInNsaWRlc2hvdyI6ImU3Y2Q4ZTMifQ%3D%3D\">\n\t\t\t\t\t<div class=\"e-gallery-image elementor-gallery-item__image\" data-thumbnail=\"https:\/\/www.cm-benavente.pt\/wp-content\/uploads\/2025\/01\/16-aniversario-universidade-senior-concelho-benavente-77-1024x378.jpg\" data-width=\"800\" data-height=\"295\" aria-label=\"\" role=\"img\" ><\/div>\n\t\t\t\t\t\t\t\t\t\t\t<div class=\"elementor-gallery-item__overlay\"><\/div>\n\t\t\t\t\t\t\t\t\t\t\t\t\t\t<\/a>\n\t\t\t\t\t\t\t<a class=\"e-gallery-item elementor-gallery-item elementor-animated-content\" href=\"https:\/\/www.cm-benavente.pt\/wp-content\/uploads\/2025\/01\/16-aniversario-universidade-senior-concelho-benavente-78-scaled.jpg\" data-elementor-open-lightbox=\"yes\" data-elementor-lightbox-slideshow=\"e7cd8e3\" data-elementor-lightbox-title=\"16 anivers\u00e1rio universidade s\u00e9nior concelho benavente (78)\" data-e-action-hash=\"#elementor-action%3Aaction%3Dlightbox%26settings%3DeyJpZCI6NjQ3MDAsInVybCI6Imh0dHBzOlwvXC93d3cuY20tYmVuYXZlbnRlLnB0XC93cC1jb250ZW50XC91cGxvYWRzXC8yMDI1XC8wMVwvMTYtYW5pdmVyc2FyaW8tdW5pdmVyc2lkYWRlLXNlbmlvci1jb25jZWxoby1iZW5hdmVudGUtNzgtc2NhbGVkLmpwZyIsInNsaWRlc2hvdyI6ImU3Y2Q4ZTMifQ%3D%3D\">\n\t\t\t\t\t<div class=\"e-gallery-image elementor-gallery-item__image\" data-thumbnail=\"https:\/\/www.cm-benavente.pt\/wp-content\/uploads\/2025\/01\/16-aniversario-universidade-senior-concelho-benavente-78-1024x623.jpg\" data-width=\"800\" data-height=\"487\" aria-label=\"\" role=\"img\" ><\/div>\n\t\t\t\t\t\t\t\t\t\t\t<div class=\"elementor-gallery-item__overlay\"><\/div>\n\t\t\t\t\t\t\t\t\t\t\t\t\t\t<\/a>\n\t\t\t\t\t\t\t<a class=\"e-gallery-item elementor-gallery-item elementor-animated-content\" href=\"https:\/\/www.cm-benavente.pt\/wp-content\/uploads\/2025\/01\/16-aniversario-universidade-senior-concelho-benavente-79-scaled.jpg\" data-elementor-open-lightbox=\"yes\" data-elementor-lightbox-slideshow=\"e7cd8e3\" data-elementor-lightbox-title=\"16 anivers\u00e1rio universidade s\u00e9nior concelho benavente (79)\" data-e-action-hash=\"#elementor-action%3Aaction%3Dlightbox%26settings%3DeyJpZCI6NjQ3MDEsInVybCI6Imh0dHBzOlwvXC93d3cuY20tYmVuYXZlbnRlLnB0XC93cC1jb250ZW50XC91cGxvYWRzXC8yMDI1XC8wMVwvMTYtYW5pdmVyc2FyaW8tdW5pdmVyc2lkYWRlLXNlbmlvci1jb25jZWxoby1iZW5hdmVudGUtNzktc2NhbGVkLmpwZyIsInNsaWRlc2hvdyI6ImU3Y2Q4ZTMifQ%3D%3D\">\n\t\t\t\t\t<div class=\"e-gallery-image elementor-gallery-item__image\" data-thumbnail=\"https:\/\/www.cm-benavente.pt\/wp-content\/uploads\/2025\/01\/16-aniversario-universidade-senior-concelho-benavente-79-1024x378.jpg\" data-width=\"800\" data-height=\"295\" aria-label=\"\" role=\"img\" ><\/div>\n\t\t\t\t\t\t\t\t\t\t\t<div class=\"elementor-gallery-item__overlay\"><\/div>\n\t\t\t\t\t\t\t\t\t\t\t\t\t\t<\/a>\n\t\t\t\t\t\t\t<a class=\"e-gallery-item elementor-gallery-item elementor-animated-content\" href=\"https:\/\/www.cm-benavente.pt\/wp-content\/uploads\/2025\/01\/16-aniversario-universidade-senior-concelho-benavente-80-scaled.jpg\" data-elementor-open-lightbox=\"yes\" data-elementor-lightbox-slideshow=\"e7cd8e3\" data-elementor-lightbox-title=\"16 anivers\u00e1rio universidade s\u00e9nior concelho benavente (80)\" data-e-action-hash=\"#elementor-action%3Aaction%3Dlightbox%26settings%3DeyJpZCI6NjQ3MDIsInVybCI6Imh0dHBzOlwvXC93d3cuY20tYmVuYXZlbnRlLnB0XC93cC1jb250ZW50XC91cGxvYWRzXC8yMDI1XC8wMVwvMTYtYW5pdmVyc2FyaW8tdW5pdmVyc2lkYWRlLXNlbmlvci1jb25jZWxoby1iZW5hdmVudGUtODAtc2NhbGVkLmpwZyIsInNsaWRlc2hvdyI6ImU3Y2Q4ZTMifQ%3D%3D\">\n\t\t\t\t\t<div class=\"e-gallery-image elementor-gallery-item__image\" data-thumbnail=\"https:\/\/www.cm-benavente.pt\/wp-content\/uploads\/2025\/01\/16-aniversario-universidade-senior-concelho-benavente-80-1024x378.jpg\" data-width=\"800\" data-height=\"295\" aria-label=\"\" role=\"img\" ><\/div>\n\t\t\t\t\t\t\t\t\t\t\t<div class=\"elementor-gallery-item__overlay\"><\/div>\n\t\t\t\t\t\t\t\t\t\t\t\t\t\t<\/a>\n\t\t\t\t\t\t\t<a class=\"e-gallery-item elementor-gallery-item elementor-animated-content\" href=\"https:\/\/www.cm-benavente.pt\/wp-content\/uploads\/2025\/01\/16-aniversario-universidade-senior-concelho-benavente-81-scaled.jpg\" data-elementor-open-lightbox=\"yes\" data-elementor-lightbox-slideshow=\"e7cd8e3\" data-elementor-lightbox-title=\"16 anivers\u00e1rio universidade s\u00e9nior concelho benavente (81)\" data-e-action-hash=\"#elementor-action%3Aaction%3Dlightbox%26settings%3DeyJpZCI6NjQ3MDMsInVybCI6Imh0dHBzOlwvXC93d3cuY20tYmVuYXZlbnRlLnB0XC93cC1jb250ZW50XC91cGxvYWRzXC8yMDI1XC8wMVwvMTYtYW5pdmVyc2FyaW8tdW5pdmVyc2lkYWRlLXNlbmlvci1jb25jZWxoby1iZW5hdmVudGUtODEtc2NhbGVkLmpwZyIsInNsaWRlc2hvdyI6ImU3Y2Q4ZTMifQ%3D%3D\">\n\t\t\t\t\t<div class=\"e-gallery-image elementor-gallery-item__image\" data-thumbnail=\"https:\/\/www.cm-benavente.pt\/wp-content\/uploads\/2025\/01\/16-aniversario-universidade-senior-concelho-benavente-81-1024x378.jpg\" data-width=\"800\" data-height=\"295\" aria-label=\"\" role=\"img\" ><\/div>\n\t\t\t\t\t\t\t\t\t\t\t<div class=\"elementor-gallery-item__overlay\"><\/div>\n\t\t\t\t\t\t\t\t\t\t\t\t\t\t<\/a>\n\t\t\t\t\t\t\t<a class=\"e-gallery-item elementor-gallery-item elementor-animated-content\" href=\"https:\/\/www.cm-benavente.pt\/wp-content\/uploads\/2025\/01\/16-aniversario-universidade-senior-concelho-benavente-82-scaled.jpg\" data-elementor-open-lightbox=\"yes\" data-elementor-lightbox-slideshow=\"e7cd8e3\" data-elementor-lightbox-title=\"16 anivers\u00e1rio universidade s\u00e9nior concelho benavente (82)\" data-e-action-hash=\"#elementor-action%3Aaction%3Dlightbox%26settings%3DeyJpZCI6NjQ3MDQsInVybCI6Imh0dHBzOlwvXC93d3cuY20tYmVuYXZlbnRlLnB0XC93cC1jb250ZW50XC91cGxvYWRzXC8yMDI1XC8wMVwvMTYtYW5pdmVyc2FyaW8tdW5pdmVyc2lkYWRlLXNlbmlvci1jb25jZWxoby1iZW5hdmVudGUtODItc2NhbGVkLmpwZyIsInNsaWRlc2hvdyI6ImU3Y2Q4ZTMifQ%3D%3D\">\n\t\t\t\t\t<div class=\"e-gallery-image elementor-gallery-item__image\" data-thumbnail=\"https:\/\/www.cm-benavente.pt\/wp-content\/uploads\/2025\/01\/16-aniversario-universidade-senior-concelho-benavente-82-1024x636.jpg\" data-width=\"800\" data-height=\"497\" aria-label=\"\" role=\"img\" ><\/div>\n\t\t\t\t\t\t\t\t\t\t\t<div class=\"elementor-gallery-item__overlay\"><\/div>\n\t\t\t\t\t\t\t\t\t\t\t\t\t\t<\/a>\n\t\t\t\t\t\t\t<a class=\"e-gallery-item elementor-gallery-item elementor-animated-content\" href=\"https:\/\/www.cm-benavente.pt\/wp-content\/uploads\/2025\/01\/16-aniversario-universidade-senior-concelho-benavente-83-scaled.jpg\" data-elementor-open-lightbox=\"yes\" data-elementor-lightbox-slideshow=\"e7cd8e3\" data-elementor-lightbox-title=\"16 anivers\u00e1rio universidade s\u00e9nior concelho benavente (83)\" data-e-action-hash=\"#elementor-action%3Aaction%3Dlightbox%26settings%3DeyJpZCI6NjQ3MDUsInVybCI6Imh0dHBzOlwvXC93d3cuY20tYmVuYXZlbnRlLnB0XC93cC1jb250ZW50XC91cGxvYWRzXC8yMDI1XC8wMVwvMTYtYW5pdmVyc2FyaW8tdW5pdmVyc2lkYWRlLXNlbmlvci1jb25jZWxoby1iZW5hdmVudGUtODMtc2NhbGVkLmpwZyIsInNsaWRlc2hvdyI6ImU3Y2Q4ZTMifQ%3D%3D\">\n\t\t\t\t\t<div class=\"e-gallery-image elementor-gallery-item__image\" data-thumbnail=\"https:\/\/www.cm-benavente.pt\/wp-content\/uploads\/2025\/01\/16-aniversario-universidade-senior-concelho-benavente-83-1024x670.jpg\" data-width=\"800\" data-height=\"523\" aria-label=\"\" role=\"img\" ><\/div>\n\t\t\t\t\t\t\t\t\t\t\t<div class=\"elementor-gallery-item__overlay\"><\/div>\n\t\t\t\t\t\t\t\t\t\t\t\t\t\t<\/a>\n\t\t\t\t\t\t\t<a class=\"e-gallery-item elementor-gallery-item elementor-animated-content\" href=\"https:\/\/www.cm-benavente.pt\/wp-content\/uploads\/2025\/01\/16-aniversario-universidade-senior-concelho-benavente-84-scaled.jpg\" data-elementor-open-lightbox=\"yes\" data-elementor-lightbox-slideshow=\"e7cd8e3\" data-elementor-lightbox-title=\"16 anivers\u00e1rio universidade s\u00e9nior concelho benavente (84)\" data-e-action-hash=\"#elementor-action%3Aaction%3Dlightbox%26settings%3DeyJpZCI6NjQ3MDYsInVybCI6Imh0dHBzOlwvXC93d3cuY20tYmVuYXZlbnRlLnB0XC93cC1jb250ZW50XC91cGxvYWRzXC8yMDI1XC8wMVwvMTYtYW5pdmVyc2FyaW8tdW5pdmVyc2lkYWRlLXNlbmlvci1jb25jZWxoby1iZW5hdmVudGUtODQtc2NhbGVkLmpwZyIsInNsaWRlc2hvdyI6ImU3Y2Q4ZTMifQ%3D%3D\">\n\t\t\t\t\t<div class=\"e-gallery-image elementor-gallery-item__image\" data-thumbnail=\"https:\/\/www.cm-benavente.pt\/wp-content\/uploads\/2025\/01\/16-aniversario-universidade-senior-concelho-benavente-84-1024x558.jpg\" data-width=\"800\" data-height=\"436\" aria-label=\"\" role=\"img\" ><\/div>\n\t\t\t\t\t\t\t\t\t\t\t<div class=\"elementor-gallery-item__overlay\"><\/div>\n\t\t\t\t\t\t\t\t\t\t\t\t\t\t<\/a>\n\t\t\t\t\t\t\t<a class=\"e-gallery-item elementor-gallery-item elementor-animated-content\" href=\"https:\/\/www.cm-benavente.pt\/wp-content\/uploads\/2025\/01\/16-aniversario-universidade-senior-concelho-benavente-85-scaled.jpg\" data-elementor-open-lightbox=\"yes\" data-elementor-lightbox-slideshow=\"e7cd8e3\" data-elementor-lightbox-title=\"16 anivers\u00e1rio universidade s\u00e9nior concelho benavente (85)\" data-e-action-hash=\"#elementor-action%3Aaction%3Dlightbox%26settings%3DeyJpZCI6NjQ3MDcsInVybCI6Imh0dHBzOlwvXC93d3cuY20tYmVuYXZlbnRlLnB0XC93cC1jb250ZW50XC91cGxvYWRzXC8yMDI1XC8wMVwvMTYtYW5pdmVyc2FyaW8tdW5pdmVyc2lkYWRlLXNlbmlvci1jb25jZWxoby1iZW5hdmVudGUtODUtc2NhbGVkLmpwZyIsInNsaWRlc2hvdyI6ImU3Y2Q4ZTMifQ%3D%3D\">\n\t\t\t\t\t<div class=\"e-gallery-image elementor-gallery-item__image\" data-thumbnail=\"https:\/\/www.cm-benavente.pt\/wp-content\/uploads\/2025\/01\/16-aniversario-universidade-senior-concelho-benavente-85-1024x601.jpg\" data-width=\"800\" data-height=\"470\" aria-label=\"\" role=\"img\" ><\/div>\n\t\t\t\t\t\t\t\t\t\t\t<div class=\"elementor-gallery-item__overlay\"><\/div>\n\t\t\t\t\t\t\t\t\t\t\t\t\t\t<\/a>\n\t\t\t\t\t\t\t<a class=\"e-gallery-item elementor-gallery-item elementor-animated-content\" href=\"https:\/\/www.cm-benavente.pt\/wp-content\/uploads\/2025\/01\/16-aniversario-universidade-senior-concelho-benavente-86-scaled.jpg\" data-elementor-open-lightbox=\"yes\" data-elementor-lightbox-slideshow=\"e7cd8e3\" data-elementor-lightbox-title=\"16 anivers\u00e1rio universidade s\u00e9nior concelho benavente (86)\" data-e-action-hash=\"#elementor-action%3Aaction%3Dlightbox%26settings%3DeyJpZCI6NjQ3MDgsInVybCI6Imh0dHBzOlwvXC93d3cuY20tYmVuYXZlbnRlLnB0XC93cC1jb250ZW50XC91cGxvYWRzXC8yMDI1XC8wMVwvMTYtYW5pdmVyc2FyaW8tdW5pdmVyc2lkYWRlLXNlbmlvci1jb25jZWxoby1iZW5hdmVudGUtODYtc2NhbGVkLmpwZyIsInNsaWRlc2hvdyI6ImU3Y2Q4ZTMifQ%3D%3D\">\n\t\t\t\t\t<div class=\"e-gallery-image elementor-gallery-item__image\" data-thumbnail=\"https:\/\/www.cm-benavente.pt\/wp-content\/uploads\/2025\/01\/16-aniversario-universidade-senior-concelho-benavente-86-1024x492.jpg\" data-width=\"800\" data-height=\"384\" aria-label=\"\" role=\"img\" ><\/div>\n\t\t\t\t\t\t\t\t\t\t\t<div class=\"elementor-gallery-item__overlay\"><\/div>\n\t\t\t\t\t\t\t\t\t\t\t\t\t\t<\/a>\n\t\t\t\t\t\t\t<a class=\"e-gallery-item elementor-gallery-item elementor-animated-content\" href=\"https:\/\/www.cm-benavente.pt\/wp-content\/uploads\/2025\/01\/16-aniversario-universidade-senior-concelho-benavente-87-scaled.jpg\" data-elementor-open-lightbox=\"yes\" data-elementor-lightbox-slideshow=\"e7cd8e3\" data-elementor-lightbox-title=\"16 anivers\u00e1rio universidade s\u00e9nior concelho benavente (87)\" data-e-action-hash=\"#elementor-action%3Aaction%3Dlightbox%26settings%3DeyJpZCI6NjQ3MDksInVybCI6Imh0dHBzOlwvXC93d3cuY20tYmVuYXZlbnRlLnB0XC93cC1jb250ZW50XC91cGxvYWRzXC8yMDI1XC8wMVwvMTYtYW5pdmVyc2FyaW8tdW5pdmVyc2lkYWRlLXNlbmlvci1jb25jZWxoby1iZW5hdmVudGUtODctc2NhbGVkLmpwZyIsInNsaWRlc2hvdyI6ImU3Y2Q4ZTMifQ%3D%3D\">\n\t\t\t\t\t<div class=\"e-gallery-image elementor-gallery-item__image\" data-thumbnail=\"https:\/\/www.cm-benavente.pt\/wp-content\/uploads\/2025\/01\/16-aniversario-universidade-senior-concelho-benavente-87-1024x557.jpg\" data-width=\"800\" data-height=\"435\" aria-label=\"\" role=\"img\" ><\/div>\n\t\t\t\t\t\t\t\t\t\t\t<div class=\"elementor-gallery-item__overlay\"><\/div>\n\t\t\t\t\t\t\t\t\t\t\t\t\t\t<\/a>\n\t\t\t\t\t\t\t<a class=\"e-gallery-item elementor-gallery-item elementor-animated-content\" href=\"https:\/\/www.cm-benavente.pt\/wp-content\/uploads\/2025\/01\/16-aniversario-universidade-senior-concelho-benavente-88-scaled.jpg\" data-elementor-open-lightbox=\"yes\" data-elementor-lightbox-slideshow=\"e7cd8e3\" data-elementor-lightbox-title=\"16 anivers\u00e1rio universidade s\u00e9nior concelho benavente (88)\" data-e-action-hash=\"#elementor-action%3Aaction%3Dlightbox%26settings%3DeyJpZCI6NjQ3MTAsInVybCI6Imh0dHBzOlwvXC93d3cuY20tYmVuYXZlbnRlLnB0XC93cC1jb250ZW50XC91cGxvYWRzXC8yMDI1XC8wMVwvMTYtYW5pdmVyc2FyaW8tdW5pdmVyc2lkYWRlLXNlbmlvci1jb25jZWxoby1iZW5hdmVudGUtODgtc2NhbGVkLmpwZyIsInNsaWRlc2hvdyI6ImU3Y2Q4ZTMifQ%3D%3D\">\n\t\t\t\t\t<div class=\"e-gallery-image elementor-gallery-item__image\" data-thumbnail=\"https:\/\/www.cm-benavente.pt\/wp-content\/uploads\/2025\/01\/16-aniversario-universidade-senior-concelho-benavente-88-1024x398.jpg\" data-width=\"800\" data-height=\"311\" aria-label=\"\" role=\"img\" ><\/div>\n\t\t\t\t\t\t\t\t\t\t\t<div class=\"elementor-gallery-item__overlay\"><\/div>\n\t\t\t\t\t\t\t\t\t\t\t\t\t\t<\/a>\n\t\t\t\t\t\t\t<a class=\"e-gallery-item elementor-gallery-item elementor-animated-content\" href=\"https:\/\/www.cm-benavente.pt\/wp-content\/uploads\/2025\/01\/16-aniversario-universidade-senior-concelho-benavente-89-scaled.jpg\" data-elementor-open-lightbox=\"yes\" data-elementor-lightbox-slideshow=\"e7cd8e3\" data-elementor-lightbox-title=\"16 anivers\u00e1rio universidade s\u00e9nior concelho benavente (89)\" data-e-action-hash=\"#elementor-action%3Aaction%3Dlightbox%26settings%3DeyJpZCI6NjQ3MTEsInVybCI6Imh0dHBzOlwvXC93d3cuY20tYmVuYXZlbnRlLnB0XC93cC1jb250ZW50XC91cGxvYWRzXC8yMDI1XC8wMVwvMTYtYW5pdmVyc2FyaW8tdW5pdmVyc2lkYWRlLXNlbmlvci1jb25jZWxoby1iZW5hdmVudGUtODktc2NhbGVkLmpwZyIsInNsaWRlc2hvdyI6ImU3Y2Q4ZTMifQ%3D%3D\">\n\t\t\t\t\t<div class=\"e-gallery-image elementor-gallery-item__image\" data-thumbnail=\"https:\/\/www.cm-benavente.pt\/wp-content\/uploads\/2025\/01\/16-aniversario-universidade-senior-concelho-benavente-89-1024x683.jpg\" data-width=\"800\" data-height=\"534\" aria-label=\"\" role=\"img\" ><\/div>\n\t\t\t\t\t\t\t\t\t\t\t<div class=\"elementor-gallery-item__overlay\"><\/div>\n\t\t\t\t\t\t\t\t\t\t\t\t\t\t<\/a>\n\t\t\t\t\t\t\t<a class=\"e-gallery-item elementor-gallery-item elementor-animated-content\" href=\"https:\/\/www.cm-benavente.pt\/wp-content\/uploads\/2025\/01\/16-aniversario-universidade-senior-concelho-benavente-90-scaled.jpg\" data-elementor-open-lightbox=\"yes\" data-elementor-lightbox-slideshow=\"e7cd8e3\" data-elementor-lightbox-title=\"16 anivers\u00e1rio universidade s\u00e9nior concelho benavente (90)\" data-e-action-hash=\"#elementor-action%3Aaction%3Dlightbox%26settings%3DeyJpZCI6NjQ3MTIsInVybCI6Imh0dHBzOlwvXC93d3cuY20tYmVuYXZlbnRlLnB0XC93cC1jb250ZW50XC91cGxvYWRzXC8yMDI1XC8wMVwvMTYtYW5pdmVyc2FyaW8tdW5pdmVyc2lkYWRlLXNlbmlvci1jb25jZWxoby1iZW5hdmVudGUtOTAtc2NhbGVkLmpwZyIsInNsaWRlc2hvdyI6ImU3Y2Q4ZTMifQ%3D%3D\">\n\t\t\t\t\t<div class=\"e-gallery-image elementor-gallery-item__image\" data-thumbnail=\"https:\/\/www.cm-benavente.pt\/wp-content\/uploads\/2025\/01\/16-aniversario-universidade-senior-concelho-benavente-90-1024x569.jpg\" data-width=\"800\" data-height=\"445\" aria-label=\"\" role=\"img\" ><\/div>\n\t\t\t\t\t\t\t\t\t\t\t<div class=\"elementor-gallery-item__overlay\"><\/div>\n\t\t\t\t\t\t\t\t\t\t\t\t\t\t<\/a>\n\t\t\t\t\t\t\t<a class=\"e-gallery-item elementor-gallery-item elementor-animated-content\" href=\"https:\/\/www.cm-benavente.pt\/wp-content\/uploads\/2025\/01\/16-aniversario-universidade-senior-concelho-benavente-91-scaled.jpg\" data-elementor-open-lightbox=\"yes\" data-elementor-lightbox-slideshow=\"e7cd8e3\" data-elementor-lightbox-title=\"16 anivers\u00e1rio universidade s\u00e9nior concelho benavente (91)\" data-e-action-hash=\"#elementor-action%3Aaction%3Dlightbox%26settings%3DeyJpZCI6NjQ3MTMsInVybCI6Imh0dHBzOlwvXC93d3cuY20tYmVuYXZlbnRlLnB0XC93cC1jb250ZW50XC91cGxvYWRzXC8yMDI1XC8wMVwvMTYtYW5pdmVyc2FyaW8tdW5pdmVyc2lkYWRlLXNlbmlvci1jb25jZWxoby1iZW5hdmVudGUtOTEtc2NhbGVkLmpwZyIsInNsaWRlc2hvdyI6ImU3Y2Q4ZTMifQ%3D%3D\">\n\t\t\t\t\t<div class=\"e-gallery-image elementor-gallery-item__image\" data-thumbnail=\"https:\/\/www.cm-benavente.pt\/wp-content\/uploads\/2025\/01\/16-aniversario-universidade-senior-concelho-benavente-91-1024x634.jpg\" data-width=\"800\" data-height=\"495\" aria-label=\"\" role=\"img\" ><\/div>\n\t\t\t\t\t\t\t\t\t\t\t<div class=\"elementor-gallery-item__overlay\"><\/div>\n\t\t\t\t\t\t\t\t\t\t\t\t\t\t<\/a>\n\t\t\t\t\t\t\t<a class=\"e-gallery-item elementor-gallery-item elementor-animated-content\" href=\"https:\/\/www.cm-benavente.pt\/wp-content\/uploads\/2025\/01\/16-aniversario-universidade-senior-concelho-benavente-92-scaled.jpg\" data-elementor-open-lightbox=\"yes\" data-elementor-lightbox-slideshow=\"e7cd8e3\" data-elementor-lightbox-title=\"16 anivers\u00e1rio universidade s\u00e9nior concelho benavente (92)\" data-e-action-hash=\"#elementor-action%3Aaction%3Dlightbox%26settings%3DeyJpZCI6NjQ3MTQsInVybCI6Imh0dHBzOlwvXC93d3cuY20tYmVuYXZlbnRlLnB0XC93cC1jb250ZW50XC91cGxvYWRzXC8yMDI1XC8wMVwvMTYtYW5pdmVyc2FyaW8tdW5pdmVyc2lkYWRlLXNlbmlvci1jb25jZWxoby1iZW5hdmVudGUtOTItc2NhbGVkLmpwZyIsInNsaWRlc2hvdyI6ImU3Y2Q4ZTMifQ%3D%3D\">\n\t\t\t\t\t<div class=\"e-gallery-image elementor-gallery-item__image\" data-thumbnail=\"https:\/\/www.cm-benavente.pt\/wp-content\/uploads\/2025\/01\/16-aniversario-universidade-senior-concelho-benavente-92-1024x643.jpg\" data-width=\"800\" data-height=\"502\" aria-label=\"\" role=\"img\" ><\/div>\n\t\t\t\t\t\t\t\t\t\t\t<div class=\"elementor-gallery-item__overlay\"><\/div>\n\t\t\t\t\t\t\t\t\t\t\t\t\t\t<\/a>\n\t\t\t\t\t\t\t<a class=\"e-gallery-item elementor-gallery-item elementor-animated-content\" href=\"https:\/\/www.cm-benavente.pt\/wp-content\/uploads\/2025\/01\/16-aniversario-universidade-senior-concelho-benavente-93-scaled.jpg\" data-elementor-open-lightbox=\"yes\" data-elementor-lightbox-slideshow=\"e7cd8e3\" data-elementor-lightbox-title=\"16 anivers\u00e1rio universidade s\u00e9nior concelho benavente (93)\" data-e-action-hash=\"#elementor-action%3Aaction%3Dlightbox%26settings%3DeyJpZCI6NjQ3MTUsInVybCI6Imh0dHBzOlwvXC93d3cuY20tYmVuYXZlbnRlLnB0XC93cC1jb250ZW50XC91cGxvYWRzXC8yMDI1XC8wMVwvMTYtYW5pdmVyc2FyaW8tdW5pdmVyc2lkYWRlLXNlbmlvci1jb25jZWxoby1iZW5hdmVudGUtOTMtc2NhbGVkLmpwZyIsInNsaWRlc2hvdyI6ImU3Y2Q4ZTMifQ%3D%3D\">\n\t\t\t\t\t<div class=\"e-gallery-image elementor-gallery-item__image\" data-thumbnail=\"https:\/\/www.cm-benavente.pt\/wp-content\/uploads\/2025\/01\/16-aniversario-universidade-senior-concelho-benavente-93-1024x629.jpg\" data-width=\"800\" data-height=\"491\" aria-label=\"\" role=\"img\" ><\/div>\n\t\t\t\t\t\t\t\t\t\t\t<div class=\"elementor-gallery-item__overlay\"><\/div>\n\t\t\t\t\t\t\t\t\t\t\t\t\t\t<\/a>\n\t\t\t\t\t\t\t<a class=\"e-gallery-item elementor-gallery-item elementor-animated-content\" href=\"https:\/\/www.cm-benavente.pt\/wp-content\/uploads\/2025\/01\/16-aniversario-universidade-senior-concelho-benavente-94-scaled.jpg\" data-elementor-open-lightbox=\"yes\" data-elementor-lightbox-slideshow=\"e7cd8e3\" data-elementor-lightbox-title=\"16 anivers\u00e1rio universidade s\u00e9nior concelho benavente (94)\" data-e-action-hash=\"#elementor-action%3Aaction%3Dlightbox%26settings%3DeyJpZCI6NjQ3MTYsInVybCI6Imh0dHBzOlwvXC93d3cuY20tYmVuYXZlbnRlLnB0XC93cC1jb250ZW50XC91cGxvYWRzXC8yMDI1XC8wMVwvMTYtYW5pdmVyc2FyaW8tdW5pdmVyc2lkYWRlLXNlbmlvci1jb25jZWxoby1iZW5hdmVudGUtOTQtc2NhbGVkLmpwZyIsInNsaWRlc2hvdyI6ImU3Y2Q4ZTMifQ%3D%3D\">\n\t\t\t\t\t<div class=\"e-gallery-image elementor-gallery-item__image\" data-thumbnail=\"https:\/\/www.cm-benavente.pt\/wp-content\/uploads\/2025\/01\/16-aniversario-universidade-senior-concelho-benavente-94-1024x713.jpg\" data-width=\"800\" data-height=\"557\" aria-label=\"\" role=\"img\" ><\/div>\n\t\t\t\t\t\t\t\t\t\t\t<div class=\"elementor-gallery-item__overlay\"><\/div>\n\t\t\t\t\t\t\t\t\t\t\t\t\t\t<\/a>\n\t\t\t\t\t\t\t<a class=\"e-gallery-item elementor-gallery-item elementor-animated-content\" href=\"https:\/\/www.cm-benavente.pt\/wp-content\/uploads\/2025\/01\/16-aniversario-universidade-senior-concelho-benavente-95-scaled.jpg\" data-elementor-open-lightbox=\"yes\" data-elementor-lightbox-slideshow=\"e7cd8e3\" data-elementor-lightbox-title=\"16 anivers\u00e1rio universidade s\u00e9nior concelho benavente (95)\" data-e-action-hash=\"#elementor-action%3Aaction%3Dlightbox%26settings%3DeyJpZCI6NjQ3MTcsInVybCI6Imh0dHBzOlwvXC93d3cuY20tYmVuYXZlbnRlLnB0XC93cC1jb250ZW50XC91cGxvYWRzXC8yMDI1XC8wMVwvMTYtYW5pdmVyc2FyaW8tdW5pdmVyc2lkYWRlLXNlbmlvci1jb25jZWxoby1iZW5hdmVudGUtOTUtc2NhbGVkLmpwZyIsInNsaWRlc2hvdyI6ImU3Y2Q4ZTMifQ%3D%3D\">\n\t\t\t\t\t<div class=\"e-gallery-image elementor-gallery-item__image\" data-thumbnail=\"https:\/\/www.cm-benavente.pt\/wp-content\/uploads\/2025\/01\/16-aniversario-universidade-senior-concelho-benavente-95-1024x495.jpg\" data-width=\"800\" data-height=\"387\" aria-label=\"\" role=\"img\" ><\/div>\n\t\t\t\t\t\t\t\t\t\t\t<div class=\"elementor-gallery-item__overlay\"><\/div>\n\t\t\t\t\t\t\t\t\t\t\t\t\t\t<\/a>\n\t\t\t\t\t\t\t<a class=\"e-gallery-item elementor-gallery-item elementor-animated-content\" href=\"https:\/\/www.cm-benavente.pt\/wp-content\/uploads\/2025\/01\/16-aniversario-universidade-senior-concelho-benavente-96-scaled.jpg\" data-elementor-open-lightbox=\"yes\" data-elementor-lightbox-slideshow=\"e7cd8e3\" data-elementor-lightbox-title=\"16 anivers\u00e1rio universidade s\u00e9nior concelho benavente (96)\" data-e-action-hash=\"#elementor-action%3Aaction%3Dlightbox%26settings%3DeyJpZCI6NjQ3MTgsInVybCI6Imh0dHBzOlwvXC93d3cuY20tYmVuYXZlbnRlLnB0XC93cC1jb250ZW50XC91cGxvYWRzXC8yMDI1XC8wMVwvMTYtYW5pdmVyc2FyaW8tdW5pdmVyc2lkYWRlLXNlbmlvci1jb25jZWxoby1iZW5hdmVudGUtOTYtc2NhbGVkLmpwZyIsInNsaWRlc2hvdyI6ImU3Y2Q4ZTMifQ%3D%3D\">\n\t\t\t\t\t<div class=\"e-gallery-image elementor-gallery-item__image\" data-thumbnail=\"https:\/\/www.cm-benavente.pt\/wp-content\/uploads\/2025\/01\/16-aniversario-universidade-senior-concelho-benavente-96-1024x659.jpg\" data-width=\"800\" data-height=\"515\" aria-label=\"\" role=\"img\" ><\/div>\n\t\t\t\t\t\t\t\t\t\t\t<div class=\"elementor-gallery-item__overlay\"><\/div>\n\t\t\t\t\t\t\t\t\t\t\t\t\t\t<\/a>\n\t\t\t\t\t\t\t<a class=\"e-gallery-item elementor-gallery-item elementor-animated-content\" href=\"https:\/\/www.cm-benavente.pt\/wp-content\/uploads\/2025\/01\/16-aniversario-universidade-senior-concelho-benavente-97-scaled.jpg\" data-elementor-open-lightbox=\"yes\" data-elementor-lightbox-slideshow=\"e7cd8e3\" data-elementor-lightbox-title=\"16 anivers\u00e1rio universidade s\u00e9nior concelho benavente (97)\" data-e-action-hash=\"#elementor-action%3Aaction%3Dlightbox%26settings%3DeyJpZCI6NjQ3MTksInVybCI6Imh0dHBzOlwvXC93d3cuY20tYmVuYXZlbnRlLnB0XC93cC1jb250ZW50XC91cGxvYWRzXC8yMDI1XC8wMVwvMTYtYW5pdmVyc2FyaW8tdW5pdmVyc2lkYWRlLXNlbmlvci1jb25jZWxoby1iZW5hdmVudGUtOTctc2NhbGVkLmpwZyIsInNsaWRlc2hvdyI6ImU3Y2Q4ZTMifQ%3D%3D\">\n\t\t\t\t\t<div class=\"e-gallery-image elementor-gallery-item__image\" data-thumbnail=\"https:\/\/www.cm-benavente.pt\/wp-content\/uploads\/2025\/01\/16-aniversario-universidade-senior-concelho-benavente-97-1024x525.jpg\" data-width=\"800\" data-height=\"410\" aria-label=\"\" role=\"img\" ><\/div>\n\t\t\t\t\t\t\t\t\t\t\t<div class=\"elementor-gallery-item__overlay\"><\/div>\n\t\t\t\t\t\t\t\t\t\t\t\t\t\t<\/a>\n\t\t\t\t\t\t\t<a class=\"e-gallery-item elementor-gallery-item elementor-animated-content\" href=\"https:\/\/www.cm-benavente.pt\/wp-content\/uploads\/2025\/01\/16-aniversario-universidade-senior-concelho-benavente-98-scaled.jpg\" data-elementor-open-lightbox=\"yes\" data-elementor-lightbox-slideshow=\"e7cd8e3\" data-elementor-lightbox-title=\"16 anivers\u00e1rio universidade s\u00e9nior concelho benavente (98)\" data-e-action-hash=\"#elementor-action%3Aaction%3Dlightbox%26settings%3DeyJpZCI6NjQ3MjAsInVybCI6Imh0dHBzOlwvXC93d3cuY20tYmVuYXZlbnRlLnB0XC93cC1jb250ZW50XC91cGxvYWRzXC8yMDI1XC8wMVwvMTYtYW5pdmVyc2FyaW8tdW5pdmVyc2lkYWRlLXNlbmlvci1jb25jZWxoby1iZW5hdmVudGUtOTgtc2NhbGVkLmpwZyIsInNsaWRlc2hvdyI6ImU3Y2Q4ZTMifQ%3D%3D\">\n\t\t\t\t\t<div class=\"e-gallery-image elementor-gallery-item__image\" data-thumbnail=\"https:\/\/www.cm-benavente.pt\/wp-content\/uploads\/2025\/01\/16-aniversario-universidade-senior-concelho-benavente-98-1024x672.jpg\" data-width=\"800\" data-height=\"525\" aria-label=\"\" role=\"img\" ><\/div>\n\t\t\t\t\t\t\t\t\t\t\t<div class=\"elementor-gallery-item__overlay\"><\/div>\n\t\t\t\t\t\t\t\t\t\t\t\t\t\t<\/a>\n\t\t\t\t\t\t\t<a class=\"e-gallery-item elementor-gallery-item elementor-animated-content\" href=\"https:\/\/www.cm-benavente.pt\/wp-content\/uploads\/2025\/01\/16-aniversario-universidade-senior-concelho-benavente-99-scaled.jpg\" data-elementor-open-lightbox=\"yes\" data-elementor-lightbox-slideshow=\"e7cd8e3\" data-elementor-lightbox-title=\"16 anivers\u00e1rio universidade s\u00e9nior concelho benavente (99)\" data-e-action-hash=\"#elementor-action%3Aaction%3Dlightbox%26settings%3DeyJpZCI6NjQ3MjEsInVybCI6Imh0dHBzOlwvXC93d3cuY20tYmVuYXZlbnRlLnB0XC93cC1jb250ZW50XC91cGxvYWRzXC8yMDI1XC8wMVwvMTYtYW5pdmVyc2FyaW8tdW5pdmVyc2lkYWRlLXNlbmlvci1jb25jZWxoby1iZW5hdmVudGUtOTktc2NhbGVkLmpwZyIsInNsaWRlc2hvdyI6ImU3Y2Q4ZTMifQ%3D%3D\">\n\t\t\t\t\t<div class=\"e-gallery-image elementor-gallery-item__image\" data-thumbnail=\"https:\/\/www.cm-benavente.pt\/wp-content\/uploads\/2025\/01\/16-aniversario-universidade-senior-concelho-benavente-99-1024x627.jpg\" data-width=\"800\" data-height=\"490\" aria-label=\"\" role=\"img\" ><\/div>\n\t\t\t\t\t\t\t\t\t\t\t<div class=\"elementor-gallery-item__overlay\"><\/div>\n\t\t\t\t\t\t\t\t\t\t\t\t\t\t<\/a>\n\t\t\t\t\t\t\t<a class=\"e-gallery-item elementor-gallery-item elementor-animated-content\" href=\"https:\/\/www.cm-benavente.pt\/wp-content\/uploads\/2025\/01\/16-aniversario-universidade-senior-concelho-benavente-100.jpg\" data-elementor-open-lightbox=\"yes\" data-elementor-lightbox-slideshow=\"e7cd8e3\" data-elementor-lightbox-title=\"16 anivers\u00e1rio universidade s\u00e9nior concelho benavente (100)\" data-e-action-hash=\"#elementor-action%3Aaction%3Dlightbox%26settings%3DeyJpZCI6NjQ3MjIsInVybCI6Imh0dHBzOlwvXC93d3cuY20tYmVuYXZlbnRlLnB0XC93cC1jb250ZW50XC91cGxvYWRzXC8yMDI1XC8wMVwvMTYtYW5pdmVyc2FyaW8tdW5pdmVyc2lkYWRlLXNlbmlvci1jb25jZWxoby1iZW5hdmVudGUtMTAwLmpwZyIsInNsaWRlc2hvdyI6ImU3Y2Q4ZTMifQ%3D%3D\">\n\t\t\t\t\t<div class=\"e-gallery-image elementor-gallery-item__image\" data-thumbnail=\"https:\/\/www.cm-benavente.pt\/wp-content\/uploads\/2025\/01\/16-aniversario-universidade-senior-concelho-benavente-100-1024x576.jpg\" data-width=\"800\" data-height=\"450\" aria-label=\"\" role=\"img\" ><\/div>\n\t\t\t\t\t\t\t\t\t\t\t<div class=\"elementor-gallery-item__overlay\"><\/div>\n\t\t\t\t\t\t\t\t\t\t\t\t\t\t<\/a>\n\t\t\t\t\t<\/div>\n\t\t\t\t\t<\/div>\n\t\t\t\t<\/div>\n\t\t\t\t\t<\/div>\n\t\t\t\t<\/div>\n\t\t\t\t<\/div>\n\t\t","protected":false},"excerpt":{"rendered":"<p>Uma Gala de anivers\u00e1rio muito participada onde professores e alunos da Universidade S\u00e9nior do Concelho de Benavente subiram ao palco do Centro Cultural de Samora Correia para exibir alguns talentos ensaiados durante as v\u00e1rias aulas. <\/p>\n","protected":false},"author":3,"featured_media":64621,"comment_status":"closed","ping_status":"closed","sticky":false,"template":"","format":"standard","meta":{"_vp_format_video_url":"","_vp_image_focal_point":[],"footnotes":""},"categories":[510],"tags":[526,101,185,16,18,94,493,479,1566,27,13,2114,2113],"class_list":["post-64620","post","type-post","status-publish","format-standard","has-post-thumbnail","hentry","category-evento","tag-16-anos","tag-aniversario","tag-barrosa","tag-benavente","tag-exposicao","tag-gala","tag-idosos","tag-municipio-de-benavente","tag-reformados","tag-samora-correia","tag-santo-estevao","tag-senior","tag-universidade"],"_links":{"self":[{"href":"https:\/\/www.cm-benavente.pt\/index.php\/wp-json\/wp\/v2\/posts\/64620","targetHints":{"allow":["GET"]}}],"collection":[{"href":"https:\/\/www.cm-benavente.pt\/index.php\/wp-json\/wp\/v2\/posts"}],"about":[{"href":"https:\/\/www.cm-benavente.pt\/index.php\/wp-json\/wp\/v2\/types\/post"}],"author":[{"embeddable":true,"href":"https:\/\/www.cm-benavente.pt\/index.php\/wp-json\/wp\/v2\/users\/3"}],"replies":[{"embeddable":true,"href":"https:\/\/www.cm-benavente.pt\/index.php\/wp-json\/wp\/v2\/comments?post=64620"}],"version-history":[{"count":4,"href":"https:\/\/www.cm-benavente.pt\/index.php\/wp-json\/wp\/v2\/posts\/64620\/revisions"}],"predecessor-version":[{"id":64725,"href":"https:\/\/www.cm-benavente.pt\/index.php\/wp-json\/wp\/v2\/posts\/64620\/revisions\/64725"}],"wp:featuredmedia":[{"embeddable":true,"href":"https:\/\/www.cm-benavente.pt\/index.php\/wp-json\/wp\/v2\/media\/64621"}],"wp:attachment":[{"href":"https:\/\/www.cm-benavente.pt\/index.php\/wp-json\/wp\/v2\/media?parent=64620"}],"wp:term":[{"taxonomy":"category","embeddable":true,"href":"https:\/\/www.cm-benavente.pt\/index.php\/wp-json\/wp\/v2\/categories?post=64620"},{"taxonomy":"post_tag","embeddable":true,"href":"https:\/\/www.cm-benavente.pt\/index.php\/wp-json\/wp\/v2\/tags?post=64620"}],"curies":[{"name":"wp","href":"https:\/\/api.w.org\/{rel}","templated":true}]}}