{"id":63543,"date":"2024-12-10T10:16:44","date_gmt":"2024-12-10T10:16:44","guid":{"rendered":"https:\/\/www.cm-benavente.pt\/?p=63543"},"modified":"2024-12-10T12:10:19","modified_gmt":"2024-12-10T12:10:19","slug":"v-sessao-ordinaria-da-assembleia-municipal-de-benavente-3","status":"publish","type":"post","link":"https:\/\/www.cm-benavente.pt\/index.php\/2024\/12\/10\/v-sessao-ordinaria-da-assembleia-municipal-de-benavente-3\/","title":{"rendered":"V Sess\u00e3o Ordin\u00e1ria da Assembleia Municipal de Benavente"},"content":{"rendered":"\t\t<div data-elementor-type=\"wp-post\" data-elementor-id=\"63543\" class=\"elementor elementor-63543\" data-elementor-post-type=\"post\">\n\t\t\t\t<div class=\"elementor-element elementor-element-b1208e1 e-flex e-con-boxed e-con e-parent\" data-id=\"b1208e1\" data-element_type=\"container\" data-e-type=\"container\" data-settings=\"{&quot;tmea_shape_divider_top&quot;:&quot;none&quot;,&quot;tmea_shape_divider_bottom&quot;:&quot;none&quot;}\">\n\t\t\t\t\t<div class=\"e-con-inner\">\n\t\t\n\t\t<div class=\"elementor-element elementor-element-88c6843 elementor-widget elementor-widget-text-editor\" data-id=\"88c6843\" data-element_type=\"widget\" data-e-type=\"widget\" data-widget_type=\"text-editor.default\">\n\t\t\t\t<div class=\"elementor-widget-container\">\n\t\t\t\t\t\t\t\t\t<p>Consulte o Edital n\u00ba 16\/2024, relativo \u00e0 <strong>V Sess\u00e3o Ordin\u00e1ria da Assembleia Municipal de Benavente<\/strong>, a ter lugar dia <strong>12 de dezembro de 2024 (5\u00aa feira), pelas 18.30 horas, no Centro Cultural de Benavente<\/strong>, com transmiss\u00e3o online no site e redes sociais da C\u00e2mara Municipal de Benavente.<\/p>\t\t\t\t\t\t\t\t<\/div>\n\t\t\t\t<\/div>\n\t\t\t\t<div class=\"elementor-element elementor-element-4b82d03 elementor-widget elementor-widget-button\" data-id=\"4b82d03\" data-element_type=\"widget\" data-e-type=\"widget\" data-widget_type=\"button.default\">\n\t\t\t\t<div class=\"elementor-widget-container\">\n\t\t\t\t\t\t\t\t\t<div class=\"elementor-button-wrapper\">\n\t\t\t\t\t<a class=\"elementor-button elementor-button-link elementor-size-sm elementor-animation-grow\" href=\"https:\/\/www.cm-benavente.pt\/wp-content\/uploads\/2024\/12\/Edital-n.o-162024-V-Sessao-ordinaria-da-Assembleia-Municipal.pdf\" target=\"_blank\">\n\t\t\t\t\t\t<span class=\"elementor-button-content-wrapper\">\n\t\t\t\t\t\t<span class=\"elementor-button-icon\">\n\t\t\t\t<i aria-hidden=\"true\" class=\"far fa-file-pdf\"><\/i>\t\t\t<\/span>\n\t\t\t\t\t\t\t\t\t<span class=\"elementor-button-text\">Edital n.\u00ba 16\/2024 - V Sess\u00e3o ordin\u00e1ria da Assembleia Municipal<\/span>\n\t\t\t\t\t<\/span>\n\t\t\t\t\t<\/a>\n\t\t\t\t<\/div>\n\t\t\t\t\t\t\t\t<\/div>\n\t\t\t\t<\/div>\n\t\t\t\t<div class=\"elementor-element elementor-element-9aa8bfb elementor-widget elementor-widget-video\" data-id=\"9aa8bfb\" data-element_type=\"widget\" data-e-type=\"widget\" data-settings=\"{&quot;youtube_url&quot;:&quot;https:\\\/\\\/www.youtube.com\\\/watch?v=ystVp0PGW9s&quot;,&quot;video_type&quot;:&quot;youtube&quot;,&quot;controls&quot;:&quot;yes&quot;}\" data-widget_type=\"video.default\">\n\t\t\t\t<div class=\"elementor-widget-container\">\n\t\t\t\t\t\t\t<div class=\"elementor-wrapper elementor-open-inline\">\n\t\t\t<div class=\"elementor-video\"><\/div>\t\t<\/div>\n\t\t\t\t\t\t<\/div>\n\t\t\t\t<\/div>\n\t\t\t\t\t<\/div>\n\t\t\t\t<\/div>\n\t\t\t\t<\/div>\n\t\t","protected":false},"excerpt":{"rendered":"<p>Consulte o Edital n\u00ba 16\/2024, relativo \u00e0 V Sess\u00e3o Ordin\u00e1ria da Assembleia Municipal de Benavente, a ter lugar dia 12 de dezembro de 2024 (5\u00aa feira), pelas 18.30 horas, no Centro Cultural de Benavente, com transmiss\u00e3o online no site e redes sociais da C\u00e2mara Municipal de Benavente.<\/p>\n","protected":false},"author":3,"featured_media":63544,"comment_status":"closed","ping_status":"closed","sticky":false,"template":"","format":"standard","meta":{"_vp_format_video_url":"","_vp_image_focal_point":[],"footnotes":""},"categories":[544],"tags":[44,886,16,239],"class_list":["post-63543","post","type-post","status-publish","format-standard","has-post-thumbnail","hentry","category-assembleia","tag-assembleia","tag-assembleia-municipal","tag-benavente","tag-reuniao"],"_links":{"self":[{"href":"https:\/\/www.cm-benavente.pt\/index.php\/wp-json\/wp\/v2\/posts\/63543","targetHints":{"allow":["GET"]}}],"collection":[{"href":"https:\/\/www.cm-benavente.pt\/index.php\/wp-json\/wp\/v2\/posts"}],"about":[{"href":"https:\/\/www.cm-benavente.pt\/index.php\/wp-json\/wp\/v2\/types\/post"}],"author":[{"embeddable":true,"href":"https:\/\/www.cm-benavente.pt\/index.php\/wp-json\/wp\/v2\/users\/3"}],"replies":[{"embeddable":true,"href":"https:\/\/www.cm-benavente.pt\/index.php\/wp-json\/wp\/v2\/comments?post=63543"}],"version-history":[{"count":7,"href":"https:\/\/www.cm-benavente.pt\/index.php\/wp-json\/wp\/v2\/posts\/63543\/revisions"}],"predecessor-version":[{"id":63551,"href":"https:\/\/www.cm-benavente.pt\/index.php\/wp-json\/wp\/v2\/posts\/63543\/revisions\/63551"}],"wp:featuredmedia":[{"embeddable":true,"href":"https:\/\/www.cm-benavente.pt\/index.php\/wp-json\/wp\/v2\/media\/63544"}],"wp:attachment":[{"href":"https:\/\/www.cm-benavente.pt\/index.php\/wp-json\/wp\/v2\/media?parent=63543"}],"wp:term":[{"taxonomy":"category","embeddable":true,"href":"https:\/\/www.cm-benavente.pt\/index.php\/wp-json\/wp\/v2\/categories?post=63543"},{"taxonomy":"post_tag","embeddable":true,"href":"https:\/\/www.cm-benavente.pt\/index.php\/wp-json\/wp\/v2\/tags?post=63543"}],"curies":[{"name":"wp","href":"https:\/\/api.w.org\/{rel}","templated":true}]}}