{"id":63407,"date":"2024-12-06T15:40:07","date_gmt":"2024-12-06T15:40:07","guid":{"rendered":"https:\/\/www.cm-benavente.pt\/?p=63407"},"modified":"2024-12-06T15:42:22","modified_gmt":"2024-12-06T15:42:22","slug":"aviso-aguas-do-ribatejo-samora-correia-09-dezembro","status":"publish","type":"post","link":"https:\/\/www.cm-benavente.pt\/index.php\/2024\/12\/06\/aviso-aguas-do-ribatejo-samora-correia-09-dezembro\/","title":{"rendered":"Aviso \u00c1guas do Ribatejo \u2013 Samora Correia\/ 09 dezembro"},"content":{"rendered":"\t\t<div data-elementor-type=\"wp-post\" data-elementor-id=\"63407\" class=\"elementor elementor-63407\" data-elementor-post-type=\"post\">\n\t\t\t\t<div class=\"elementor-element elementor-element-ddeb94b e-flex e-con-boxed e-con e-parent\" data-id=\"ddeb94b\" data-element_type=\"container\" data-e-type=\"container\" data-settings=\"{&quot;tmea_shape_divider_top&quot;:&quot;none&quot;,&quot;tmea_shape_divider_bottom&quot;:&quot;none&quot;}\">\n\t\t\t\t\t<div class=\"e-con-inner\">\n\t\t\n\t\t<div class=\"elementor-element elementor-element-e4509f9 elementor-widget elementor-widget-text-editor\" data-id=\"e4509f9\" data-element_type=\"widget\" data-e-type=\"widget\" data-widget_type=\"text-editor.default\">\n\t\t\t\t<div class=\"elementor-widget-container\">\n\t\t\t\t\t\t\t\t\t<p>A <strong>\u00c1GUAS DO RIBATEJO<\/strong> informa que devido a <strong>interven\u00e7\u00f5es no Subsistema de Abastecimento de Samora Correia,<\/strong> ser\u00e3o for\u00e7ados a <strong>suspender o abastecimento de \u00e1gua<\/strong> no per\u00edodo <strong>entre as 14h00 e as 18h00, no dia 9 de dezembro de 2024, segunda-feira<\/strong>.<\/p><p><strong>Locais afetados:<\/strong><\/p><p style=\"padding-left: 40px;\">\u2022 Azinhaga V\u00e1rzea das Vinhas<br \/>\u2022 Lote 22 da Rua Branquinho da Fonseca<\/p><p>A AR &#8211; \u00c1GUAS DO RIBATEJO alerta que se notar a turva\u00e7\u00e3o da \u00e1gua ou se necessitar de qualquer esclarecimento, deve contactar os servi\u00e7os pelo<br \/>tel: <a href=\"tel:263509400\">263 509 400<\/a> (dias \u00fateis das 09h00 \u00e0s 18h00) ou n\u00famero verde e gratuito <a href=\"tel:800202040\">800 20 20 40<\/a> (dias \u00fateis entre as 18h00 e as 09h00 e s\u00e1bados, domingos e feriados).<\/p>\t\t\t\t\t\t\t\t<\/div>\n\t\t\t\t<\/div>\n\t\t\t\t<div class=\"elementor-element elementor-element-06e5f7a elementor-widget elementor-widget-button\" data-id=\"06e5f7a\" data-element_type=\"widget\" data-e-type=\"widget\" data-widget_type=\"button.default\">\n\t\t\t\t<div class=\"elementor-widget-container\">\n\t\t\t\t\t\t\t\t\t<div class=\"elementor-button-wrapper\">\n\t\t\t\t\t<a class=\"elementor-button elementor-button-link elementor-size-sm elementor-animation-grow\" href=\"https:\/\/www.cm-benavente.pt\/wp-content\/uploads\/2024\/12\/Suspensao-SAMORA-9-DEZ-TARDE.pdf\" target=\"_blank\">\n\t\t\t\t\t\t<span class=\"elementor-button-content-wrapper\">\n\t\t\t\t\t\t<span class=\"elementor-button-icon\">\n\t\t\t\t<i aria-hidden=\"true\" class=\"far fa-file-pdf\"><\/i>\t\t\t<\/span>\n\t\t\t\t\t\t\t\t\t<span class=\"elementor-button-text\">Suspens\u00e3o SAMORA 9 DEZ TARDE<\/span>\n\t\t\t\t\t<\/span>\n\t\t\t\t\t<\/a>\n\t\t\t\t<\/div>\n\t\t\t\t\t\t\t\t<\/div>\n\t\t\t\t<\/div>\n\t\t\t\t\t<\/div>\n\t\t\t\t<\/div>\n\t\t\t\t<\/div>\n\t\t","protected":false},"excerpt":{"rendered":"<p>A \u00c1GUAS DO RIBATEJO informa que devido a interven\u00e7\u00f5es no Subsistema de Abastecimento de Samora Correia, ser\u00e3o for\u00e7ados a suspender o abastecimento de \u00e1gua no per\u00edodo entre as 14h00 e as 18h00, no dia 9 de dezembro de 2024, segunda-feira.<\/p>\n<p>Locais afetados:<br \/>\n\u2022 Azinhaga V\u00e1rzea das Vinhas<br \/>\n\u2022 Lote 22 da Rua Branquinho da Fonseca<\/p>\n","protected":false},"author":3,"featured_media":63408,"comment_status":"closed","ping_status":"closed","sticky":false,"template":"","format":"standard","meta":{"_vp_format_video_url":"","_vp_image_focal_point":[],"footnotes":""},"categories":[545,518],"tags":[19,321,27,20],"class_list":["post-63407","post","type-post","status-publish","format-standard","has-post-thumbnail","hentry","category-informacao","category-municipio","tag-agua","tag-aguas-do-ribatejo","tag-samora-correia","tag-suspensao"],"_links":{"self":[{"href":"https:\/\/www.cm-benavente.pt\/index.php\/wp-json\/wp\/v2\/posts\/63407","targetHints":{"allow":["GET"]}}],"collection":[{"href":"https:\/\/www.cm-benavente.pt\/index.php\/wp-json\/wp\/v2\/posts"}],"about":[{"href":"https:\/\/www.cm-benavente.pt\/index.php\/wp-json\/wp\/v2\/types\/post"}],"author":[{"embeddable":true,"href":"https:\/\/www.cm-benavente.pt\/index.php\/wp-json\/wp\/v2\/users\/3"}],"replies":[{"embeddable":true,"href":"https:\/\/www.cm-benavente.pt\/index.php\/wp-json\/wp\/v2\/comments?post=63407"}],"version-history":[{"count":4,"href":"https:\/\/www.cm-benavente.pt\/index.php\/wp-json\/wp\/v2\/posts\/63407\/revisions"}],"predecessor-version":[{"id":63413,"href":"https:\/\/www.cm-benavente.pt\/index.php\/wp-json\/wp\/v2\/posts\/63407\/revisions\/63413"}],"wp:featuredmedia":[{"embeddable":true,"href":"https:\/\/www.cm-benavente.pt\/index.php\/wp-json\/wp\/v2\/media\/63408"}],"wp:attachment":[{"href":"https:\/\/www.cm-benavente.pt\/index.php\/wp-json\/wp\/v2\/media?parent=63407"}],"wp:term":[{"taxonomy":"category","embeddable":true,"href":"https:\/\/www.cm-benavente.pt\/index.php\/wp-json\/wp\/v2\/categories?post=63407"},{"taxonomy":"post_tag","embeddable":true,"href":"https:\/\/www.cm-benavente.pt\/index.php\/wp-json\/wp\/v2\/tags?post=63407"}],"curies":[{"name":"wp","href":"https:\/\/api.w.org\/{rel}","templated":true}]}}