{"id":63239,"date":"2024-12-05T17:28:33","date_gmt":"2024-12-05T17:28:33","guid":{"rendered":"https:\/\/www.cm-benavente.pt\/?p=63239"},"modified":"2024-12-05T17:30:03","modified_gmt":"2024-12-05T17:30:03","slug":"edital-proibicao-de-estacionamento-benavente","status":"publish","type":"post","link":"https:\/\/www.cm-benavente.pt\/index.php\/2024\/12\/05\/edital-proibicao-de-estacionamento-benavente\/","title":{"rendered":"Edital &#8211; Proibi\u00e7\u00e3o de Estacionamento\/ Benavente"},"content":{"rendered":"\t\t<div data-elementor-type=\"wp-post\" data-elementor-id=\"63239\" class=\"elementor elementor-63239\" data-elementor-post-type=\"post\">\n\t\t\t\t<div class=\"elementor-element elementor-element-db690ea e-flex e-con-boxed e-con e-parent\" data-id=\"db690ea\" data-element_type=\"container\" data-e-type=\"container\" data-settings=\"{&quot;tmea_shape_divider_top&quot;:&quot;none&quot;,&quot;tmea_shape_divider_bottom&quot;:&quot;none&quot;}\">\n\t\t\t\t\t<div class=\"e-con-inner\">\n\t\t\n\t\t<div class=\"elementor-element elementor-element-54015aa elementor-widget elementor-widget-text-editor\" data-id=\"54015aa\" data-element_type=\"widget\" data-e-type=\"widget\" data-widget_type=\"text-editor.default\">\n\t\t\t\t<div class=\"elementor-widget-container\">\n\t\t\t\t\t\t\t\t\t<p>Torna-se p\u00fablico que, em virtude das <strong>necessidades log\u00edsticas relativas a espet\u00e1culo musical<\/strong> que decorrer\u00e1 no dia 06\/12\/2024, no Cineteatro de Benavente, ser\u00e1<strong> proibido o estacionamento p\u00fablicos de autom\u00f3veis<\/strong> no tro\u00e7o da <strong>Rua dos Cavaleiros, em Benavente<\/strong> (conforme, assinalada a cor vermelho na imagem infra), <strong>entre as 16.00 e as 24:00 horas do dia 6 de dezembro de 2024.<\/strong><\/p>\t\t\t\t\t\t\t\t<\/div>\n\t\t\t\t<\/div>\n\t\t\t\t<div class=\"elementor-element elementor-element-9836176 elementor-widget elementor-widget-button\" data-id=\"9836176\" data-element_type=\"widget\" data-e-type=\"widget\" data-widget_type=\"button.default\">\n\t\t\t\t<div class=\"elementor-widget-container\">\n\t\t\t\t\t\t\t\t\t<div class=\"elementor-button-wrapper\">\n\t\t\t\t\t<a class=\"elementor-button elementor-button-link elementor-size-sm elementor-animation-grow\" href=\"https:\/\/www.cm-benavente.pt\/wp-content\/uploads\/2024\/12\/Edital-No-5192024-Proibicao-estacionamento-Benavente.pdf\" target=\"_blank\">\n\t\t\t\t\t\t<span class=\"elementor-button-content-wrapper\">\n\t\t\t\t\t\t<span class=\"elementor-button-icon\">\n\t\t\t\t<i aria-hidden=\"true\" class=\"far fa-file-pdf\"><\/i>\t\t\t<\/span>\n\t\t\t\t\t\t\t\t\t<span class=\"elementor-button-text\">Edital N\u00ba 519\/2024 - Proibi\u00e7\u00e3o estacionamento - Benavente<\/span>\n\t\t\t\t\t<\/span>\n\t\t\t\t\t<\/a>\n\t\t\t\t<\/div>\n\t\t\t\t\t\t\t\t<\/div>\n\t\t\t\t<\/div>\n\t\t\t\t\t<\/div>\n\t\t\t\t<\/div>\n\t\t\t\t<\/div>\n\t\t","protected":false},"excerpt":{"rendered":"<p>Torna-se p\u00fablico que, em virtude das necessidades log\u00edsticas relativas a espet\u00e1culo musical que decorrer\u00e1 no dia 06\/12\/2024, no Cineteatro de Benavente, ser\u00e1 proibido o estacionamento p\u00fablicos de autom\u00f3veis no tro\u00e7o da Rua dos Cavaleiros, em Benavente (conforme, assinalada a cor vermelho na imagem infra), entre as 16.00 e as 24:00 horas do dia 6 de dezembro de 2024.<\/p>\n","protected":false},"author":3,"featured_media":63240,"comment_status":"closed","ping_status":"closed","sticky":false,"template":"","format":"standard","meta":{"_vp_format_video_url":"","_vp_image_focal_point":[],"footnotes":""},"categories":[545,480],"tags":[16,58,302,868,481],"class_list":["post-63239","post","type-post","status-publish","format-standard","has-post-thumbnail","hentry","category-informacao","category-transito","tag-benavente","tag-cineteatro","tag-estacionamento","tag-proibido","tag-transito"],"_links":{"self":[{"href":"https:\/\/www.cm-benavente.pt\/index.php\/wp-json\/wp\/v2\/posts\/63239","targetHints":{"allow":["GET"]}}],"collection":[{"href":"https:\/\/www.cm-benavente.pt\/index.php\/wp-json\/wp\/v2\/posts"}],"about":[{"href":"https:\/\/www.cm-benavente.pt\/index.php\/wp-json\/wp\/v2\/types\/post"}],"author":[{"embeddable":true,"href":"https:\/\/www.cm-benavente.pt\/index.php\/wp-json\/wp\/v2\/users\/3"}],"replies":[{"embeddable":true,"href":"https:\/\/www.cm-benavente.pt\/index.php\/wp-json\/wp\/v2\/comments?post=63239"}],"version-history":[{"count":4,"href":"https:\/\/www.cm-benavente.pt\/index.php\/wp-json\/wp\/v2\/posts\/63239\/revisions"}],"predecessor-version":[{"id":63244,"href":"https:\/\/www.cm-benavente.pt\/index.php\/wp-json\/wp\/v2\/posts\/63239\/revisions\/63244"}],"wp:featuredmedia":[{"embeddable":true,"href":"https:\/\/www.cm-benavente.pt\/index.php\/wp-json\/wp\/v2\/media\/63240"}],"wp:attachment":[{"href":"https:\/\/www.cm-benavente.pt\/index.php\/wp-json\/wp\/v2\/media?parent=63239"}],"wp:term":[{"taxonomy":"category","embeddable":true,"href":"https:\/\/www.cm-benavente.pt\/index.php\/wp-json\/wp\/v2\/categories?post=63239"},{"taxonomy":"post_tag","embeddable":true,"href":"https:\/\/www.cm-benavente.pt\/index.php\/wp-json\/wp\/v2\/tags?post=63239"}],"curies":[{"name":"wp","href":"https:\/\/api.w.org\/{rel}","templated":true}]}}