{"id":63227,"date":"2024-12-05T15:42:37","date_gmt":"2024-12-05T15:42:37","guid":{"rendered":"https:\/\/www.cm-benavente.pt\/?p=63227"},"modified":"2024-12-05T15:47:21","modified_gmt":"2024-12-05T15:47:21","slug":"editais-condicionamento-e-desvio-de-transito-benavente","status":"publish","type":"post","link":"https:\/\/www.cm-benavente.pt\/index.php\/2024\/12\/05\/editais-condicionamento-e-desvio-de-transito-benavente\/","title":{"rendered":"Editais &#8211; Condicionamento e Desvio de Tr\u00e2nsito\/ Benavente"},"content":{"rendered":"\t\t<div data-elementor-type=\"wp-post\" data-elementor-id=\"63227\" class=\"elementor elementor-63227\" data-elementor-post-type=\"post\">\n\t\t\t\t<div class=\"elementor-element elementor-element-b76b3fa e-flex e-con-boxed e-con e-parent\" data-id=\"b76b3fa\" data-element_type=\"container\" data-e-type=\"container\" data-settings=\"{&quot;tmea_shape_divider_top&quot;:&quot;none&quot;,&quot;tmea_shape_divider_bottom&quot;:&quot;none&quot;}\">\n\t\t\t\t\t<div class=\"e-con-inner\">\n\t\t\n\t\t<div class=\"elementor-element elementor-element-c34945c elementor-widget elementor-widget-text-editor\" data-id=\"c34945c\" data-element_type=\"widget\" data-e-type=\"widget\" data-widget_type=\"text-editor.default\">\n\t\t\t\t<div class=\"elementor-widget-container\">\n\t\t\t\t\t\t\t\t\t<p>Informa-se a popula\u00e7\u00e3o que devido \u00e0 necessidade e de executar <strong>trabalhos relacionados com as travessias para infraestruturas el\u00e9tricas, pluviais e repavimenta\u00e7\u00e3o do pavimento rodovi\u00e1rio e pedonal, no Largo das Andorinhas e Rua C\u00e9sar Lu\u00eds<\/strong> (a desenvolver em duas fases), em Benavente, no \u00e2mbito da empreitada de \u201cRequalifica\u00e7\u00e3o da \u00c1rea Envolvente ao Centro Cultural de Benavente e da Av\u00aa Dr. Francisco Jos\u00e9 Calheiros Lopes, em Benavente\u201d com o processo n\u00ba 2023\/300.10.001\/1, h\u00e1 necessidade proceder a <strong>condicionamento e desvio de tr\u00e2nsito<\/strong> naquelas art\u00e9rias.<\/p><p>O in\u00edcio dos trabalhos, <strong>1\u00aa fase<\/strong>, na <strong>Rua C\u00e9sar Lu\u00eds<\/strong>, est\u00e1 previsto para o <strong>dia 3 de dezembro<\/strong> e com a <strong>dura\u00e7\u00e3o aproximada de 20.(vinte) dias.<\/strong><\/p><p><strong>Ap\u00f3s a conclus\u00e3o dos trabalhos na Rua<\/strong>, ter\u00e3o in\u00edcio os trabalhos no <strong>Largo das Andorinhas, com dura\u00e7\u00e3o aproximada de 70 (setenta) dias.<\/strong><\/p><p>Os trabalhos ser\u00e3o realizados de forma a minorar os constrangimentos aos mun\u00edcipes e automobilistas a n\u00edvel temporal.<\/p><p>Nesse sentido, apelamos \u00e0 melhor colabora\u00e7\u00e3o e compreens\u00e3o de todos, apresentando antecipadamente desculpas pelos inconvenientes causados.<\/p>\t\t\t\t\t\t\t\t<\/div>\n\t\t\t\t<\/div>\n\t\t\t\t\t<\/div>\n\t\t\t\t<\/div>\n\t\t<div class=\"elementor-element elementor-element-d30b3bf e-flex e-con-boxed e-con e-parent\" data-id=\"d30b3bf\" data-element_type=\"container\" data-e-type=\"container\" data-settings=\"{&quot;tmea_shape_divider_top&quot;:&quot;none&quot;,&quot;tmea_shape_divider_bottom&quot;:&quot;none&quot;}\">\n\t\t\t\t\t<div class=\"e-con-inner\">\n\t\t<div class=\"elementor-element elementor-element-e8d87aa e-con-full e-flex e-con e-child\" data-id=\"e8d87aa\" data-element_type=\"container\" data-e-type=\"container\" data-settings=\"{&quot;tmea_shape_divider_top&quot;:&quot;none&quot;,&quot;tmea_shape_divider_bottom&quot;:&quot;none&quot;}\">\n\t\t\t\t<div class=\"elementor-element elementor-element-cb7b893 elementor-widget elementor-widget-button\" data-id=\"cb7b893\" data-element_type=\"widget\" data-e-type=\"widget\" data-widget_type=\"button.default\">\n\t\t\t\t<div class=\"elementor-widget-container\">\n\t\t\t\t\t\t\t\t\t<div class=\"elementor-button-wrapper\">\n\t\t\t\t\t<a class=\"elementor-button elementor-button-link elementor-size-sm elementor-animation-grow\" href=\"https:\/\/www.cm-benavente.pt\/wp-content\/uploads\/2024\/12\/Aviso-No-400962024-Desvio-transito.pdf\" target=\"_blank\">\n\t\t\t\t\t\t<span class=\"elementor-button-content-wrapper\">\n\t\t\t\t\t\t<span class=\"elementor-button-icon\">\n\t\t\t\t<i aria-hidden=\"true\" class=\"far fa-file-pdf\"><\/i>\t\t\t<\/span>\n\t\t\t\t\t\t\t\t\t<span class=\"elementor-button-text\">Aviso N\u00ba 40096\/2024 - Desvio tr\u00e2nsito<\/span>\n\t\t\t\t\t<\/span>\n\t\t\t\t\t<\/a>\n\t\t\t\t<\/div>\n\t\t\t\t\t\t\t\t<\/div>\n\t\t\t\t<\/div>\n\t\t\t\t<\/div>\n\t\t<div class=\"elementor-element elementor-element-3186958 e-con-full e-flex e-con e-child\" data-id=\"3186958\" data-element_type=\"container\" data-e-type=\"container\" data-settings=\"{&quot;tmea_shape_divider_top&quot;:&quot;none&quot;,&quot;tmea_shape_divider_bottom&quot;:&quot;none&quot;}\">\n\t\t\t\t<div class=\"elementor-element elementor-element-20beb10 elementor-widget elementor-widget-button\" data-id=\"20beb10\" data-element_type=\"widget\" data-e-type=\"widget\" data-widget_type=\"button.default\">\n\t\t\t\t<div class=\"elementor-widget-container\">\n\t\t\t\t\t\t\t\t\t<div class=\"elementor-button-wrapper\">\n\t\t\t\t\t<a class=\"elementor-button elementor-button-link elementor-size-sm elementor-animation-grow\" href=\"https:\/\/www.cm-benavente.pt\/wp-content\/uploads\/2024\/12\/Plano-de-Sinalizacao-Temporaria.pdf\" target=\"_blank\">\n\t\t\t\t\t\t<span class=\"elementor-button-content-wrapper\">\n\t\t\t\t\t\t<span class=\"elementor-button-icon\">\n\t\t\t\t<i aria-hidden=\"true\" class=\"far fa-file-pdf\"><\/i>\t\t\t<\/span>\n\t\t\t\t\t\t\t\t\t<span class=\"elementor-button-text\">Plano de Sinaliza\u00e7\u00e3o Tempor\u00e1ria<\/span>\n\t\t\t\t\t<\/span>\n\t\t\t\t\t<\/a>\n\t\t\t\t<\/div>\n\t\t\t\t\t\t\t\t<\/div>\n\t\t\t\t<\/div>\n\t\t\t\t<\/div>\n\t\t<div class=\"elementor-element elementor-element-0c2421b e-con-full e-flex e-con e-child\" data-id=\"0c2421b\" data-element_type=\"container\" data-e-type=\"container\" data-settings=\"{&quot;tmea_shape_divider_top&quot;:&quot;none&quot;,&quot;tmea_shape_divider_bottom&quot;:&quot;none&quot;}\">\n\t\t\t\t<div class=\"elementor-element elementor-element-8c6c238 elementor-widget elementor-widget-button\" data-id=\"8c6c238\" data-element_type=\"widget\" data-e-type=\"widget\" data-widget_type=\"button.default\">\n\t\t\t\t<div class=\"elementor-widget-container\">\n\t\t\t\t\t\t\t\t\t<div class=\"elementor-button-wrapper\">\n\t\t\t\t\t<a class=\"elementor-button elementor-button-link elementor-size-sm elementor-animation-grow\" href=\"https:\/\/www.cm-benavente.pt\/wp-content\/uploads\/2024\/12\/Desenho_ST.pdf\" target=\"_blank\">\n\t\t\t\t\t\t<span class=\"elementor-button-content-wrapper\">\n\t\t\t\t\t\t<span class=\"elementor-button-icon\">\n\t\t\t\t<i aria-hidden=\"true\" class=\"far fa-file-pdf\"><\/i>\t\t\t<\/span>\n\t\t\t\t\t\t\t\t\t<span class=\"elementor-button-text\">Desenho_ST<\/span>\n\t\t\t\t\t<\/span>\n\t\t\t\t\t<\/a>\n\t\t\t\t<\/div>\n\t\t\t\t\t\t\t\t<\/div>\n\t\t\t\t<\/div>\n\t\t\t\t<\/div>\n\t\t\t\t\t<\/div>\n\t\t\t\t<\/div>\n\t\t\t\t<\/div>\n\t\t","protected":false},"excerpt":{"rendered":"<p>Informa-se a popula\u00e7\u00e3o que devido \u00e0 necessidade e de executar trabalhos relacionados com as travessias para infraestruturas el\u00e9tricas, pluviais e repavimenta\u00e7\u00e3o do pavimento rodovi\u00e1rio e pedonal, no Largo das Andorinhas e Rua C\u00e9sar Lu\u00eds (a desenvolver em duas fases), em Benavente, no \u00e2mbito da empreitada de \u201cRequalifica\u00e7\u00e3o da \u00c1rea Envolvente ao Centro Cultural de Benavente e da Av\u00aa Dr. Francisco Jos\u00e9 Calheiros Lopes, em Benavente\u201d com o processo n\u00ba 2023\/300.10.001\/1, h\u00e1 necessidade proceder a condicionamento e desvio de tr\u00e2nsito naquelas art\u00e9rias.<\/p>\n","protected":false},"author":3,"featured_media":63228,"comment_status":"closed","ping_status":"closed","sticky":false,"template":"","format":"standard","meta":{"_vp_format_video_url":"","_vp_image_focal_point":[],"footnotes":""},"categories":[480],"tags":[16,774,2223,15,481],"class_list":["post-63227","post","type-post","status-publish","format-standard","has-post-thumbnail","hentry","category-transito","tag-benavente","tag-condicionamento","tag-desvio","tag-obras","tag-transito"],"_links":{"self":[{"href":"https:\/\/www.cm-benavente.pt\/index.php\/wp-json\/wp\/v2\/posts\/63227","targetHints":{"allow":["GET"]}}],"collection":[{"href":"https:\/\/www.cm-benavente.pt\/index.php\/wp-json\/wp\/v2\/posts"}],"about":[{"href":"https:\/\/www.cm-benavente.pt\/index.php\/wp-json\/wp\/v2\/types\/post"}],"author":[{"embeddable":true,"href":"https:\/\/www.cm-benavente.pt\/index.php\/wp-json\/wp\/v2\/users\/3"}],"replies":[{"embeddable":true,"href":"https:\/\/www.cm-benavente.pt\/index.php\/wp-json\/wp\/v2\/comments?post=63227"}],"version-history":[{"count":4,"href":"https:\/\/www.cm-benavente.pt\/index.php\/wp-json\/wp\/v2\/posts\/63227\/revisions"}],"predecessor-version":[{"id":63232,"href":"https:\/\/www.cm-benavente.pt\/index.php\/wp-json\/wp\/v2\/posts\/63227\/revisions\/63232"}],"wp:featuredmedia":[{"embeddable":true,"href":"https:\/\/www.cm-benavente.pt\/index.php\/wp-json\/wp\/v2\/media\/63228"}],"wp:attachment":[{"href":"https:\/\/www.cm-benavente.pt\/index.php\/wp-json\/wp\/v2\/media?parent=63227"}],"wp:term":[{"taxonomy":"category","embeddable":true,"href":"https:\/\/www.cm-benavente.pt\/index.php\/wp-json\/wp\/v2\/categories?post=63227"},{"taxonomy":"post_tag","embeddable":true,"href":"https:\/\/www.cm-benavente.pt\/index.php\/wp-json\/wp\/v2\/tags?post=63227"}],"curies":[{"name":"wp","href":"https:\/\/api.w.org\/{rel}","templated":true}]}}