{"id":62996,"date":"2024-12-02T14:13:30","date_gmt":"2024-12-02T14:13:30","guid":{"rendered":"https:\/\/www.cm-benavente.pt\/?p=62996"},"modified":"2025-02-06T11:24:03","modified_gmt":"2025-02-06T11:24:03","slug":"r23-na-escola-e-b-23-do-porto-alto-sera-uma-realidade-em-breve","status":"publish","type":"post","link":"https:\/\/www.cm-benavente.pt\/index.php\/2024\/12\/02\/r23-na-escola-e-b-23-do-porto-alto-sera-uma-realidade-em-breve\/","title":{"rendered":"R23 na Escola B\u00e1sica 2,3 do Porto Alto ser\u00e1 uma realidade em breve"},"content":{"rendered":"\t\t<div data-elementor-type=\"wp-post\" data-elementor-id=\"62996\" class=\"elementor elementor-62996\" data-elementor-post-type=\"post\">\n\t\t\t\t<div class=\"elementor-element elementor-element-659f147 e-flex e-con-boxed e-con e-parent\" data-id=\"659f147\" data-element_type=\"container\" data-e-type=\"container\" data-settings=\"{&quot;tmea_shape_divider_top&quot;:&quot;none&quot;,&quot;tmea_shape_divider_bottom&quot;:&quot;none&quot;}\">\n\t\t\t\t\t<div class=\"e-con-inner\">\n\t\t\n\t\t<div class=\"elementor-element elementor-element-6e433cf elementor-widget elementor-widget-text-editor\" data-id=\"6e433cf\" data-element_type=\"widget\" data-e-type=\"widget\" data-widget_type=\"text-editor.default\">\n\t\t\t\t<div class=\"elementor-widget-container\">\n\t\t\t\t\t\t\t\t\t<p>Ap\u00f3s o sucesso da remodela\u00e7\u00e3o do refeit\u00f3rio escolar da C+S Duarte Lopes, em Benavente e do refeit\u00f3rio da escola Jo\u00e3o Fernandes Pratas, em Samora Correia, <strong>o projeto base do R23 chegou agora \u00e0 escola b\u00e1sica 2,3 do Porto Alto.<\/strong> <br \/>O caminho para dar nova vida e din\u00e2mica aos <strong>refeit\u00f3rios escolares<\/strong> do Munic\u00edpio de Benavente continua com a participa\u00e7\u00e3o da comunidade escolar, numa interven\u00e7\u00e3o que pretende revolucionar o ambiente do refeit\u00f3rio e as ementas, criando um servi\u00e7o de refei\u00e7\u00f5es que responde \u00e0s necessidades nutricionais e, ao mesmo tempo, corresponde \u00e0s expectativas dos alunos e encarregados de educa\u00e7\u00e3o<\/p><p>O R3 chega \u00e0 Escola B\u00e1sica 2,3 do Porto Alto com uma nova imagem, cores atraentes e mobili\u00e1rio moderno, mudando assim o cen\u00e1rio e o conforto do refeit\u00f3rio, incentivando ao consumo de refei\u00e7\u00f5es saud\u00e1veis, equilibradas e sustent\u00e1veis.<br \/>As obras de constru\u00e7\u00e3o civil ser\u00e3o realizadas por trabalhadores da c\u00e2mara e incluem repara\u00e7\u00e3o e pintura de paredes, tetos, caixas de estores e todo o interior da cozinha. Mesas e cadeiras novas ir\u00e3o conferir um ambiente acolhedor, enriquecido com o design aplicado nas paredes do refeit\u00f3rio.<\/p><p>Com o objetivo de que toda a comunidade escolar possa fazer parte da mudan\u00e7a e que a mesma seja bem sucedida, foram envolvidos no processo alunos e professores e os encarregados de educa\u00e7\u00e3o. <br \/>O refeit\u00f3rio ir\u00e1 continuar aberto \u00e0 visita e partilha de refei\u00e7\u00e3o por parte dos pais e encarregados de educa\u00e7\u00e3o, com inscri\u00e7\u00e3o pr\u00e9via (gratuito).<\/p><p><strong>Saiba mais<\/strong> em <a href=\"https:\/\/bit.ly\/refeitorios-R23\" target=\"_blank\" rel=\"noopener\">https:\/\/bit.ly\/refeitorios-R23<\/a><\/p>\t\t\t\t\t\t\t\t<\/div>\n\t\t\t\t<\/div>\n\t\t\t\t<div class=\"elementor-element elementor-element-baab9d6 elementor-widget elementor-widget-gallery\" data-id=\"baab9d6\" data-element_type=\"widget\" data-e-type=\"widget\" data-settings=\"{&quot;columns&quot;:8,&quot;lazyload&quot;:&quot;yes&quot;,&quot;gallery_layout&quot;:&quot;grid&quot;,&quot;columns_tablet&quot;:2,&quot;columns_mobile&quot;:1,&quot;gap&quot;:{&quot;unit&quot;:&quot;px&quot;,&quot;size&quot;:10,&quot;sizes&quot;:[]},&quot;gap_widescreen&quot;:{&quot;unit&quot;:&quot;px&quot;,&quot;size&quot;:&quot;&quot;,&quot;sizes&quot;:[]},&quot;gap_laptop&quot;:{&quot;unit&quot;:&quot;px&quot;,&quot;size&quot;:10,&quot;sizes&quot;:[]},&quot;gap_tablet_extra&quot;:{&quot;unit&quot;:&quot;px&quot;,&quot;size&quot;:10,&quot;sizes&quot;:[]},&quot;gap_tablet&quot;:{&quot;unit&quot;:&quot;px&quot;,&quot;size&quot;:10,&quot;sizes&quot;:[]},&quot;gap_mobile_extra&quot;:{&quot;unit&quot;:&quot;px&quot;,&quot;size&quot;:10,&quot;sizes&quot;:[]},&quot;gap_mobile&quot;:{&quot;unit&quot;:&quot;px&quot;,&quot;size&quot;:10,&quot;sizes&quot;:[]},&quot;link_to&quot;:&quot;file&quot;,&quot;aspect_ratio&quot;:&quot;3:2&quot;,&quot;overlay_background&quot;:&quot;yes&quot;,&quot;content_hover_animation&quot;:&quot;fade-in&quot;}\" data-widget_type=\"gallery.default\">\n\t\t\t\t<div class=\"elementor-widget-container\">\n\t\t\t\t\t\t\t<div class=\"elementor-gallery__container\">\n\t\t\t\t\t\t\t<a class=\"e-gallery-item elementor-gallery-item elementor-animated-content\" href=\"https:\/\/www.cm-benavente.pt\/wp-content\/uploads\/2024\/12\/refeitorios-projeto-r23-escola-porto-alto-1-scaled.jpg\" data-elementor-open-lightbox=\"yes\" data-elementor-lightbox-slideshow=\"baab9d6\" data-elementor-lightbox-title=\"refeit\u00f3rios projeto r23 escola porto alto (1)\" data-e-action-hash=\"#elementor-action%3Aaction%3Dlightbox%26settings%3DeyJpZCI6NjI5OTksInVybCI6Imh0dHBzOlwvXC93d3cuY20tYmVuYXZlbnRlLnB0XC93cC1jb250ZW50XC91cGxvYWRzXC8yMDI0XC8xMlwvcmVmZWl0b3Jpb3MtcHJvamV0by1yMjMtZXNjb2xhLXBvcnRvLWFsdG8tMS1zY2FsZWQuanBnIiwic2xpZGVzaG93IjoiYmFhYjlkNiJ9\">\n\t\t\t\t\t<div class=\"e-gallery-image elementor-gallery-item__image\" data-thumbnail=\"https:\/\/www.cm-benavente.pt\/wp-content\/uploads\/2024\/12\/refeitorios-projeto-r23-escola-porto-alto-1-1024x525.jpg\" data-width=\"800\" data-height=\"410\" aria-label=\"\" role=\"img\" ><\/div>\n\t\t\t\t\t\t\t\t\t\t\t<div class=\"elementor-gallery-item__overlay\"><\/div>\n\t\t\t\t\t\t\t\t\t\t\t\t\t\t<\/a>\n\t\t\t\t\t\t\t<a class=\"e-gallery-item elementor-gallery-item elementor-animated-content\" href=\"https:\/\/www.cm-benavente.pt\/wp-content\/uploads\/2024\/12\/refeitorios-projeto-r23-escola-porto-alto-2-scaled.jpg\" data-elementor-open-lightbox=\"yes\" data-elementor-lightbox-slideshow=\"baab9d6\" data-elementor-lightbox-title=\"refeit\u00f3rios projeto r23 escola porto alto (2)\" data-e-action-hash=\"#elementor-action%3Aaction%3Dlightbox%26settings%3DeyJpZCI6NjMwMDAsInVybCI6Imh0dHBzOlwvXC93d3cuY20tYmVuYXZlbnRlLnB0XC93cC1jb250ZW50XC91cGxvYWRzXC8yMDI0XC8xMlwvcmVmZWl0b3Jpb3MtcHJvamV0by1yMjMtZXNjb2xhLXBvcnRvLWFsdG8tMi1zY2FsZWQuanBnIiwic2xpZGVzaG93IjoiYmFhYjlkNiJ9\">\n\t\t\t\t\t<div class=\"e-gallery-image elementor-gallery-item__image\" data-thumbnail=\"https:\/\/www.cm-benavente.pt\/wp-content\/uploads\/2024\/12\/refeitorios-projeto-r23-escola-porto-alto-2-1024x593.jpg\" data-width=\"800\" data-height=\"463\" aria-label=\"\" role=\"img\" ><\/div>\n\t\t\t\t\t\t\t\t\t\t\t<div class=\"elementor-gallery-item__overlay\"><\/div>\n\t\t\t\t\t\t\t\t\t\t\t\t\t\t<\/a>\n\t\t\t\t\t\t\t<a class=\"e-gallery-item elementor-gallery-item elementor-animated-content\" href=\"https:\/\/www.cm-benavente.pt\/wp-content\/uploads\/2024\/12\/refeitorios-projeto-r23-escola-porto-alto-3-scaled.jpg\" data-elementor-open-lightbox=\"yes\" data-elementor-lightbox-slideshow=\"baab9d6\" data-elementor-lightbox-title=\"refeit\u00f3rios projeto r23 escola porto alto (3)\" data-e-action-hash=\"#elementor-action%3Aaction%3Dlightbox%26settings%3DeyJpZCI6NjMwMDEsInVybCI6Imh0dHBzOlwvXC93d3cuY20tYmVuYXZlbnRlLnB0XC93cC1jb250ZW50XC91cGxvYWRzXC8yMDI0XC8xMlwvcmVmZWl0b3Jpb3MtcHJvamV0by1yMjMtZXNjb2xhLXBvcnRvLWFsdG8tMy1zY2FsZWQuanBnIiwic2xpZGVzaG93IjoiYmFhYjlkNiJ9\">\n\t\t\t\t\t<div class=\"e-gallery-image elementor-gallery-item__image\" data-thumbnail=\"https:\/\/www.cm-benavente.pt\/wp-content\/uploads\/2024\/12\/refeitorios-projeto-r23-escola-porto-alto-3-1024x605.jpg\" data-width=\"800\" data-height=\"473\" aria-label=\"\" role=\"img\" ><\/div>\n\t\t\t\t\t\t\t\t\t\t\t<div class=\"elementor-gallery-item__overlay\"><\/div>\n\t\t\t\t\t\t\t\t\t\t\t\t\t\t<\/a>\n\t\t\t\t\t\t\t<a class=\"e-gallery-item elementor-gallery-item elementor-animated-content\" href=\"https:\/\/www.cm-benavente.pt\/wp-content\/uploads\/2024\/12\/refeitorios-projeto-r23-escola-porto-alto-4-scaled.jpg\" data-elementor-open-lightbox=\"yes\" data-elementor-lightbox-slideshow=\"baab9d6\" data-elementor-lightbox-title=\"refeit\u00f3rios projeto r23 escola porto alto (4)\" data-e-action-hash=\"#elementor-action%3Aaction%3Dlightbox%26settings%3DeyJpZCI6NjMwMDIsInVybCI6Imh0dHBzOlwvXC93d3cuY20tYmVuYXZlbnRlLnB0XC93cC1jb250ZW50XC91cGxvYWRzXC8yMDI0XC8xMlwvcmVmZWl0b3Jpb3MtcHJvamV0by1yMjMtZXNjb2xhLXBvcnRvLWFsdG8tNC1zY2FsZWQuanBnIiwic2xpZGVzaG93IjoiYmFhYjlkNiJ9\">\n\t\t\t\t\t<div class=\"e-gallery-image elementor-gallery-item__image\" data-thumbnail=\"https:\/\/www.cm-benavente.pt\/wp-content\/uploads\/2024\/12\/refeitorios-projeto-r23-escola-porto-alto-4-1024x445.jpg\" data-width=\"800\" data-height=\"348\" aria-label=\"\" role=\"img\" ><\/div>\n\t\t\t\t\t\t\t\t\t\t\t<div class=\"elementor-gallery-item__overlay\"><\/div>\n\t\t\t\t\t\t\t\t\t\t\t\t\t\t<\/a>\n\t\t\t\t\t\t\t<a class=\"e-gallery-item elementor-gallery-item elementor-animated-content\" href=\"https:\/\/www.cm-benavente.pt\/wp-content\/uploads\/2024\/12\/refeitorios-projeto-r23-escola-porto-alto-5-scaled.jpg\" data-elementor-open-lightbox=\"yes\" data-elementor-lightbox-slideshow=\"baab9d6\" data-elementor-lightbox-title=\"refeit\u00f3rios projeto r23 escola porto alto (5)\" data-e-action-hash=\"#elementor-action%3Aaction%3Dlightbox%26settings%3DeyJpZCI6NjMwMDMsInVybCI6Imh0dHBzOlwvXC93d3cuY20tYmVuYXZlbnRlLnB0XC93cC1jb250ZW50XC91cGxvYWRzXC8yMDI0XC8xMlwvcmVmZWl0b3Jpb3MtcHJvamV0by1yMjMtZXNjb2xhLXBvcnRvLWFsdG8tNS1zY2FsZWQuanBnIiwic2xpZGVzaG93IjoiYmFhYjlkNiJ9\">\n\t\t\t\t\t<div class=\"e-gallery-image elementor-gallery-item__image\" data-thumbnail=\"https:\/\/www.cm-benavente.pt\/wp-content\/uploads\/2024\/12\/refeitorios-projeto-r23-escola-porto-alto-5-1024x590.jpg\" data-width=\"800\" data-height=\"461\" aria-label=\"\" role=\"img\" ><\/div>\n\t\t\t\t\t\t\t\t\t\t\t<div class=\"elementor-gallery-item__overlay\"><\/div>\n\t\t\t\t\t\t\t\t\t\t\t\t\t\t<\/a>\n\t\t\t\t\t\t\t<a class=\"e-gallery-item elementor-gallery-item elementor-animated-content\" href=\"https:\/\/www.cm-benavente.pt\/wp-content\/uploads\/2024\/12\/refeitorios-projeto-r23-escola-porto-alto-6-scaled.jpg\" data-elementor-open-lightbox=\"yes\" data-elementor-lightbox-slideshow=\"baab9d6\" data-elementor-lightbox-title=\"refeit\u00f3rios projeto r23 escola porto alto (6)\" data-e-action-hash=\"#elementor-action%3Aaction%3Dlightbox%26settings%3DeyJpZCI6NjMwMDQsInVybCI6Imh0dHBzOlwvXC93d3cuY20tYmVuYXZlbnRlLnB0XC93cC1jb250ZW50XC91cGxvYWRzXC8yMDI0XC8xMlwvcmVmZWl0b3Jpb3MtcHJvamV0by1yMjMtZXNjb2xhLXBvcnRvLWFsdG8tNi1zY2FsZWQuanBnIiwic2xpZGVzaG93IjoiYmFhYjlkNiJ9\">\n\t\t\t\t\t<div class=\"e-gallery-image elementor-gallery-item__image\" data-thumbnail=\"https:\/\/www.cm-benavente.pt\/wp-content\/uploads\/2024\/12\/refeitorios-projeto-r23-escola-porto-alto-6-1024x532.jpg\" data-width=\"800\" data-height=\"416\" aria-label=\"\" role=\"img\" ><\/div>\n\t\t\t\t\t\t\t\t\t\t\t<div class=\"elementor-gallery-item__overlay\"><\/div>\n\t\t\t\t\t\t\t\t\t\t\t\t\t\t<\/a>\n\t\t\t\t\t\t\t<a class=\"e-gallery-item elementor-gallery-item elementor-animated-content\" href=\"https:\/\/www.cm-benavente.pt\/wp-content\/uploads\/2024\/12\/refeitorios-projeto-r23-escola-porto-alto-7-scaled.jpg\" data-elementor-open-lightbox=\"yes\" data-elementor-lightbox-slideshow=\"baab9d6\" data-elementor-lightbox-title=\"refeit\u00f3rios projeto r23 escola porto alto (7)\" data-e-action-hash=\"#elementor-action%3Aaction%3Dlightbox%26settings%3DeyJpZCI6NjMwMDUsInVybCI6Imh0dHBzOlwvXC93d3cuY20tYmVuYXZlbnRlLnB0XC93cC1jb250ZW50XC91cGxvYWRzXC8yMDI0XC8xMlwvcmVmZWl0b3Jpb3MtcHJvamV0by1yMjMtZXNjb2xhLXBvcnRvLWFsdG8tNy1zY2FsZWQuanBnIiwic2xpZGVzaG93IjoiYmFhYjlkNiJ9\">\n\t\t\t\t\t<div class=\"e-gallery-image elementor-gallery-item__image\" data-thumbnail=\"https:\/\/www.cm-benavente.pt\/wp-content\/uploads\/2024\/12\/refeitorios-projeto-r23-escola-porto-alto-7-1024x525.jpg\" data-width=\"800\" data-height=\"410\" aria-label=\"\" role=\"img\" ><\/div>\n\t\t\t\t\t\t\t\t\t\t\t<div class=\"elementor-gallery-item__overlay\"><\/div>\n\t\t\t\t\t\t\t\t\t\t\t\t\t\t<\/a>\n\t\t\t\t\t\t\t<a class=\"e-gallery-item elementor-gallery-item elementor-animated-content\" href=\"https:\/\/www.cm-benavente.pt\/wp-content\/uploads\/2024\/12\/refeitorios-projeto-r23-escola-porto-alto-8-scaled.jpg\" data-elementor-open-lightbox=\"yes\" data-elementor-lightbox-slideshow=\"baab9d6\" data-elementor-lightbox-title=\"refeit\u00f3rios projeto r23 escola porto alto (8)\" data-e-action-hash=\"#elementor-action%3Aaction%3Dlightbox%26settings%3DeyJpZCI6NjMwMDYsInVybCI6Imh0dHBzOlwvXC93d3cuY20tYmVuYXZlbnRlLnB0XC93cC1jb250ZW50XC91cGxvYWRzXC8yMDI0XC8xMlwvcmVmZWl0b3Jpb3MtcHJvamV0by1yMjMtZXNjb2xhLXBvcnRvLWFsdG8tOC1zY2FsZWQuanBnIiwic2xpZGVzaG93IjoiYmFhYjlkNiJ9\">\n\t\t\t\t\t<div class=\"e-gallery-image elementor-gallery-item__image\" data-thumbnail=\"https:\/\/www.cm-benavente.pt\/wp-content\/uploads\/2024\/12\/refeitorios-projeto-r23-escola-porto-alto-8-1024x539.jpg\" data-width=\"800\" data-height=\"421\" aria-label=\"\" role=\"img\" ><\/div>\n\t\t\t\t\t\t\t\t\t\t\t<div class=\"elementor-gallery-item__overlay\"><\/div>\n\t\t\t\t\t\t\t\t\t\t\t\t\t\t<\/a>\n\t\t\t\t\t\t\t<a class=\"e-gallery-item elementor-gallery-item elementor-animated-content\" href=\"https:\/\/www.cm-benavente.pt\/wp-content\/uploads\/2024\/12\/refeitorios-projeto-r23-escola-porto-alto-9-scaled.jpg\" data-elementor-open-lightbox=\"yes\" data-elementor-lightbox-slideshow=\"baab9d6\" data-elementor-lightbox-title=\"refeit\u00f3rios projeto r23 escola porto alto (9)\" data-e-action-hash=\"#elementor-action%3Aaction%3Dlightbox%26settings%3DeyJpZCI6NjMwMDcsInVybCI6Imh0dHBzOlwvXC93d3cuY20tYmVuYXZlbnRlLnB0XC93cC1jb250ZW50XC91cGxvYWRzXC8yMDI0XC8xMlwvcmVmZWl0b3Jpb3MtcHJvamV0by1yMjMtZXNjb2xhLXBvcnRvLWFsdG8tOS1zY2FsZWQuanBnIiwic2xpZGVzaG93IjoiYmFhYjlkNiJ9\">\n\t\t\t\t\t<div class=\"e-gallery-image elementor-gallery-item__image\" data-thumbnail=\"https:\/\/www.cm-benavente.pt\/wp-content\/uploads\/2024\/12\/refeitorios-projeto-r23-escola-porto-alto-9-1024x683.jpg\" data-width=\"800\" data-height=\"534\" aria-label=\"\" role=\"img\" ><\/div>\n\t\t\t\t\t\t\t\t\t\t\t<div class=\"elementor-gallery-item__overlay\"><\/div>\n\t\t\t\t\t\t\t\t\t\t\t\t\t\t<\/a>\n\t\t\t\t\t\t\t<a class=\"e-gallery-item elementor-gallery-item elementor-animated-content\" href=\"https:\/\/www.cm-benavente.pt\/wp-content\/uploads\/2024\/12\/refeitorios-projeto-r23-escola-porto-alto-10-scaled.jpg\" data-elementor-open-lightbox=\"yes\" data-elementor-lightbox-slideshow=\"baab9d6\" data-elementor-lightbox-title=\"refeit\u00f3rios projeto r23 escola porto alto (10)\" data-e-action-hash=\"#elementor-action%3Aaction%3Dlightbox%26settings%3DeyJpZCI6NjMwMDgsInVybCI6Imh0dHBzOlwvXC93d3cuY20tYmVuYXZlbnRlLnB0XC93cC1jb250ZW50XC91cGxvYWRzXC8yMDI0XC8xMlwvcmVmZWl0b3Jpb3MtcHJvamV0by1yMjMtZXNjb2xhLXBvcnRvLWFsdG8tMTAtc2NhbGVkLmpwZyIsInNsaWRlc2hvdyI6ImJhYWI5ZDYifQ%3D%3D\">\n\t\t\t\t\t<div class=\"e-gallery-image elementor-gallery-item__image\" data-thumbnail=\"https:\/\/www.cm-benavente.pt\/wp-content\/uploads\/2024\/12\/refeitorios-projeto-r23-escola-porto-alto-10-1024x580.jpg\" data-width=\"800\" data-height=\"453\" aria-label=\"\" role=\"img\" ><\/div>\n\t\t\t\t\t\t\t\t\t\t\t<div class=\"elementor-gallery-item__overlay\"><\/div>\n\t\t\t\t\t\t\t\t\t\t\t\t\t\t<\/a>\n\t\t\t\t\t\t\t<a class=\"e-gallery-item elementor-gallery-item elementor-animated-content\" href=\"https:\/\/www.cm-benavente.pt\/wp-content\/uploads\/2024\/12\/refeitorios-projeto-r23-escola-porto-alto-11-scaled.jpg\" data-elementor-open-lightbox=\"yes\" data-elementor-lightbox-slideshow=\"baab9d6\" data-elementor-lightbox-title=\"refeit\u00f3rios projeto r23 escola porto alto (11)\" data-e-action-hash=\"#elementor-action%3Aaction%3Dlightbox%26settings%3DeyJpZCI6NjMwMDksInVybCI6Imh0dHBzOlwvXC93d3cuY20tYmVuYXZlbnRlLnB0XC93cC1jb250ZW50XC91cGxvYWRzXC8yMDI0XC8xMlwvcmVmZWl0b3Jpb3MtcHJvamV0by1yMjMtZXNjb2xhLXBvcnRvLWFsdG8tMTEtc2NhbGVkLmpwZyIsInNsaWRlc2hvdyI6ImJhYWI5ZDYifQ%3D%3D\">\n\t\t\t\t\t<div class=\"e-gallery-image elementor-gallery-item__image\" data-thumbnail=\"https:\/\/www.cm-benavente.pt\/wp-content\/uploads\/2024\/12\/refeitorios-projeto-r23-escola-porto-alto-11-1024x617.jpg\" data-width=\"800\" data-height=\"482\" aria-label=\"\" role=\"img\" ><\/div>\n\t\t\t\t\t\t\t\t\t\t\t<div class=\"elementor-gallery-item__overlay\"><\/div>\n\t\t\t\t\t\t\t\t\t\t\t\t\t\t<\/a>\n\t\t\t\t\t\t\t<a class=\"e-gallery-item elementor-gallery-item elementor-animated-content\" href=\"https:\/\/www.cm-benavente.pt\/wp-content\/uploads\/2024\/12\/refeitorios-projeto-r23-escola-porto-alto-12-scaled.jpg\" data-elementor-open-lightbox=\"yes\" data-elementor-lightbox-slideshow=\"baab9d6\" data-elementor-lightbox-title=\"refeit\u00f3rios projeto r23 escola porto alto (12)\" data-e-action-hash=\"#elementor-action%3Aaction%3Dlightbox%26settings%3DeyJpZCI6NjMwMTAsInVybCI6Imh0dHBzOlwvXC93d3cuY20tYmVuYXZlbnRlLnB0XC93cC1jb250ZW50XC91cGxvYWRzXC8yMDI0XC8xMlwvcmVmZWl0b3Jpb3MtcHJvamV0by1yMjMtZXNjb2xhLXBvcnRvLWFsdG8tMTItc2NhbGVkLmpwZyIsInNsaWRlc2hvdyI6ImJhYWI5ZDYifQ%3D%3D\">\n\t\t\t\t\t<div class=\"e-gallery-image elementor-gallery-item__image\" data-thumbnail=\"https:\/\/www.cm-benavente.pt\/wp-content\/uploads\/2024\/12\/refeitorios-projeto-r23-escola-porto-alto-12-1024x499.jpg\" data-width=\"800\" data-height=\"390\" aria-label=\"\" role=\"img\" ><\/div>\n\t\t\t\t\t\t\t\t\t\t\t<div class=\"elementor-gallery-item__overlay\"><\/div>\n\t\t\t\t\t\t\t\t\t\t\t\t\t\t<\/a>\n\t\t\t\t\t\t\t<a class=\"e-gallery-item elementor-gallery-item elementor-animated-content\" href=\"https:\/\/www.cm-benavente.pt\/wp-content\/uploads\/2024\/12\/refeitorios-projeto-r23-escola-porto-alto-13-scaled.jpg\" data-elementor-open-lightbox=\"yes\" data-elementor-lightbox-slideshow=\"baab9d6\" data-elementor-lightbox-title=\"refeit\u00f3rios projeto r23 escola porto alto (13)\" data-e-action-hash=\"#elementor-action%3Aaction%3Dlightbox%26settings%3DeyJpZCI6NjMwMTEsInVybCI6Imh0dHBzOlwvXC93d3cuY20tYmVuYXZlbnRlLnB0XC93cC1jb250ZW50XC91cGxvYWRzXC8yMDI0XC8xMlwvcmVmZWl0b3Jpb3MtcHJvamV0by1yMjMtZXNjb2xhLXBvcnRvLWFsdG8tMTMtc2NhbGVkLmpwZyIsInNsaWRlc2hvdyI6ImJhYWI5ZDYifQ%3D%3D\">\n\t\t\t\t\t<div class=\"e-gallery-image elementor-gallery-item__image\" data-thumbnail=\"https:\/\/www.cm-benavente.pt\/wp-content\/uploads\/2024\/12\/refeitorios-projeto-r23-escola-porto-alto-13-1024x521.jpg\" data-width=\"800\" data-height=\"407\" aria-label=\"\" role=\"img\" ><\/div>\n\t\t\t\t\t\t\t\t\t\t\t<div class=\"elementor-gallery-item__overlay\"><\/div>\n\t\t\t\t\t\t\t\t\t\t\t\t\t\t<\/a>\n\t\t\t\t\t\t\t<a class=\"e-gallery-item elementor-gallery-item elementor-animated-content\" href=\"https:\/\/www.cm-benavente.pt\/wp-content\/uploads\/2024\/12\/refeitorios-projeto-r23-escola-porto-alto-14-scaled.jpg\" data-elementor-open-lightbox=\"yes\" data-elementor-lightbox-slideshow=\"baab9d6\" data-elementor-lightbox-title=\"refeit\u00f3rios projeto r23 escola porto alto (14)\" data-e-action-hash=\"#elementor-action%3Aaction%3Dlightbox%26settings%3DeyJpZCI6NjMwMTIsInVybCI6Imh0dHBzOlwvXC93d3cuY20tYmVuYXZlbnRlLnB0XC93cC1jb250ZW50XC91cGxvYWRzXC8yMDI0XC8xMlwvcmVmZWl0b3Jpb3MtcHJvamV0by1yMjMtZXNjb2xhLXBvcnRvLWFsdG8tMTQtc2NhbGVkLmpwZyIsInNsaWRlc2hvdyI6ImJhYWI5ZDYifQ%3D%3D\">\n\t\t\t\t\t<div class=\"e-gallery-image elementor-gallery-item__image\" data-thumbnail=\"https:\/\/www.cm-benavente.pt\/wp-content\/uploads\/2024\/12\/refeitorios-projeto-r23-escola-porto-alto-14-1024x543.jpg\" data-width=\"800\" data-height=\"424\" aria-label=\"\" role=\"img\" ><\/div>\n\t\t\t\t\t\t\t\t\t\t\t<div class=\"elementor-gallery-item__overlay\"><\/div>\n\t\t\t\t\t\t\t\t\t\t\t\t\t\t<\/a>\n\t\t\t\t\t\t\t<a class=\"e-gallery-item elementor-gallery-item elementor-animated-content\" href=\"https:\/\/www.cm-benavente.pt\/wp-content\/uploads\/2024\/12\/refeitorios-projeto-r23-escola-porto-alto-15-scaled.jpg\" data-elementor-open-lightbox=\"yes\" data-elementor-lightbox-slideshow=\"baab9d6\" data-elementor-lightbox-title=\"refeit\u00f3rios projeto r23 escola porto alto (15)\" data-e-action-hash=\"#elementor-action%3Aaction%3Dlightbox%26settings%3DeyJpZCI6NjMwMTMsInVybCI6Imh0dHBzOlwvXC93d3cuY20tYmVuYXZlbnRlLnB0XC93cC1jb250ZW50XC91cGxvYWRzXC8yMDI0XC8xMlwvcmVmZWl0b3Jpb3MtcHJvamV0by1yMjMtZXNjb2xhLXBvcnRvLWFsdG8tMTUtc2NhbGVkLmpwZyIsInNsaWRlc2hvdyI6ImJhYWI5ZDYifQ%3D%3D\">\n\t\t\t\t\t<div class=\"e-gallery-image elementor-gallery-item__image\" data-thumbnail=\"https:\/\/www.cm-benavente.pt\/wp-content\/uploads\/2024\/12\/refeitorios-projeto-r23-escola-porto-alto-15-765x1024.jpg\" data-width=\"765\" data-height=\"1024\" aria-label=\"\" role=\"img\" ><\/div>\n\t\t\t\t\t\t\t\t\t\t\t<div class=\"elementor-gallery-item__overlay\"><\/div>\n\t\t\t\t\t\t\t\t\t\t\t\t\t\t<\/a>\n\t\t\t\t\t\t\t<a class=\"e-gallery-item elementor-gallery-item elementor-animated-content\" href=\"https:\/\/www.cm-benavente.pt\/wp-content\/uploads\/2024\/12\/refeitorios-projeto-r23-escola-porto-alto-16-scaled.jpg\" data-elementor-open-lightbox=\"yes\" data-elementor-lightbox-slideshow=\"baab9d6\" data-elementor-lightbox-title=\"refeit\u00f3rios projeto r23 escola porto alto (16)\" data-e-action-hash=\"#elementor-action%3Aaction%3Dlightbox%26settings%3DeyJpZCI6NjMwMTQsInVybCI6Imh0dHBzOlwvXC93d3cuY20tYmVuYXZlbnRlLnB0XC93cC1jb250ZW50XC91cGxvYWRzXC8yMDI0XC8xMlwvcmVmZWl0b3Jpb3MtcHJvamV0by1yMjMtZXNjb2xhLXBvcnRvLWFsdG8tMTYtc2NhbGVkLmpwZyIsInNsaWRlc2hvdyI6ImJhYWI5ZDYifQ%3D%3D\">\n\t\t\t\t\t<div class=\"e-gallery-image elementor-gallery-item__image\" data-thumbnail=\"https:\/\/www.cm-benavente.pt\/wp-content\/uploads\/2024\/12\/refeitorios-projeto-r23-escola-porto-alto-16-1024x614.jpg\" data-width=\"800\" data-height=\"480\" aria-label=\"\" role=\"img\" ><\/div>\n\t\t\t\t\t\t\t\t\t\t\t<div class=\"elementor-gallery-item__overlay\"><\/div>\n\t\t\t\t\t\t\t\t\t\t\t\t\t\t<\/a>\n\t\t\t\t\t\t\t<a class=\"e-gallery-item elementor-gallery-item elementor-animated-content\" href=\"https:\/\/www.cm-benavente.pt\/wp-content\/uploads\/2024\/12\/refeitorios-projeto-r23-escola-porto-alto-17-scaled.jpg\" data-elementor-open-lightbox=\"yes\" data-elementor-lightbox-slideshow=\"baab9d6\" data-elementor-lightbox-title=\"refeit\u00f3rios projeto r23 escola porto alto (17)\" data-e-action-hash=\"#elementor-action%3Aaction%3Dlightbox%26settings%3DeyJpZCI6NjMwMTUsInVybCI6Imh0dHBzOlwvXC93d3cuY20tYmVuYXZlbnRlLnB0XC93cC1jb250ZW50XC91cGxvYWRzXC8yMDI0XC8xMlwvcmVmZWl0b3Jpb3MtcHJvamV0by1yMjMtZXNjb2xhLXBvcnRvLWFsdG8tMTctc2NhbGVkLmpwZyIsInNsaWRlc2hvdyI6ImJhYWI5ZDYifQ%3D%3D\">\n\t\t\t\t\t<div class=\"e-gallery-image elementor-gallery-item__image\" data-thumbnail=\"https:\/\/www.cm-benavente.pt\/wp-content\/uploads\/2024\/12\/refeitorios-projeto-r23-escola-porto-alto-17-1024x640.jpg\" data-width=\"800\" data-height=\"500\" aria-label=\"\" role=\"img\" ><\/div>\n\t\t\t\t\t\t\t\t\t\t\t<div class=\"elementor-gallery-item__overlay\"><\/div>\n\t\t\t\t\t\t\t\t\t\t\t\t\t\t<\/a>\n\t\t\t\t\t\t\t<a class=\"e-gallery-item elementor-gallery-item elementor-animated-content\" href=\"https:\/\/www.cm-benavente.pt\/wp-content\/uploads\/2024\/12\/refeitorios-projeto-r23-escola-porto-alto-18-scaled.jpg\" data-elementor-open-lightbox=\"yes\" data-elementor-lightbox-slideshow=\"baab9d6\" data-elementor-lightbox-title=\"refeit\u00f3rios projeto r23 escola porto alto (18)\" data-e-action-hash=\"#elementor-action%3Aaction%3Dlightbox%26settings%3DeyJpZCI6NjMwMTYsInVybCI6Imh0dHBzOlwvXC93d3cuY20tYmVuYXZlbnRlLnB0XC93cC1jb250ZW50XC91cGxvYWRzXC8yMDI0XC8xMlwvcmVmZWl0b3Jpb3MtcHJvamV0by1yMjMtZXNjb2xhLXBvcnRvLWFsdG8tMTgtc2NhbGVkLmpwZyIsInNsaWRlc2hvdyI6ImJhYWI5ZDYifQ%3D%3D\">\n\t\t\t\t\t<div class=\"e-gallery-image elementor-gallery-item__image\" data-thumbnail=\"https:\/\/www.cm-benavente.pt\/wp-content\/uploads\/2024\/12\/refeitorios-projeto-r23-escola-porto-alto-18-1024x612.jpg\" data-width=\"800\" data-height=\"478\" aria-label=\"\" role=\"img\" ><\/div>\n\t\t\t\t\t\t\t\t\t\t\t<div class=\"elementor-gallery-item__overlay\"><\/div>\n\t\t\t\t\t\t\t\t\t\t\t\t\t\t<\/a>\n\t\t\t\t\t\t\t<a class=\"e-gallery-item elementor-gallery-item elementor-animated-content\" href=\"https:\/\/www.cm-benavente.pt\/wp-content\/uploads\/2024\/12\/refeitorios-projeto-r23-escola-porto-alto-19-scaled.jpg\" data-elementor-open-lightbox=\"yes\" data-elementor-lightbox-slideshow=\"baab9d6\" data-elementor-lightbox-title=\"refeit\u00f3rios projeto r23 escola porto alto (19)\" data-e-action-hash=\"#elementor-action%3Aaction%3Dlightbox%26settings%3DeyJpZCI6NjMwMTcsInVybCI6Imh0dHBzOlwvXC93d3cuY20tYmVuYXZlbnRlLnB0XC93cC1jb250ZW50XC91cGxvYWRzXC8yMDI0XC8xMlwvcmVmZWl0b3Jpb3MtcHJvamV0by1yMjMtZXNjb2xhLXBvcnRvLWFsdG8tMTktc2NhbGVkLmpwZyIsInNsaWRlc2hvdyI6ImJhYWI5ZDYifQ%3D%3D\">\n\t\t\t\t\t<div class=\"e-gallery-image elementor-gallery-item__image\" data-thumbnail=\"https:\/\/www.cm-benavente.pt\/wp-content\/uploads\/2024\/12\/refeitorios-projeto-r23-escola-porto-alto-19-1024x529.jpg\" data-width=\"800\" data-height=\"413\" aria-label=\"\" role=\"img\" ><\/div>\n\t\t\t\t\t\t\t\t\t\t\t<div class=\"elementor-gallery-item__overlay\"><\/div>\n\t\t\t\t\t\t\t\t\t\t\t\t\t\t<\/a>\n\t\t\t\t\t\t\t<a class=\"e-gallery-item elementor-gallery-item elementor-animated-content\" href=\"https:\/\/www.cm-benavente.pt\/wp-content\/uploads\/2024\/12\/refeitorios-projeto-r23-escola-porto-alto-20-scaled.jpg\" data-elementor-open-lightbox=\"yes\" data-elementor-lightbox-slideshow=\"baab9d6\" data-elementor-lightbox-title=\"refeit\u00f3rios projeto r23 escola porto alto (20)\" data-e-action-hash=\"#elementor-action%3Aaction%3Dlightbox%26settings%3DeyJpZCI6NjMwMTgsInVybCI6Imh0dHBzOlwvXC93d3cuY20tYmVuYXZlbnRlLnB0XC93cC1jb250ZW50XC91cGxvYWRzXC8yMDI0XC8xMlwvcmVmZWl0b3Jpb3MtcHJvamV0by1yMjMtZXNjb2xhLXBvcnRvLWFsdG8tMjAtc2NhbGVkLmpwZyIsInNsaWRlc2hvdyI6ImJhYWI5ZDYifQ%3D%3D\">\n\t\t\t\t\t<div class=\"e-gallery-image elementor-gallery-item__image\" data-thumbnail=\"https:\/\/www.cm-benavente.pt\/wp-content\/uploads\/2024\/12\/refeitorios-projeto-r23-escola-porto-alto-20-1024x617.jpg\" data-width=\"800\" data-height=\"482\" aria-label=\"\" role=\"img\" ><\/div>\n\t\t\t\t\t\t\t\t\t\t\t<div class=\"elementor-gallery-item__overlay\"><\/div>\n\t\t\t\t\t\t\t\t\t\t\t\t\t\t<\/a>\n\t\t\t\t\t\t\t<a class=\"e-gallery-item elementor-gallery-item elementor-animated-content\" href=\"https:\/\/www.cm-benavente.pt\/wp-content\/uploads\/2024\/12\/refeitorios-projeto-r23-escola-porto-alto-21-scaled.jpg\" data-elementor-open-lightbox=\"yes\" data-elementor-lightbox-slideshow=\"baab9d6\" data-elementor-lightbox-title=\"refeit\u00f3rios projeto r23 escola porto alto (21)\" data-e-action-hash=\"#elementor-action%3Aaction%3Dlightbox%26settings%3DeyJpZCI6NjMwMTksInVybCI6Imh0dHBzOlwvXC93d3cuY20tYmVuYXZlbnRlLnB0XC93cC1jb250ZW50XC91cGxvYWRzXC8yMDI0XC8xMlwvcmVmZWl0b3Jpb3MtcHJvamV0by1yMjMtZXNjb2xhLXBvcnRvLWFsdG8tMjEtc2NhbGVkLmpwZyIsInNsaWRlc2hvdyI6ImJhYWI5ZDYifQ%3D%3D\">\n\t\t\t\t\t<div class=\"e-gallery-image elementor-gallery-item__image\" data-thumbnail=\"https:\/\/www.cm-benavente.pt\/wp-content\/uploads\/2024\/12\/refeitorios-projeto-r23-escola-porto-alto-21-1024x554.jpg\" data-width=\"800\" data-height=\"433\" aria-label=\"\" role=\"img\" ><\/div>\n\t\t\t\t\t\t\t\t\t\t\t<div class=\"elementor-gallery-item__overlay\"><\/div>\n\t\t\t\t\t\t\t\t\t\t\t\t\t\t<\/a>\n\t\t\t\t\t\t\t<a class=\"e-gallery-item elementor-gallery-item elementor-animated-content\" href=\"https:\/\/www.cm-benavente.pt\/wp-content\/uploads\/2024\/12\/refeitorios-projeto-r23-escola-porto-alto-22-scaled.jpg\" data-elementor-open-lightbox=\"yes\" data-elementor-lightbox-slideshow=\"baab9d6\" data-elementor-lightbox-title=\"refeit\u00f3rios projeto r23 escola porto alto (22)\" data-e-action-hash=\"#elementor-action%3Aaction%3Dlightbox%26settings%3DeyJpZCI6NjMwMjAsInVybCI6Imh0dHBzOlwvXC93d3cuY20tYmVuYXZlbnRlLnB0XC93cC1jb250ZW50XC91cGxvYWRzXC8yMDI0XC8xMlwvcmVmZWl0b3Jpb3MtcHJvamV0by1yMjMtZXNjb2xhLXBvcnRvLWFsdG8tMjItc2NhbGVkLmpwZyIsInNsaWRlc2hvdyI6ImJhYWI5ZDYifQ%3D%3D\">\n\t\t\t\t\t<div class=\"e-gallery-image elementor-gallery-item__image\" data-thumbnail=\"https:\/\/www.cm-benavente.pt\/wp-content\/uploads\/2024\/12\/refeitorios-projeto-r23-escola-porto-alto-22-1024x563.jpg\" data-width=\"800\" data-height=\"440\" aria-label=\"\" role=\"img\" ><\/div>\n\t\t\t\t\t\t\t\t\t\t\t<div class=\"elementor-gallery-item__overlay\"><\/div>\n\t\t\t\t\t\t\t\t\t\t\t\t\t\t<\/a>\n\t\t\t\t\t\t\t<a class=\"e-gallery-item elementor-gallery-item elementor-animated-content\" href=\"https:\/\/www.cm-benavente.pt\/wp-content\/uploads\/2024\/12\/refeitorios-projeto-r23-escola-porto-alto-23-scaled.jpg\" data-elementor-open-lightbox=\"yes\" data-elementor-lightbox-slideshow=\"baab9d6\" data-elementor-lightbox-title=\"refeit\u00f3rios projeto r23 escola porto alto (23)\" data-e-action-hash=\"#elementor-action%3Aaction%3Dlightbox%26settings%3DeyJpZCI6NjMwMjEsInVybCI6Imh0dHBzOlwvXC93d3cuY20tYmVuYXZlbnRlLnB0XC93cC1jb250ZW50XC91cGxvYWRzXC8yMDI0XC8xMlwvcmVmZWl0b3Jpb3MtcHJvamV0by1yMjMtZXNjb2xhLXBvcnRvLWFsdG8tMjMtc2NhbGVkLmpwZyIsInNsaWRlc2hvdyI6ImJhYWI5ZDYifQ%3D%3D\">\n\t\t\t\t\t<div class=\"e-gallery-image elementor-gallery-item__image\" data-thumbnail=\"https:\/\/www.cm-benavente.pt\/wp-content\/uploads\/2024\/12\/refeitorios-projeto-r23-escola-porto-alto-23-1024x570.jpg\" data-width=\"800\" data-height=\"445\" aria-label=\"\" role=\"img\" ><\/div>\n\t\t\t\t\t\t\t\t\t\t\t<div class=\"elementor-gallery-item__overlay\"><\/div>\n\t\t\t\t\t\t\t\t\t\t\t\t\t\t<\/a>\n\t\t\t\t\t\t\t<a class=\"e-gallery-item elementor-gallery-item elementor-animated-content\" href=\"https:\/\/www.cm-benavente.pt\/wp-content\/uploads\/2024\/12\/refeitorios-projeto-r23-escola-porto-alto-24-scaled.jpg\" data-elementor-open-lightbox=\"yes\" data-elementor-lightbox-slideshow=\"baab9d6\" data-elementor-lightbox-title=\"refeit\u00f3rios projeto r23 escola porto alto (24)\" data-e-action-hash=\"#elementor-action%3Aaction%3Dlightbox%26settings%3DeyJpZCI6NjMwMjIsInVybCI6Imh0dHBzOlwvXC93d3cuY20tYmVuYXZlbnRlLnB0XC93cC1jb250ZW50XC91cGxvYWRzXC8yMDI0XC8xMlwvcmVmZWl0b3Jpb3MtcHJvamV0by1yMjMtZXNjb2xhLXBvcnRvLWFsdG8tMjQtc2NhbGVkLmpwZyIsInNsaWRlc2hvdyI6ImJhYWI5ZDYifQ%3D%3D\">\n\t\t\t\t\t<div class=\"e-gallery-image elementor-gallery-item__image\" data-thumbnail=\"https:\/\/www.cm-benavente.pt\/wp-content\/uploads\/2024\/12\/refeitorios-projeto-r23-escola-porto-alto-24-1024x666.jpg\" data-width=\"800\" data-height=\"520\" aria-label=\"\" role=\"img\" ><\/div>\n\t\t\t\t\t\t\t\t\t\t\t<div class=\"elementor-gallery-item__overlay\"><\/div>\n\t\t\t\t\t\t\t\t\t\t\t\t\t\t<\/a>\n\t\t\t\t\t<\/div>\n\t\t\t\t\t<\/div>\n\t\t\t\t<\/div>\n\t\t\t\t\t<\/div>\n\t\t\t\t<\/div>\n\t\t\t\t<\/div>\n\t\t","protected":false},"excerpt":{"rendered":"<p>Ap\u00f3s o sucesso da remodela\u00e7\u00e3o do refeit\u00f3rio escolar da C+S Duarte Lopes, em Benavente e do refeit\u00f3rio da escola Jo\u00e3o Fernandes Pratas, em Samora Correia, o projeto base do R23 chegou agora \u00e0 escola b\u00e1sica 2,3 do Porto Alto. <\/p>\n","protected":false},"author":3,"featured_media":62997,"comment_status":"closed","ping_status":"closed","sticky":false,"template":"","format":"standard","meta":{"_vp_format_video_url":"","_vp_image_focal_point":[],"footnotes":""},"categories":[554,518,923],"tags":[255,70,7,250,2458,1875,991],"class_list":["post-62996","post","type-post","status-publish","format-standard","has-post-thumbnail","hentry","category-educacao","category-municipio","category-saude","tag-alimentacao","tag-educacao","tag-escola","tag-porto-alto","tag-projeto","tag-r23","tag-refeitorio"],"_links":{"self":[{"href":"https:\/\/www.cm-benavente.pt\/index.php\/wp-json\/wp\/v2\/posts\/62996","targetHints":{"allow":["GET"]}}],"collection":[{"href":"https:\/\/www.cm-benavente.pt\/index.php\/wp-json\/wp\/v2\/posts"}],"about":[{"href":"https:\/\/www.cm-benavente.pt\/index.php\/wp-json\/wp\/v2\/types\/post"}],"author":[{"embeddable":true,"href":"https:\/\/www.cm-benavente.pt\/index.php\/wp-json\/wp\/v2\/users\/3"}],"replies":[{"embeddable":true,"href":"https:\/\/www.cm-benavente.pt\/index.php\/wp-json\/wp\/v2\/comments?post=62996"}],"version-history":[{"count":7,"href":"https:\/\/www.cm-benavente.pt\/index.php\/wp-json\/wp\/v2\/posts\/62996\/revisions"}],"predecessor-version":[{"id":66218,"href":"https:\/\/www.cm-benavente.pt\/index.php\/wp-json\/wp\/v2\/posts\/62996\/revisions\/66218"}],"wp:featuredmedia":[{"embeddable":true,"href":"https:\/\/www.cm-benavente.pt\/index.php\/wp-json\/wp\/v2\/media\/62997"}],"wp:attachment":[{"href":"https:\/\/www.cm-benavente.pt\/index.php\/wp-json\/wp\/v2\/media?parent=62996"}],"wp:term":[{"taxonomy":"category","embeddable":true,"href":"https:\/\/www.cm-benavente.pt\/index.php\/wp-json\/wp\/v2\/categories?post=62996"},{"taxonomy":"post_tag","embeddable":true,"href":"https:\/\/www.cm-benavente.pt\/index.php\/wp-json\/wp\/v2\/tags?post=62996"}],"curies":[{"name":"wp","href":"https:\/\/api.w.org\/{rel}","templated":true}]}}