{"id":62856,"date":"2024-11-29T14:31:27","date_gmt":"2024-11-29T14:31:27","guid":{"rendered":"https:\/\/www.cm-benavente.pt\/?p=62856"},"modified":"2024-11-29T14:33:06","modified_gmt":"2024-11-29T14:33:06","slug":"ja-circula-o-comboio-de-natal-com-criancas-das-escolas","status":"publish","type":"post","link":"https:\/\/www.cm-benavente.pt\/index.php\/2024\/11\/29\/ja-circula-o-comboio-de-natal-com-criancas-das-escolas\/","title":{"rendered":"J\u00e1 circula o Comboio de Natal com crian\u00e7as das escolas"},"content":{"rendered":"\t\t<div data-elementor-type=\"wp-post\" data-elementor-id=\"62856\" class=\"elementor elementor-62856\" data-elementor-post-type=\"post\">\n\t\t\t\t<div class=\"elementor-element elementor-element-25e857b e-flex e-con-boxed e-con e-parent\" data-id=\"25e857b\" data-element_type=\"container\" data-e-type=\"container\" data-settings=\"{&quot;tmea_shape_divider_top&quot;:&quot;none&quot;,&quot;tmea_shape_divider_bottom&quot;:&quot;none&quot;}\">\n\t\t\t\t\t<div class=\"e-con-inner\">\n\t\t\n\t\t<div class=\"elementor-element elementor-element-8b86ebd elementor-widget elementor-widget-text-editor\" data-id=\"8b86ebd\" data-element_type=\"widget\" data-e-type=\"widget\" data-widget_type=\"text-editor.default\">\n\t\t\t\t<div class=\"elementor-widget-container\">\n\t\t\t\t\t\t\t\t\t<p>Uma manh\u00e3 diferente com os meninos das escolas no magn\u00edfico <strong>comboio de natal<\/strong> pelas ruas de <strong>Samora Correia<\/strong>.<\/p><p>Hoje, a partir das 18H30 o Comboio de natal estar\u00e1 \u00e0 disposi\u00e7\u00e3o de todos, de forma gratuita, nos <strong>Mercados de Natal<\/strong> que decorrem este fim de semana, na Pra\u00e7a da Rep\u00fablica.<\/p><p>Para j\u00e1, fomos registar a alegria das crian\u00e7as.<\/p><p>A <strong>organiza\u00e7\u00e3o<\/strong> dos Mercados de Natal \u00e9 da <strong>C\u00e2mara Municipal de Benavente<\/strong>.<\/p>\t\t\t\t\t\t\t\t<\/div>\n\t\t\t\t<\/div>\n\t\t\t\t<div class=\"elementor-element elementor-element-671e504 elementor-widget elementor-widget-gallery\" data-id=\"671e504\" data-element_type=\"widget\" data-e-type=\"widget\" data-settings=\"{&quot;columns&quot;:7,&quot;lazyload&quot;:&quot;yes&quot;,&quot;gallery_layout&quot;:&quot;grid&quot;,&quot;columns_tablet&quot;:2,&quot;columns_mobile&quot;:1,&quot;gap&quot;:{&quot;unit&quot;:&quot;px&quot;,&quot;size&quot;:10,&quot;sizes&quot;:[]},&quot;gap_widescreen&quot;:{&quot;unit&quot;:&quot;px&quot;,&quot;size&quot;:&quot;&quot;,&quot;sizes&quot;:[]},&quot;gap_laptop&quot;:{&quot;unit&quot;:&quot;px&quot;,&quot;size&quot;:10,&quot;sizes&quot;:[]},&quot;gap_tablet_extra&quot;:{&quot;unit&quot;:&quot;px&quot;,&quot;size&quot;:10,&quot;sizes&quot;:[]},&quot;gap_tablet&quot;:{&quot;unit&quot;:&quot;px&quot;,&quot;size&quot;:10,&quot;sizes&quot;:[]},&quot;gap_mobile_extra&quot;:{&quot;unit&quot;:&quot;px&quot;,&quot;size&quot;:10,&quot;sizes&quot;:[]},&quot;gap_mobile&quot;:{&quot;unit&quot;:&quot;px&quot;,&quot;size&quot;:10,&quot;sizes&quot;:[]},&quot;link_to&quot;:&quot;file&quot;,&quot;aspect_ratio&quot;:&quot;3:2&quot;,&quot;overlay_background&quot;:&quot;yes&quot;,&quot;content_hover_animation&quot;:&quot;fade-in&quot;}\" data-widget_type=\"gallery.default\">\n\t\t\t\t<div class=\"elementor-widget-container\">\n\t\t\t\t\t\t\t<div class=\"elementor-gallery__container\">\n\t\t\t\t\t\t\t<a class=\"e-gallery-item elementor-gallery-item elementor-animated-content\" href=\"https:\/\/www.cm-benavente.pt\/wp-content\/uploads\/2024\/11\/comboio-natal-escola-samora-correia-1-scaled.jpg\" data-elementor-open-lightbox=\"yes\" data-elementor-lightbox-slideshow=\"671e504\" data-elementor-lightbox-title=\"comboio natal escola samora correia (1)\" data-e-action-hash=\"#elementor-action%3Aaction%3Dlightbox%26settings%3DeyJpZCI6NjI4NTksInVybCI6Imh0dHBzOlwvXC93d3cuY20tYmVuYXZlbnRlLnB0XC93cC1jb250ZW50XC91cGxvYWRzXC8yMDI0XC8xMVwvY29tYm9pby1uYXRhbC1lc2NvbGEtc2Ftb3JhLWNvcnJlaWEtMS1zY2FsZWQuanBnIiwic2xpZGVzaG93IjoiNjcxZTUwNCJ9\">\n\t\t\t\t\t<div class=\"e-gallery-image elementor-gallery-item__image\" data-thumbnail=\"https:\/\/www.cm-benavente.pt\/wp-content\/uploads\/2024\/11\/comboio-natal-escola-samora-correia-1-1024x504.jpg\" data-width=\"800\" data-height=\"394\" aria-label=\"\" role=\"img\" ><\/div>\n\t\t\t\t\t\t\t\t\t\t\t<div class=\"elementor-gallery-item__overlay\"><\/div>\n\t\t\t\t\t\t\t\t\t\t\t\t\t\t<\/a>\n\t\t\t\t\t\t\t<a class=\"e-gallery-item elementor-gallery-item elementor-animated-content\" href=\"https:\/\/www.cm-benavente.pt\/wp-content\/uploads\/2024\/11\/comboio-natal-escola-samora-correia-2-scaled.jpg\" data-elementor-open-lightbox=\"yes\" data-elementor-lightbox-slideshow=\"671e504\" data-elementor-lightbox-title=\"comboio natal escola samora correia (2)\" data-e-action-hash=\"#elementor-action%3Aaction%3Dlightbox%26settings%3DeyJpZCI6NjI4NjAsInVybCI6Imh0dHBzOlwvXC93d3cuY20tYmVuYXZlbnRlLnB0XC93cC1jb250ZW50XC91cGxvYWRzXC8yMDI0XC8xMVwvY29tYm9pby1uYXRhbC1lc2NvbGEtc2Ftb3JhLWNvcnJlaWEtMi1zY2FsZWQuanBnIiwic2xpZGVzaG93IjoiNjcxZTUwNCJ9\">\n\t\t\t\t\t<div class=\"e-gallery-image elementor-gallery-item__image\" data-thumbnail=\"https:\/\/www.cm-benavente.pt\/wp-content\/uploads\/2024\/11\/comboio-natal-escola-samora-correia-2-1024x682.jpg\" data-width=\"800\" data-height=\"533\" aria-label=\"\" role=\"img\" ><\/div>\n\t\t\t\t\t\t\t\t\t\t\t<div class=\"elementor-gallery-item__overlay\"><\/div>\n\t\t\t\t\t\t\t\t\t\t\t\t\t\t<\/a>\n\t\t\t\t\t\t\t<a class=\"e-gallery-item elementor-gallery-item elementor-animated-content\" href=\"https:\/\/www.cm-benavente.pt\/wp-content\/uploads\/2024\/11\/comboio-natal-escola-samora-correia-3-scaled.jpg\" data-elementor-open-lightbox=\"yes\" data-elementor-lightbox-slideshow=\"671e504\" data-elementor-lightbox-title=\"comboio natal escola samora correia (3)\" data-e-action-hash=\"#elementor-action%3Aaction%3Dlightbox%26settings%3DeyJpZCI6NjI4NjEsInVybCI6Imh0dHBzOlwvXC93d3cuY20tYmVuYXZlbnRlLnB0XC93cC1jb250ZW50XC91cGxvYWRzXC8yMDI0XC8xMVwvY29tYm9pby1uYXRhbC1lc2NvbGEtc2Ftb3JhLWNvcnJlaWEtMy1zY2FsZWQuanBnIiwic2xpZGVzaG93IjoiNjcxZTUwNCJ9\">\n\t\t\t\t\t<div class=\"e-gallery-image elementor-gallery-item__image\" data-thumbnail=\"https:\/\/www.cm-benavente.pt\/wp-content\/uploads\/2024\/11\/comboio-natal-escola-samora-correia-3-1024x571.jpg\" data-width=\"800\" data-height=\"446\" aria-label=\"\" role=\"img\" ><\/div>\n\t\t\t\t\t\t\t\t\t\t\t<div class=\"elementor-gallery-item__overlay\"><\/div>\n\t\t\t\t\t\t\t\t\t\t\t\t\t\t<\/a>\n\t\t\t\t\t\t\t<a class=\"e-gallery-item elementor-gallery-item elementor-animated-content\" href=\"https:\/\/www.cm-benavente.pt\/wp-content\/uploads\/2024\/11\/comboio-natal-escola-samora-correia-4-scaled.jpg\" data-elementor-open-lightbox=\"yes\" data-elementor-lightbox-slideshow=\"671e504\" data-elementor-lightbox-title=\"comboio natal escola samora correia (4)\" data-e-action-hash=\"#elementor-action%3Aaction%3Dlightbox%26settings%3DeyJpZCI6NjI4NjIsInVybCI6Imh0dHBzOlwvXC93d3cuY20tYmVuYXZlbnRlLnB0XC93cC1jb250ZW50XC91cGxvYWRzXC8yMDI0XC8xMVwvY29tYm9pby1uYXRhbC1lc2NvbGEtc2Ftb3JhLWNvcnJlaWEtNC1zY2FsZWQuanBnIiwic2xpZGVzaG93IjoiNjcxZTUwNCJ9\">\n\t\t\t\t\t<div class=\"e-gallery-image elementor-gallery-item__image\" data-thumbnail=\"https:\/\/www.cm-benavente.pt\/wp-content\/uploads\/2024\/11\/comboio-natal-escola-samora-correia-4-1024x608.jpg\" data-width=\"800\" data-height=\"475\" aria-label=\"\" role=\"img\" ><\/div>\n\t\t\t\t\t\t\t\t\t\t\t<div class=\"elementor-gallery-item__overlay\"><\/div>\n\t\t\t\t\t\t\t\t\t\t\t\t\t\t<\/a>\n\t\t\t\t\t\t\t<a class=\"e-gallery-item elementor-gallery-item elementor-animated-content\" href=\"https:\/\/www.cm-benavente.pt\/wp-content\/uploads\/2024\/11\/comboio-natal-escola-samora-correia-5-scaled.jpg\" data-elementor-open-lightbox=\"yes\" data-elementor-lightbox-slideshow=\"671e504\" data-elementor-lightbox-title=\"comboio natal escola samora correia (5)\" data-e-action-hash=\"#elementor-action%3Aaction%3Dlightbox%26settings%3DeyJpZCI6NjI4NjMsInVybCI6Imh0dHBzOlwvXC93d3cuY20tYmVuYXZlbnRlLnB0XC93cC1jb250ZW50XC91cGxvYWRzXC8yMDI0XC8xMVwvY29tYm9pby1uYXRhbC1lc2NvbGEtc2Ftb3JhLWNvcnJlaWEtNS1zY2FsZWQuanBnIiwic2xpZGVzaG93IjoiNjcxZTUwNCJ9\">\n\t\t\t\t\t<div class=\"e-gallery-image elementor-gallery-item__image\" data-thumbnail=\"https:\/\/www.cm-benavente.pt\/wp-content\/uploads\/2024\/11\/comboio-natal-escola-samora-correia-5-1024x590.jpg\" data-width=\"800\" data-height=\"461\" aria-label=\"\" role=\"img\" ><\/div>\n\t\t\t\t\t\t\t\t\t\t\t<div class=\"elementor-gallery-item__overlay\"><\/div>\n\t\t\t\t\t\t\t\t\t\t\t\t\t\t<\/a>\n\t\t\t\t\t\t\t<a class=\"e-gallery-item elementor-gallery-item elementor-animated-content\" href=\"https:\/\/www.cm-benavente.pt\/wp-content\/uploads\/2024\/11\/comboio-natal-escola-samora-correia-6-scaled.jpg\" data-elementor-open-lightbox=\"yes\" data-elementor-lightbox-slideshow=\"671e504\" data-elementor-lightbox-title=\"comboio natal escola samora correia (6)\" data-e-action-hash=\"#elementor-action%3Aaction%3Dlightbox%26settings%3DeyJpZCI6NjI4NjQsInVybCI6Imh0dHBzOlwvXC93d3cuY20tYmVuYXZlbnRlLnB0XC93cC1jb250ZW50XC91cGxvYWRzXC8yMDI0XC8xMVwvY29tYm9pby1uYXRhbC1lc2NvbGEtc2Ftb3JhLWNvcnJlaWEtNi1zY2FsZWQuanBnIiwic2xpZGVzaG93IjoiNjcxZTUwNCJ9\">\n\t\t\t\t\t<div class=\"e-gallery-image elementor-gallery-item__image\" data-thumbnail=\"https:\/\/www.cm-benavente.pt\/wp-content\/uploads\/2024\/11\/comboio-natal-escola-samora-correia-6-1024x611.jpg\" data-width=\"800\" data-height=\"477\" aria-label=\"\" role=\"img\" ><\/div>\n\t\t\t\t\t\t\t\t\t\t\t<div class=\"elementor-gallery-item__overlay\"><\/div>\n\t\t\t\t\t\t\t\t\t\t\t\t\t\t<\/a>\n\t\t\t\t\t\t\t<a class=\"e-gallery-item elementor-gallery-item elementor-animated-content\" href=\"https:\/\/www.cm-benavente.pt\/wp-content\/uploads\/2024\/11\/comboio-natal-escola-samora-correia-7-scaled.jpg\" data-elementor-open-lightbox=\"yes\" data-elementor-lightbox-slideshow=\"671e504\" data-elementor-lightbox-title=\"comboio natal escola samora correia (7)\" data-e-action-hash=\"#elementor-action%3Aaction%3Dlightbox%26settings%3DeyJpZCI6NjI4NjUsInVybCI6Imh0dHBzOlwvXC93d3cuY20tYmVuYXZlbnRlLnB0XC93cC1jb250ZW50XC91cGxvYWRzXC8yMDI0XC8xMVwvY29tYm9pby1uYXRhbC1lc2NvbGEtc2Ftb3JhLWNvcnJlaWEtNy1zY2FsZWQuanBnIiwic2xpZGVzaG93IjoiNjcxZTUwNCJ9\">\n\t\t\t\t\t<div class=\"e-gallery-image elementor-gallery-item__image\" data-thumbnail=\"https:\/\/www.cm-benavente.pt\/wp-content\/uploads\/2024\/11\/comboio-natal-escola-samora-correia-7-1024x682.jpg\" data-width=\"800\" data-height=\"533\" aria-label=\"\" role=\"img\" ><\/div>\n\t\t\t\t\t\t\t\t\t\t\t<div class=\"elementor-gallery-item__overlay\"><\/div>\n\t\t\t\t\t\t\t\t\t\t\t\t\t\t<\/a>\n\t\t\t\t\t\t\t<a class=\"e-gallery-item elementor-gallery-item elementor-animated-content\" href=\"https:\/\/www.cm-benavente.pt\/wp-content\/uploads\/2024\/11\/comboio-natal-escola-samora-correia-8-scaled.jpg\" data-elementor-open-lightbox=\"yes\" data-elementor-lightbox-slideshow=\"671e504\" data-elementor-lightbox-title=\"comboio natal escola samora correia (8)\" data-e-action-hash=\"#elementor-action%3Aaction%3Dlightbox%26settings%3DeyJpZCI6NjI4NjYsInVybCI6Imh0dHBzOlwvXC93d3cuY20tYmVuYXZlbnRlLnB0XC93cC1jb250ZW50XC91cGxvYWRzXC8yMDI0XC8xMVwvY29tYm9pby1uYXRhbC1lc2NvbGEtc2Ftb3JhLWNvcnJlaWEtOC1zY2FsZWQuanBnIiwic2xpZGVzaG93IjoiNjcxZTUwNCJ9\">\n\t\t\t\t\t<div class=\"e-gallery-image elementor-gallery-item__image\" data-thumbnail=\"https:\/\/www.cm-benavente.pt\/wp-content\/uploads\/2024\/11\/comboio-natal-escola-samora-correia-8-1024x593.jpg\" data-width=\"800\" data-height=\"463\" aria-label=\"\" role=\"img\" ><\/div>\n\t\t\t\t\t\t\t\t\t\t\t<div class=\"elementor-gallery-item__overlay\"><\/div>\n\t\t\t\t\t\t\t\t\t\t\t\t\t\t<\/a>\n\t\t\t\t\t\t\t<a class=\"e-gallery-item elementor-gallery-item elementor-animated-content\" href=\"https:\/\/www.cm-benavente.pt\/wp-content\/uploads\/2024\/11\/comboio-natal-escola-samora-correia-9-scaled.jpg\" data-elementor-open-lightbox=\"yes\" data-elementor-lightbox-slideshow=\"671e504\" data-elementor-lightbox-title=\"comboio natal escola samora correia (9)\" data-e-action-hash=\"#elementor-action%3Aaction%3Dlightbox%26settings%3DeyJpZCI6NjI4NjcsInVybCI6Imh0dHBzOlwvXC93d3cuY20tYmVuYXZlbnRlLnB0XC93cC1jb250ZW50XC91cGxvYWRzXC8yMDI0XC8xMVwvY29tYm9pby1uYXRhbC1lc2NvbGEtc2Ftb3JhLWNvcnJlaWEtOS1zY2FsZWQuanBnIiwic2xpZGVzaG93IjoiNjcxZTUwNCJ9\">\n\t\t\t\t\t<div class=\"e-gallery-image elementor-gallery-item__image\" data-thumbnail=\"https:\/\/www.cm-benavente.pt\/wp-content\/uploads\/2024\/11\/comboio-natal-escola-samora-correia-9-1024x540.jpg\" data-width=\"800\" data-height=\"422\" aria-label=\"\" role=\"img\" ><\/div>\n\t\t\t\t\t\t\t\t\t\t\t<div class=\"elementor-gallery-item__overlay\"><\/div>\n\t\t\t\t\t\t\t\t\t\t\t\t\t\t<\/a>\n\t\t\t\t\t\t\t<a class=\"e-gallery-item elementor-gallery-item elementor-animated-content\" href=\"https:\/\/www.cm-benavente.pt\/wp-content\/uploads\/2024\/11\/comboio-natal-escola-samora-correia-10-scaled.jpg\" data-elementor-open-lightbox=\"yes\" data-elementor-lightbox-slideshow=\"671e504\" data-elementor-lightbox-title=\"comboio natal escola samora correia (10)\" data-e-action-hash=\"#elementor-action%3Aaction%3Dlightbox%26settings%3DeyJpZCI6NjI4NjgsInVybCI6Imh0dHBzOlwvXC93d3cuY20tYmVuYXZlbnRlLnB0XC93cC1jb250ZW50XC91cGxvYWRzXC8yMDI0XC8xMVwvY29tYm9pby1uYXRhbC1lc2NvbGEtc2Ftb3JhLWNvcnJlaWEtMTAtc2NhbGVkLmpwZyIsInNsaWRlc2hvdyI6IjY3MWU1MDQifQ%3D%3D\">\n\t\t\t\t\t<div class=\"e-gallery-image elementor-gallery-item__image\" data-thumbnail=\"https:\/\/www.cm-benavente.pt\/wp-content\/uploads\/2024\/11\/comboio-natal-escola-samora-correia-10-1024x700.jpg\" data-width=\"800\" data-height=\"547\" aria-label=\"\" role=\"img\" ><\/div>\n\t\t\t\t\t\t\t\t\t\t\t<div class=\"elementor-gallery-item__overlay\"><\/div>\n\t\t\t\t\t\t\t\t\t\t\t\t\t\t<\/a>\n\t\t\t\t\t\t\t<a class=\"e-gallery-item elementor-gallery-item elementor-animated-content\" href=\"https:\/\/www.cm-benavente.pt\/wp-content\/uploads\/2024\/11\/comboio-natal-escola-samora-correia-11-scaled.jpg\" data-elementor-open-lightbox=\"yes\" data-elementor-lightbox-slideshow=\"671e504\" data-elementor-lightbox-title=\"comboio natal escola samora correia (11)\" data-e-action-hash=\"#elementor-action%3Aaction%3Dlightbox%26settings%3DeyJpZCI6NjI4NjksInVybCI6Imh0dHBzOlwvXC93d3cuY20tYmVuYXZlbnRlLnB0XC93cC1jb250ZW50XC91cGxvYWRzXC8yMDI0XC8xMVwvY29tYm9pby1uYXRhbC1lc2NvbGEtc2Ftb3JhLWNvcnJlaWEtMTEtc2NhbGVkLmpwZyIsInNsaWRlc2hvdyI6IjY3MWU1MDQifQ%3D%3D\">\n\t\t\t\t\t<div class=\"e-gallery-image elementor-gallery-item__image\" data-thumbnail=\"https:\/\/www.cm-benavente.pt\/wp-content\/uploads\/2024\/11\/comboio-natal-escola-samora-correia-11-1024x579.jpg\" data-width=\"800\" data-height=\"452\" aria-label=\"\" role=\"img\" ><\/div>\n\t\t\t\t\t\t\t\t\t\t\t<div class=\"elementor-gallery-item__overlay\"><\/div>\n\t\t\t\t\t\t\t\t\t\t\t\t\t\t<\/a>\n\t\t\t\t\t\t\t<a class=\"e-gallery-item elementor-gallery-item elementor-animated-content\" href=\"https:\/\/www.cm-benavente.pt\/wp-content\/uploads\/2024\/11\/comboio-natal-escola-samora-correia-12-scaled.jpg\" data-elementor-open-lightbox=\"yes\" data-elementor-lightbox-slideshow=\"671e504\" data-elementor-lightbox-title=\"comboio natal escola samora correia (12)\" data-e-action-hash=\"#elementor-action%3Aaction%3Dlightbox%26settings%3DeyJpZCI6NjI4NzAsInVybCI6Imh0dHBzOlwvXC93d3cuY20tYmVuYXZlbnRlLnB0XC93cC1jb250ZW50XC91cGxvYWRzXC8yMDI0XC8xMVwvY29tYm9pby1uYXRhbC1lc2NvbGEtc2Ftb3JhLWNvcnJlaWEtMTItc2NhbGVkLmpwZyIsInNsaWRlc2hvdyI6IjY3MWU1MDQifQ%3D%3D\">\n\t\t\t\t\t<div class=\"e-gallery-image elementor-gallery-item__image\" data-thumbnail=\"https:\/\/www.cm-benavente.pt\/wp-content\/uploads\/2024\/11\/comboio-natal-escola-samora-correia-12-1024x593.jpg\" data-width=\"800\" data-height=\"463\" aria-label=\"\" role=\"img\" ><\/div>\n\t\t\t\t\t\t\t\t\t\t\t<div class=\"elementor-gallery-item__overlay\"><\/div>\n\t\t\t\t\t\t\t\t\t\t\t\t\t\t<\/a>\n\t\t\t\t\t\t\t<a class=\"e-gallery-item elementor-gallery-item elementor-animated-content\" href=\"https:\/\/www.cm-benavente.pt\/wp-content\/uploads\/2024\/11\/comboio-natal-escola-samora-correia-13-scaled.jpg\" data-elementor-open-lightbox=\"yes\" data-elementor-lightbox-slideshow=\"671e504\" data-elementor-lightbox-title=\"comboio natal escola samora correia (13)\" data-e-action-hash=\"#elementor-action%3Aaction%3Dlightbox%26settings%3DeyJpZCI6NjI4NzEsInVybCI6Imh0dHBzOlwvXC93d3cuY20tYmVuYXZlbnRlLnB0XC93cC1jb250ZW50XC91cGxvYWRzXC8yMDI0XC8xMVwvY29tYm9pby1uYXRhbC1lc2NvbGEtc2Ftb3JhLWNvcnJlaWEtMTMtc2NhbGVkLmpwZyIsInNsaWRlc2hvdyI6IjY3MWU1MDQifQ%3D%3D\">\n\t\t\t\t\t<div class=\"e-gallery-image elementor-gallery-item__image\" data-thumbnail=\"https:\/\/www.cm-benavente.pt\/wp-content\/uploads\/2024\/11\/comboio-natal-escola-samora-correia-13-1024x655.jpg\" data-width=\"800\" data-height=\"512\" aria-label=\"\" role=\"img\" ><\/div>\n\t\t\t\t\t\t\t\t\t\t\t<div class=\"elementor-gallery-item__overlay\"><\/div>\n\t\t\t\t\t\t\t\t\t\t\t\t\t\t<\/a>\n\t\t\t\t\t\t\t<a class=\"e-gallery-item elementor-gallery-item elementor-animated-content\" href=\"https:\/\/www.cm-benavente.pt\/wp-content\/uploads\/2024\/11\/comboio-natal-escola-samora-correia-14-scaled.jpg\" data-elementor-open-lightbox=\"yes\" data-elementor-lightbox-slideshow=\"671e504\" data-elementor-lightbox-title=\"comboio natal escola samora correia (14)\" data-e-action-hash=\"#elementor-action%3Aaction%3Dlightbox%26settings%3DeyJpZCI6NjI4NzIsInVybCI6Imh0dHBzOlwvXC93d3cuY20tYmVuYXZlbnRlLnB0XC93cC1jb250ZW50XC91cGxvYWRzXC8yMDI0XC8xMVwvY29tYm9pby1uYXRhbC1lc2NvbGEtc2Ftb3JhLWNvcnJlaWEtMTQtc2NhbGVkLmpwZyIsInNsaWRlc2hvdyI6IjY3MWU1MDQifQ%3D%3D\">\n\t\t\t\t\t<div class=\"e-gallery-image elementor-gallery-item__image\" data-thumbnail=\"https:\/\/www.cm-benavente.pt\/wp-content\/uploads\/2024\/11\/comboio-natal-escola-samora-correia-14-1024x613.jpg\" data-width=\"800\" data-height=\"479\" aria-label=\"\" role=\"img\" ><\/div>\n\t\t\t\t\t\t\t\t\t\t\t<div class=\"elementor-gallery-item__overlay\"><\/div>\n\t\t\t\t\t\t\t\t\t\t\t\t\t\t<\/a>\n\t\t\t\t\t\t\t<a class=\"e-gallery-item elementor-gallery-item elementor-animated-content\" href=\"https:\/\/www.cm-benavente.pt\/wp-content\/uploads\/2024\/11\/comboio-natal-escola-samora-correia-15-scaled.jpg\" data-elementor-open-lightbox=\"yes\" data-elementor-lightbox-slideshow=\"671e504\" data-elementor-lightbox-title=\"comboio natal escola samora correia (15)\" data-e-action-hash=\"#elementor-action%3Aaction%3Dlightbox%26settings%3DeyJpZCI6NjI4NzMsInVybCI6Imh0dHBzOlwvXC93d3cuY20tYmVuYXZlbnRlLnB0XC93cC1jb250ZW50XC91cGxvYWRzXC8yMDI0XC8xMVwvY29tYm9pby1uYXRhbC1lc2NvbGEtc2Ftb3JhLWNvcnJlaWEtMTUtc2NhbGVkLmpwZyIsInNsaWRlc2hvdyI6IjY3MWU1MDQifQ%3D%3D\">\n\t\t\t\t\t<div class=\"e-gallery-image elementor-gallery-item__image\" data-thumbnail=\"https:\/\/www.cm-benavente.pt\/wp-content\/uploads\/2024\/11\/comboio-natal-escola-samora-correia-15-1024x641.jpg\" data-width=\"800\" data-height=\"501\" aria-label=\"\" role=\"img\" ><\/div>\n\t\t\t\t\t\t\t\t\t\t\t<div class=\"elementor-gallery-item__overlay\"><\/div>\n\t\t\t\t\t\t\t\t\t\t\t\t\t\t<\/a>\n\t\t\t\t\t\t\t<a class=\"e-gallery-item elementor-gallery-item elementor-animated-content\" href=\"https:\/\/www.cm-benavente.pt\/wp-content\/uploads\/2024\/11\/comboio-natal-escola-samora-correia-16-scaled.jpg\" data-elementor-open-lightbox=\"yes\" data-elementor-lightbox-slideshow=\"671e504\" data-elementor-lightbox-title=\"comboio natal escola samora correia (16)\" data-e-action-hash=\"#elementor-action%3Aaction%3Dlightbox%26settings%3DeyJpZCI6NjI4NzQsInVybCI6Imh0dHBzOlwvXC93d3cuY20tYmVuYXZlbnRlLnB0XC93cC1jb250ZW50XC91cGxvYWRzXC8yMDI0XC8xMVwvY29tYm9pby1uYXRhbC1lc2NvbGEtc2Ftb3JhLWNvcnJlaWEtMTYtc2NhbGVkLmpwZyIsInNsaWRlc2hvdyI6IjY3MWU1MDQifQ%3D%3D\">\n\t\t\t\t\t<div class=\"e-gallery-image elementor-gallery-item__image\" data-thumbnail=\"https:\/\/www.cm-benavente.pt\/wp-content\/uploads\/2024\/11\/comboio-natal-escola-samora-correia-16-1024x704.jpg\" data-width=\"800\" data-height=\"550\" aria-label=\"\" role=\"img\" ><\/div>\n\t\t\t\t\t\t\t\t\t\t\t<div class=\"elementor-gallery-item__overlay\"><\/div>\n\t\t\t\t\t\t\t\t\t\t\t\t\t\t<\/a>\n\t\t\t\t\t\t\t<a class=\"e-gallery-item elementor-gallery-item elementor-animated-content\" href=\"https:\/\/www.cm-benavente.pt\/wp-content\/uploads\/2024\/11\/comboio-natal-escola-samora-correia-17-scaled.jpg\" data-elementor-open-lightbox=\"yes\" data-elementor-lightbox-slideshow=\"671e504\" data-elementor-lightbox-title=\"comboio natal escola samora correia (17)\" data-e-action-hash=\"#elementor-action%3Aaction%3Dlightbox%26settings%3DeyJpZCI6NjI4NzUsInVybCI6Imh0dHBzOlwvXC93d3cuY20tYmVuYXZlbnRlLnB0XC93cC1jb250ZW50XC91cGxvYWRzXC8yMDI0XC8xMVwvY29tYm9pby1uYXRhbC1lc2NvbGEtc2Ftb3JhLWNvcnJlaWEtMTctc2NhbGVkLmpwZyIsInNsaWRlc2hvdyI6IjY3MWU1MDQifQ%3D%3D\">\n\t\t\t\t\t<div class=\"e-gallery-image elementor-gallery-item__image\" data-thumbnail=\"https:\/\/www.cm-benavente.pt\/wp-content\/uploads\/2024\/11\/comboio-natal-escola-samora-correia-17-1024x682.jpg\" data-width=\"800\" data-height=\"533\" aria-label=\"\" role=\"img\" ><\/div>\n\t\t\t\t\t\t\t\t\t\t\t<div class=\"elementor-gallery-item__overlay\"><\/div>\n\t\t\t\t\t\t\t\t\t\t\t\t\t\t<\/a>\n\t\t\t\t\t\t\t<a class=\"e-gallery-item elementor-gallery-item elementor-animated-content\" href=\"https:\/\/www.cm-benavente.pt\/wp-content\/uploads\/2024\/11\/comboio-natal-escola-samora-correia-18-scaled.jpg\" data-elementor-open-lightbox=\"yes\" data-elementor-lightbox-slideshow=\"671e504\" data-elementor-lightbox-title=\"comboio natal escola samora correia (18)\" data-e-action-hash=\"#elementor-action%3Aaction%3Dlightbox%26settings%3DeyJpZCI6NjI4NzYsInVybCI6Imh0dHBzOlwvXC93d3cuY20tYmVuYXZlbnRlLnB0XC93cC1jb250ZW50XC91cGxvYWRzXC8yMDI0XC8xMVwvY29tYm9pby1uYXRhbC1lc2NvbGEtc2Ftb3JhLWNvcnJlaWEtMTgtc2NhbGVkLmpwZyIsInNsaWRlc2hvdyI6IjY3MWU1MDQifQ%3D%3D\">\n\t\t\t\t\t<div class=\"e-gallery-image elementor-gallery-item__image\" data-thumbnail=\"https:\/\/www.cm-benavente.pt\/wp-content\/uploads\/2024\/11\/comboio-natal-escola-samora-correia-18-1024x683.jpg\" data-width=\"800\" data-height=\"534\" aria-label=\"\" role=\"img\" ><\/div>\n\t\t\t\t\t\t\t\t\t\t\t<div class=\"elementor-gallery-item__overlay\"><\/div>\n\t\t\t\t\t\t\t\t\t\t\t\t\t\t<\/a>\n\t\t\t\t\t\t\t<a class=\"e-gallery-item elementor-gallery-item elementor-animated-content\" href=\"https:\/\/www.cm-benavente.pt\/wp-content\/uploads\/2024\/11\/comboio-natal-escola-samora-correia-19-scaled.jpg\" data-elementor-open-lightbox=\"yes\" data-elementor-lightbox-slideshow=\"671e504\" data-elementor-lightbox-title=\"comboio natal escola samora correia (19)\" data-e-action-hash=\"#elementor-action%3Aaction%3Dlightbox%26settings%3DeyJpZCI6NjI4NzcsInVybCI6Imh0dHBzOlwvXC93d3cuY20tYmVuYXZlbnRlLnB0XC93cC1jb250ZW50XC91cGxvYWRzXC8yMDI0XC8xMVwvY29tYm9pby1uYXRhbC1lc2NvbGEtc2Ftb3JhLWNvcnJlaWEtMTktc2NhbGVkLmpwZyIsInNsaWRlc2hvdyI6IjY3MWU1MDQifQ%3D%3D\">\n\t\t\t\t\t<div class=\"e-gallery-image elementor-gallery-item__image\" data-thumbnail=\"https:\/\/www.cm-benavente.pt\/wp-content\/uploads\/2024\/11\/comboio-natal-escola-samora-correia-19-1024x639.jpg\" data-width=\"800\" data-height=\"499\" aria-label=\"\" role=\"img\" ><\/div>\n\t\t\t\t\t\t\t\t\t\t\t<div class=\"elementor-gallery-item__overlay\"><\/div>\n\t\t\t\t\t\t\t\t\t\t\t\t\t\t<\/a>\n\t\t\t\t\t<\/div>\n\t\t\t\t\t<\/div>\n\t\t\t\t<\/div>\n\t\t\t\t\t<\/div>\n\t\t\t\t<\/div>\n\t\t\t\t<\/div>\n\t\t","protected":false},"excerpt":{"rendered":"<p>Uma manh\u00e3 diferente com os meninos das escolas no magnifico comboio de natal pelas ruas de Samora Correia.<br \/>\nHoje, a partir das 18H30 o Comboio de natal estar\u00e1 \u00e0 disposi\u00e7\u00e3o de todos, de forma gratuita, nos Mercados de natal que decorrem este fim de semana, na Pra\u00e7a da Rep\u00fablica.<br \/>\nPara j\u00e1, fomos registar a alegria das crian\u00e7as.<br \/>\nA organiza\u00e7\u00e3o dos Mercados de natal \u00e9 da C\u00e2mara Municipal de Benavente. <\/p>\n","protected":false},"author":3,"featured_media":62857,"comment_status":"closed","ping_status":"closed","sticky":false,"template":"","format":"standard","meta":{"_vp_format_video_url":"","_vp_image_focal_point":[],"footnotes":""},"categories":[510],"tags":[2436,402,7,767,350,27],"class_list":["post-62856","post","type-post","status-publish","format-standard","has-post-thumbnail","hentry","category-evento","tag-comboio","tag-criancas","tag-escola","tag-mercados","tag-natal","tag-samora-correia"],"_links":{"self":[{"href":"https:\/\/www.cm-benavente.pt\/index.php\/wp-json\/wp\/v2\/posts\/62856","targetHints":{"allow":["GET"]}}],"collection":[{"href":"https:\/\/www.cm-benavente.pt\/index.php\/wp-json\/wp\/v2\/posts"}],"about":[{"href":"https:\/\/www.cm-benavente.pt\/index.php\/wp-json\/wp\/v2\/types\/post"}],"author":[{"embeddable":true,"href":"https:\/\/www.cm-benavente.pt\/index.php\/wp-json\/wp\/v2\/users\/3"}],"replies":[{"embeddable":true,"href":"https:\/\/www.cm-benavente.pt\/index.php\/wp-json\/wp\/v2\/comments?post=62856"}],"version-history":[{"count":4,"href":"https:\/\/www.cm-benavente.pt\/index.php\/wp-json\/wp\/v2\/posts\/62856\/revisions"}],"predecessor-version":[{"id":62880,"href":"https:\/\/www.cm-benavente.pt\/index.php\/wp-json\/wp\/v2\/posts\/62856\/revisions\/62880"}],"wp:featuredmedia":[{"embeddable":true,"href":"https:\/\/www.cm-benavente.pt\/index.php\/wp-json\/wp\/v2\/media\/62857"}],"wp:attachment":[{"href":"https:\/\/www.cm-benavente.pt\/index.php\/wp-json\/wp\/v2\/media?parent=62856"}],"wp:term":[{"taxonomy":"category","embeddable":true,"href":"https:\/\/www.cm-benavente.pt\/index.php\/wp-json\/wp\/v2\/categories?post=62856"},{"taxonomy":"post_tag","embeddable":true,"href":"https:\/\/www.cm-benavente.pt\/index.php\/wp-json\/wp\/v2\/tags?post=62856"}],"curies":[{"name":"wp","href":"https:\/\/api.w.org\/{rel}","templated":true}]}}