{"id":62813,"date":"2024-11-28T16:48:50","date_gmt":"2024-11-28T16:48:50","guid":{"rendered":"https:\/\/www.cm-benavente.pt\/?p=62813"},"modified":"2024-11-28T16:51:21","modified_gmt":"2024-11-28T16:51:21","slug":"consulta-publica-proposta-de-criacao-de-lugar-cargas-e-descargas-rua-da-seguranca-social-samora-correia","status":"publish","type":"post","link":"https:\/\/www.cm-benavente.pt\/index.php\/2024\/11\/28\/consulta-publica-proposta-de-criacao-de-lugar-cargas-e-descargas-rua-da-seguranca-social-samora-correia\/","title":{"rendered":"Consulta P\u00fablica &#8211; Proposta de cria\u00e7\u00e3o de lugar cargas e descargas\/ Rua da Seguran\u00e7a Social &#8211; Samora Correia"},"content":{"rendered":"\t\t<div data-elementor-type=\"wp-post\" data-elementor-id=\"62813\" class=\"elementor elementor-62813\" data-elementor-post-type=\"post\">\n\t\t\t\t<div class=\"elementor-element elementor-element-1d3efd0 e-flex e-con-boxed e-con e-parent\" data-id=\"1d3efd0\" data-element_type=\"container\" data-e-type=\"container\" data-settings=\"{&quot;tmea_shape_divider_top&quot;:&quot;none&quot;,&quot;tmea_shape_divider_bottom&quot;:&quot;none&quot;}\">\n\t\t\t\t\t<div class=\"e-con-inner\">\n\t\t\n\t\t<div class=\"elementor-element elementor-element-03ac82a elementor-widget elementor-widget-text-editor\" data-id=\"03ac82a\" data-element_type=\"widget\" data-e-type=\"widget\" data-widget_type=\"text-editor.default\">\n\t\t\t\t<div class=\"elementor-widget-container\">\n\t\t\t\t\t\t\t\t\t<p>Torna-se p\u00fablico que, nos termos do preceituado no n\u00ba 1 do artigo 122\u00ba do Decreto-Lei n\u00ba 4\/2015, de 7\/01 que todos os interessados poder\u00e3o manifestar-se, no <strong>prazo de dez dias \u00fateis<\/strong> ap\u00f3s a publica\u00e7\u00e3o do presente Edital no jornal \u201cVoz Ribatejana\u201d, sobre a:<\/p><p style=\"padding-left: 40px;\"><strong>&#8211; Proposta de cria\u00e7\u00e3o de um lugar para cargas e descargas na Rua da Seguran\u00e7a Social em Samora Correia<\/strong><\/p><p>As <strong>opini\u00f5es<\/strong> dever\u00e3o ser expostas <strong>por escrito<\/strong> ao Presidente da C\u00e2mara Municipal de Benavente, at\u00e9 \u00e0 data limite do prazo estipulado, no seguinte local:<\/p><p style=\"padding-left: 40px;\"><strong>C\u00e2mara Municipal de Benavente, Divis\u00e3o Municipal de Obras Particulares e Planeamento Urban\u00edstico e Desenvolvimento Pra\u00e7a do Munic\u00edpio, 2130-038 Benavente<\/strong><\/p><p><strong>O processo poder\u00e1 ser consultado<\/strong> no local acima referido, <strong>das 9,00h \u00e0s 12,30h e das 14,00h \u00e0s 17,00h<\/strong>.<br \/>Para constar se publica o presente Edital e outros de igual teor que v\u00e3o ser afixados nos lugares p\u00fablicos de estilo.<\/p>\t\t\t\t\t\t\t\t<\/div>\n\t\t\t\t<\/div>\n\t\t\t\t<div class=\"elementor-element elementor-element-c20a020 elementor-widget elementor-widget-button\" data-id=\"c20a020\" data-element_type=\"widget\" data-e-type=\"widget\" data-widget_type=\"button.default\">\n\t\t\t\t<div class=\"elementor-widget-container\">\n\t\t\t\t\t\t\t\t\t<div class=\"elementor-button-wrapper\">\n\t\t\t\t\t<a class=\"elementor-button elementor-button-link elementor-size-sm elementor-animation-grow\" href=\"https:\/\/www.cm-benavente.pt\/wp-content\/uploads\/2024\/11\/Edital-No-5002024-Proposta-de-criacao-de-um-lugar-para-cargas-e-descargas-na-Rua-da-Seguranca-Social-em-Samora-Correia.pdf\" target=\"_blank\">\n\t\t\t\t\t\t<span class=\"elementor-button-content-wrapper\">\n\t\t\t\t\t\t<span class=\"elementor-button-icon\">\n\t\t\t\t<i aria-hidden=\"true\" class=\"far fa-file-pdf\"><\/i>\t\t\t<\/span>\n\t\t\t\t\t\t\t\t\t<span class=\"elementor-button-text\">Edital N\u00ba 500\/2024 - Proposta de cria\u00e7\u00e3o de um lugar para cargas e descargas\/ Rua da Seguran\u00e7a Social - Samora Correia<\/span>\n\t\t\t\t\t<\/span>\n\t\t\t\t\t<\/a>\n\t\t\t\t<\/div>\n\t\t\t\t\t\t\t\t<\/div>\n\t\t\t\t<\/div>\n\t\t\t\t\t<\/div>\n\t\t\t\t<\/div>\n\t\t\t\t<\/div>\n\t\t","protected":false},"excerpt":{"rendered":"<p>Proposta de cria\u00e7\u00e3o de um lugar para cargas e descargas na Rua da Seguran\u00e7a Social em Samora Correia<\/p>\n","protected":false},"author":3,"featured_media":62814,"comment_status":"closed","ping_status":"closed","sticky":false,"template":"","format":"standard","meta":{"_vp_format_video_url":"","_vp_image_focal_point":[],"footnotes":""},"categories":[518,480],"tags":[852,2451,816,27,481],"class_list":["post-62813","post","type-post","status-publish","format-standard","has-post-thumbnail","hentry","category-municipio","category-transito","tag-consulta-publica","tag-lugar-cargas-e-descargas","tag-proposta","tag-samora-correia","tag-transito"],"_links":{"self":[{"href":"https:\/\/www.cm-benavente.pt\/index.php\/wp-json\/wp\/v2\/posts\/62813","targetHints":{"allow":["GET"]}}],"collection":[{"href":"https:\/\/www.cm-benavente.pt\/index.php\/wp-json\/wp\/v2\/posts"}],"about":[{"href":"https:\/\/www.cm-benavente.pt\/index.php\/wp-json\/wp\/v2\/types\/post"}],"author":[{"embeddable":true,"href":"https:\/\/www.cm-benavente.pt\/index.php\/wp-json\/wp\/v2\/users\/3"}],"replies":[{"embeddable":true,"href":"https:\/\/www.cm-benavente.pt\/index.php\/wp-json\/wp\/v2\/comments?post=62813"}],"version-history":[{"count":4,"href":"https:\/\/www.cm-benavente.pt\/index.php\/wp-json\/wp\/v2\/posts\/62813\/revisions"}],"predecessor-version":[{"id":62818,"href":"https:\/\/www.cm-benavente.pt\/index.php\/wp-json\/wp\/v2\/posts\/62813\/revisions\/62818"}],"wp:featuredmedia":[{"embeddable":true,"href":"https:\/\/www.cm-benavente.pt\/index.php\/wp-json\/wp\/v2\/media\/62814"}],"wp:attachment":[{"href":"https:\/\/www.cm-benavente.pt\/index.php\/wp-json\/wp\/v2\/media?parent=62813"}],"wp:term":[{"taxonomy":"category","embeddable":true,"href":"https:\/\/www.cm-benavente.pt\/index.php\/wp-json\/wp\/v2\/categories?post=62813"},{"taxonomy":"post_tag","embeddable":true,"href":"https:\/\/www.cm-benavente.pt\/index.php\/wp-json\/wp\/v2\/tags?post=62813"}],"curies":[{"name":"wp","href":"https:\/\/api.w.org\/{rel}","templated":true}]}}