{"id":62805,"date":"2024-11-28T16:30:01","date_gmt":"2024-11-28T16:30:01","guid":{"rendered":"https:\/\/www.cm-benavente.pt\/?p=62805"},"modified":"2024-11-28T16:31:52","modified_gmt":"2024-11-28T16:31:52","slug":"proibicao-temporaria-da-circulacao-rodoviaria-e-do-estacionamento-publico-limpeza-benavente","status":"publish","type":"post","link":"https:\/\/www.cm-benavente.pt\/index.php\/2024\/11\/28\/proibicao-temporaria-da-circulacao-rodoviaria-e-do-estacionamento-publico-limpeza-benavente\/","title":{"rendered":"Proibi\u00e7\u00e3o tempor\u00e1ria da circula\u00e7\u00e3o rodovi\u00e1ria e do estacionamento p\u00fablico &#8211; Limpeza\/ Benavente"},"content":{"rendered":"\t\t<div data-elementor-type=\"wp-post\" data-elementor-id=\"62805\" class=\"elementor elementor-62805\" data-elementor-post-type=\"post\">\n\t\t\t\t<div class=\"elementor-element elementor-element-637444f e-flex e-con-boxed e-con e-parent\" data-id=\"637444f\" data-element_type=\"container\" data-e-type=\"container\" data-settings=\"{&quot;tmea_shape_divider_top&quot;:&quot;none&quot;,&quot;tmea_shape_divider_bottom&quot;:&quot;none&quot;}\">\n\t\t\t\t\t<div class=\"e-con-inner\">\n\t\t\n\t\t<div class=\"elementor-element elementor-element-8587874 elementor-widget elementor-widget-text-editor\" data-id=\"8587874\" data-element_type=\"widget\" data-e-type=\"widget\" data-widget_type=\"text-editor.default\">\n\t\t\t\t<div class=\"elementor-widget-container\">\n\t\t\t\t\t\t\t\t\t<p>Torna-se p\u00fablico que para efeitos da realiza\u00e7\u00e3o dos <strong>trabalhos de Lavagem e limpeza da Rua Jo\u00e3o Sabino D\u2019Almeida Fernandes<\/strong>, em Benavente, ser\u00e1 temporariamente <strong>proibida a circula\u00e7\u00e3o autom\u00f3vel e o estacionamento de ve\u00edculos<\/strong> nos lugares existentes na mesma via p\u00fablica, no dia 29\/11\/2024, sexta-feira, entre as 07.00h e as 13h00.<\/p><p><strong>E MAIS FAZ SABER QUE<\/strong> o prescrito no presente Edital, nos termos aplic\u00e1veis do C\u00f3digo da Estrada e do Regulamento de Sinaliza\u00e7\u00e3o de Tr\u00e2nsito vigentes, reporta-se a utiliza\u00e7\u00e3o da via p\u00fablica para fins especiais e habilita o Munic\u00edpio \u00e0 remo\u00e7\u00e3o e ao inerente dep\u00f3sito das viaturas autom\u00f3veis em infra\u00e7\u00e3o, sendo da responsabilidade do propriet\u00e1rio do ve\u00edculo todas as despesas decorrentes da remo\u00e7\u00e3o, dep\u00f3sito e devolu\u00e7\u00e3o, sem preju\u00edzo das san\u00e7\u00f5es legais aplic\u00e1veis.<\/p>\t\t\t\t\t\t\t\t<\/div>\n\t\t\t\t<\/div>\n\t\t\t\t<div class=\"elementor-element elementor-element-0330e0f elementor-widget elementor-widget-button\" data-id=\"0330e0f\" data-element_type=\"widget\" data-e-type=\"widget\" data-widget_type=\"button.default\">\n\t\t\t\t<div class=\"elementor-widget-container\">\n\t\t\t\t\t\t\t\t\t<div class=\"elementor-button-wrapper\">\n\t\t\t\t\t<a class=\"elementor-button elementor-button-link elementor-size-sm elementor-animation-grow\" href=\"https:\/\/www.cm-benavente.pt\/wp-content\/uploads\/2024\/11\/Edital-No-5032024-Proibicao-temporaria-circulacao-Limpeza-Benavente.pdf\" target=\"_blank\">\n\t\t\t\t\t\t<span class=\"elementor-button-content-wrapper\">\n\t\t\t\t\t\t<span class=\"elementor-button-icon\">\n\t\t\t\t<i aria-hidden=\"true\" class=\"far fa-file-pdf\"><\/i>\t\t\t<\/span>\n\t\t\t\t\t\t\t\t\t<span class=\"elementor-button-text\">Edital N\u00ba 503\/2024 - Proibi\u00e7\u00e3o tempor\u00e1ria circula\u00e7\u00e3o\/ Limpeza - Benavente<\/span>\n\t\t\t\t\t<\/span>\n\t\t\t\t\t<\/a>\n\t\t\t\t<\/div>\n\t\t\t\t\t\t\t\t<\/div>\n\t\t\t\t<\/div>\n\t\t\t\t\t<\/div>\n\t\t\t\t<\/div>\n\t\t\t\t<\/div>\n\t\t","protected":false},"excerpt":{"rendered":"<p>Torna-se p\u00fablico que para efeitos da realiza\u00e7\u00e3o dos trabalhos de Lavagem e limpeza da Rua Jo\u00e3o Sabino D\u2019Almeida Fernandes, em Benavente, ser\u00e1 temporariamente proibida a circula\u00e7\u00e3o autom\u00f3vel e o estacionamento de ve\u00edculos nos lugares existentes na mesma via p\u00fablica, no dia 29\/11\/2024, sexta-feira, entre as 07.00h e as 13h00.<\/p>\n","protected":false},"author":3,"featured_media":62807,"comment_status":"closed","ping_status":"closed","sticky":false,"template":"","format":"standard","meta":{"_vp_format_video_url":"","_vp_image_focal_point":[],"footnotes":""},"categories":[480],"tags":[16,1353,302,2150,115,481],"class_list":["post-62805","post","type-post","status-publish","format-standard","has-post-thumbnail","hentry","category-transito","tag-benavente","tag-circulacao","tag-estacionamento","tag-lavagem","tag-limpeza","tag-transito"],"_links":{"self":[{"href":"https:\/\/www.cm-benavente.pt\/index.php\/wp-json\/wp\/v2\/posts\/62805","targetHints":{"allow":["GET"]}}],"collection":[{"href":"https:\/\/www.cm-benavente.pt\/index.php\/wp-json\/wp\/v2\/posts"}],"about":[{"href":"https:\/\/www.cm-benavente.pt\/index.php\/wp-json\/wp\/v2\/types\/post"}],"author":[{"embeddable":true,"href":"https:\/\/www.cm-benavente.pt\/index.php\/wp-json\/wp\/v2\/users\/3"}],"replies":[{"embeddable":true,"href":"https:\/\/www.cm-benavente.pt\/index.php\/wp-json\/wp\/v2\/comments?post=62805"}],"version-history":[{"count":4,"href":"https:\/\/www.cm-benavente.pt\/index.php\/wp-json\/wp\/v2\/posts\/62805\/revisions"}],"predecessor-version":[{"id":62811,"href":"https:\/\/www.cm-benavente.pt\/index.php\/wp-json\/wp\/v2\/posts\/62805\/revisions\/62811"}],"wp:featuredmedia":[{"embeddable":true,"href":"https:\/\/www.cm-benavente.pt\/index.php\/wp-json\/wp\/v2\/media\/62807"}],"wp:attachment":[{"href":"https:\/\/www.cm-benavente.pt\/index.php\/wp-json\/wp\/v2\/media?parent=62805"}],"wp:term":[{"taxonomy":"category","embeddable":true,"href":"https:\/\/www.cm-benavente.pt\/index.php\/wp-json\/wp\/v2\/categories?post=62805"},{"taxonomy":"post_tag","embeddable":true,"href":"https:\/\/www.cm-benavente.pt\/index.php\/wp-json\/wp\/v2\/tags?post=62805"}],"curies":[{"name":"wp","href":"https:\/\/api.w.org\/{rel}","templated":true}]}}