{"id":62766,"date":"2024-11-28T09:59:16","date_gmt":"2024-11-28T09:59:16","guid":{"rendered":"https:\/\/www.cm-benavente.pt\/?p=62766"},"modified":"2024-11-28T10:02:31","modified_gmt":"2024-11-28T10:02:31","slug":"obras-de-ampliacao-do-cemiterio-de-benavente","status":"publish","type":"post","link":"https:\/\/www.cm-benavente.pt\/index.php\/2024\/11\/28\/obras-de-ampliacao-do-cemiterio-de-benavente\/","title":{"rendered":"Obras de amplia\u00e7\u00e3o do cemit\u00e9rio de Benavente"},"content":{"rendered":"\t\t<div data-elementor-type=\"wp-post\" data-elementor-id=\"62766\" class=\"elementor elementor-62766\" data-elementor-post-type=\"post\">\n\t\t\t\t<div class=\"elementor-element elementor-element-a718de9 e-flex e-con-boxed e-con e-parent\" data-id=\"a718de9\" data-element_type=\"container\" data-e-type=\"container\" data-settings=\"{&quot;tmea_shape_divider_top&quot;:&quot;none&quot;,&quot;tmea_shape_divider_bottom&quot;:&quot;none&quot;}\">\n\t\t\t\t\t<div class=\"e-con-inner\">\n\t\t\n\t\t<div class=\"elementor-element elementor-element-b2fca09 elementor-widget elementor-widget-text-editor\" data-id=\"b2fca09\" data-element_type=\"widget\" data-e-type=\"widget\" data-widget_type=\"text-editor.default\">\n\t\t\t\t<div class=\"elementor-widget-container\">\n\t\t\t\t\t\t\t\t\t<p>Tiveram in\u00edcio as <strong>obras de amplia\u00e7\u00e3o do cemit\u00e9rio de Benavente<\/strong>, com o objetivo de conseguir o <strong>maior n\u00famero poss\u00edvel de covais<\/strong> dentro da \u00e1rea disponibilizada para o efeito, aproximadamente 1500 m2, \u201cparedes-meias\u201d com o cemit\u00e9rio existente.<\/p><p>Inicialmente a obra foi encarada como um prolongamento natural da solu\u00e7\u00e3o existente por\u00e9m, a presente amplia\u00e7\u00e3o <strong>foi for\u00e7ada a evoluir para a cria\u00e7\u00e3o de um patamar nivelado<\/strong> que contrariasse o desn\u00edvel sentido e permitisse a constitui\u00e7\u00e3o de covais acima das terras h\u00famidas existentes.<\/p><p>A solu\u00e7\u00e3o encontrada passa pela cria\u00e7\u00e3o de muros de conten\u00e7\u00e3o e suporte de terras (que permitem eliminar os taludes existentes) e de um patamar de concord\u00e2ncia que facilita a circula\u00e7\u00e3o entre as duas \u00e1reas.<\/p><p>Como forma de minimizar o impacto das paredes elevadas de bet\u00e3o e conferir um ar menos pesado a este equipamento, ser\u00e3o pintados os contornos com elementos vegetais que trazem cor e vida a um espa\u00e7o carregado de espiritualidade e sentimentos que se quer de paz e tranquilidade mas tamb\u00e9m \u201cligeiro\u201d e harmonioso.<\/p><p>A obra <strong>foi adjudicada por 292.118,79\u20ac + IVA<\/strong> e tem um <strong>prazo de execu\u00e7\u00e3o de 120 dias<\/strong>.<\/p>\t\t\t\t\t\t\t\t<\/div>\n\t\t\t\t<\/div>\n\t\t\t\t<div class=\"elementor-element elementor-element-b9cd4db elementor-widget elementor-widget-gallery\" data-id=\"b9cd4db\" data-element_type=\"widget\" data-e-type=\"widget\" data-settings=\"{&quot;lazyload&quot;:&quot;yes&quot;,&quot;gallery_layout&quot;:&quot;grid&quot;,&quot;columns&quot;:4,&quot;columns_tablet&quot;:2,&quot;columns_mobile&quot;:1,&quot;gap&quot;:{&quot;unit&quot;:&quot;px&quot;,&quot;size&quot;:10,&quot;sizes&quot;:[]},&quot;gap_widescreen&quot;:{&quot;unit&quot;:&quot;px&quot;,&quot;size&quot;:&quot;&quot;,&quot;sizes&quot;:[]},&quot;gap_laptop&quot;:{&quot;unit&quot;:&quot;px&quot;,&quot;size&quot;:10,&quot;sizes&quot;:[]},&quot;gap_tablet_extra&quot;:{&quot;unit&quot;:&quot;px&quot;,&quot;size&quot;:10,&quot;sizes&quot;:[]},&quot;gap_tablet&quot;:{&quot;unit&quot;:&quot;px&quot;,&quot;size&quot;:10,&quot;sizes&quot;:[]},&quot;gap_mobile_extra&quot;:{&quot;unit&quot;:&quot;px&quot;,&quot;size&quot;:10,&quot;sizes&quot;:[]},&quot;gap_mobile&quot;:{&quot;unit&quot;:&quot;px&quot;,&quot;size&quot;:10,&quot;sizes&quot;:[]},&quot;link_to&quot;:&quot;file&quot;,&quot;aspect_ratio&quot;:&quot;3:2&quot;,&quot;overlay_background&quot;:&quot;yes&quot;,&quot;content_hover_animation&quot;:&quot;fade-in&quot;}\" data-widget_type=\"gallery.default\">\n\t\t\t\t<div class=\"elementor-widget-container\">\n\t\t\t\t\t\t\t<div class=\"elementor-gallery__container\">\n\t\t\t\t\t\t\t<a class=\"e-gallery-item elementor-gallery-item elementor-animated-content\" href=\"https:\/\/www.cm-benavente.pt\/wp-content\/uploads\/2024\/11\/obra-ampliacao-cemiterio-benavente-7-scaled.jpg\" data-elementor-open-lightbox=\"yes\" data-elementor-lightbox-slideshow=\"b9cd4db\" data-elementor-lightbox-title=\"obra amplia\u00e7\u00e3o cemit\u00e9rio benavente (7)\" data-e-action-hash=\"#elementor-action%3Aaction%3Dlightbox%26settings%3DeyJpZCI6NjI3NjksInVybCI6Imh0dHBzOlwvXC93d3cuY20tYmVuYXZlbnRlLnB0XC93cC1jb250ZW50XC91cGxvYWRzXC8yMDI0XC8xMVwvb2JyYS1hbXBsaWFjYW8tY2VtaXRlcmlvLWJlbmF2ZW50ZS03LXNjYWxlZC5qcGciLCJzbGlkZXNob3ciOiJiOWNkNGRiIn0%3D\">\n\t\t\t\t\t<div class=\"e-gallery-image elementor-gallery-item__image\" data-thumbnail=\"https:\/\/www.cm-benavente.pt\/wp-content\/uploads\/2024\/11\/obra-ampliacao-cemiterio-benavente-7-1024x682.jpg\" data-width=\"800\" data-height=\"533\" aria-label=\"\" role=\"img\" ><\/div>\n\t\t\t\t\t\t\t\t\t\t\t<div class=\"elementor-gallery-item__overlay\"><\/div>\n\t\t\t\t\t\t\t\t\t\t\t\t\t\t<\/a>\n\t\t\t\t\t\t\t<a class=\"e-gallery-item elementor-gallery-item elementor-animated-content\" href=\"https:\/\/www.cm-benavente.pt\/wp-content\/uploads\/2024\/11\/obra-ampliacao-cemiterio-benavente-1-scaled.jpg\" data-elementor-open-lightbox=\"yes\" data-elementor-lightbox-slideshow=\"b9cd4db\" data-elementor-lightbox-title=\"obra amplia\u00e7\u00e3o cemit\u00e9rio benavente (1)\" data-e-action-hash=\"#elementor-action%3Aaction%3Dlightbox%26settings%3DeyJpZCI6NjI3NzAsInVybCI6Imh0dHBzOlwvXC93d3cuY20tYmVuYXZlbnRlLnB0XC93cC1jb250ZW50XC91cGxvYWRzXC8yMDI0XC8xMVwvb2JyYS1hbXBsaWFjYW8tY2VtaXRlcmlvLWJlbmF2ZW50ZS0xLXNjYWxlZC5qcGciLCJzbGlkZXNob3ciOiJiOWNkNGRiIn0%3D\">\n\t\t\t\t\t<div class=\"e-gallery-image elementor-gallery-item__image\" data-thumbnail=\"https:\/\/www.cm-benavente.pt\/wp-content\/uploads\/2024\/11\/obra-ampliacao-cemiterio-benavente-1-1024x682.jpg\" data-width=\"800\" data-height=\"533\" aria-label=\"\" role=\"img\" ><\/div>\n\t\t\t\t\t\t\t\t\t\t\t<div class=\"elementor-gallery-item__overlay\"><\/div>\n\t\t\t\t\t\t\t\t\t\t\t\t\t\t<\/a>\n\t\t\t\t\t\t\t<a class=\"e-gallery-item elementor-gallery-item elementor-animated-content\" href=\"https:\/\/www.cm-benavente.pt\/wp-content\/uploads\/2024\/11\/obra-ampliacao-cemiterio-benavente-2.jpg\" data-elementor-open-lightbox=\"yes\" data-elementor-lightbox-slideshow=\"b9cd4db\" data-elementor-lightbox-title=\"obra amplia\u00e7\u00e3o cemit\u00e9rio benavente (2)\" data-e-action-hash=\"#elementor-action%3Aaction%3Dlightbox%26settings%3DeyJpZCI6NjI3NzEsInVybCI6Imh0dHBzOlwvXC93d3cuY20tYmVuYXZlbnRlLnB0XC93cC1jb250ZW50XC91cGxvYWRzXC8yMDI0XC8xMVwvb2JyYS1hbXBsaWFjYW8tY2VtaXRlcmlvLWJlbmF2ZW50ZS0yLmpwZyIsInNsaWRlc2hvdyI6ImI5Y2Q0ZGIifQ%3D%3D\">\n\t\t\t\t\t<div class=\"e-gallery-image elementor-gallery-item__image\" data-thumbnail=\"https:\/\/www.cm-benavente.pt\/wp-content\/uploads\/2024\/11\/obra-ampliacao-cemiterio-benavente-2-1024x682.jpg\" data-width=\"800\" data-height=\"533\" aria-label=\"\" role=\"img\" ><\/div>\n\t\t\t\t\t\t\t\t\t\t\t<div class=\"elementor-gallery-item__overlay\"><\/div>\n\t\t\t\t\t\t\t\t\t\t\t\t\t\t<\/a>\n\t\t\t\t\t\t\t<a class=\"e-gallery-item elementor-gallery-item elementor-animated-content\" href=\"https:\/\/www.cm-benavente.pt\/wp-content\/uploads\/2024\/11\/obra-ampliacao-cemiterio-benavente-3-scaled.jpg\" data-elementor-open-lightbox=\"yes\" data-elementor-lightbox-slideshow=\"b9cd4db\" data-elementor-lightbox-title=\"obra amplia\u00e7\u00e3o cemit\u00e9rio benavente (3)\" data-e-action-hash=\"#elementor-action%3Aaction%3Dlightbox%26settings%3DeyJpZCI6NjI3NzIsInVybCI6Imh0dHBzOlwvXC93d3cuY20tYmVuYXZlbnRlLnB0XC93cC1jb250ZW50XC91cGxvYWRzXC8yMDI0XC8xMVwvb2JyYS1hbXBsaWFjYW8tY2VtaXRlcmlvLWJlbmF2ZW50ZS0zLXNjYWxlZC5qcGciLCJzbGlkZXNob3ciOiJiOWNkNGRiIn0%3D\">\n\t\t\t\t\t<div class=\"e-gallery-image elementor-gallery-item__image\" data-thumbnail=\"https:\/\/www.cm-benavente.pt\/wp-content\/uploads\/2024\/11\/obra-ampliacao-cemiterio-benavente-3-1024x617.jpg\" data-width=\"800\" data-height=\"482\" aria-label=\"\" role=\"img\" ><\/div>\n\t\t\t\t\t\t\t\t\t\t\t<div class=\"elementor-gallery-item__overlay\"><\/div>\n\t\t\t\t\t\t\t\t\t\t\t\t\t\t<\/a>\n\t\t\t\t\t\t\t<a class=\"e-gallery-item elementor-gallery-item elementor-animated-content\" href=\"https:\/\/www.cm-benavente.pt\/wp-content\/uploads\/2024\/11\/obra-ampliacao-cemiterio-benavente-4-scaled.jpg\" data-elementor-open-lightbox=\"yes\" data-elementor-lightbox-slideshow=\"b9cd4db\" data-elementor-lightbox-title=\"obra amplia\u00e7\u00e3o cemit\u00e9rio benavente (4)\" data-e-action-hash=\"#elementor-action%3Aaction%3Dlightbox%26settings%3DeyJpZCI6NjI3NzMsInVybCI6Imh0dHBzOlwvXC93d3cuY20tYmVuYXZlbnRlLnB0XC93cC1jb250ZW50XC91cGxvYWRzXC8yMDI0XC8xMVwvb2JyYS1hbXBsaWFjYW8tY2VtaXRlcmlvLWJlbmF2ZW50ZS00LXNjYWxlZC5qcGciLCJzbGlkZXNob3ciOiJiOWNkNGRiIn0%3D\">\n\t\t\t\t\t<div class=\"e-gallery-image elementor-gallery-item__image\" data-thumbnail=\"https:\/\/www.cm-benavente.pt\/wp-content\/uploads\/2024\/11\/obra-ampliacao-cemiterio-benavente-4-1024x683.jpg\" data-width=\"800\" data-height=\"534\" aria-label=\"\" role=\"img\" ><\/div>\n\t\t\t\t\t\t\t\t\t\t\t<div class=\"elementor-gallery-item__overlay\"><\/div>\n\t\t\t\t\t\t\t\t\t\t\t\t\t\t<\/a>\n\t\t\t\t\t\t\t<a class=\"e-gallery-item elementor-gallery-item elementor-animated-content\" href=\"https:\/\/www.cm-benavente.pt\/wp-content\/uploads\/2024\/11\/obra-ampliacao-cemiterio-benavente-5-scaled.jpg\" data-elementor-open-lightbox=\"yes\" data-elementor-lightbox-slideshow=\"b9cd4db\" data-elementor-lightbox-title=\"obra amplia\u00e7\u00e3o cemit\u00e9rio benavente (5)\" data-e-action-hash=\"#elementor-action%3Aaction%3Dlightbox%26settings%3DeyJpZCI6NjI3NzQsInVybCI6Imh0dHBzOlwvXC93d3cuY20tYmVuYXZlbnRlLnB0XC93cC1jb250ZW50XC91cGxvYWRzXC8yMDI0XC8xMVwvb2JyYS1hbXBsaWFjYW8tY2VtaXRlcmlvLWJlbmF2ZW50ZS01LXNjYWxlZC5qcGciLCJzbGlkZXNob3ciOiJiOWNkNGRiIn0%3D\">\n\t\t\t\t\t<div class=\"e-gallery-image elementor-gallery-item__image\" data-thumbnail=\"https:\/\/www.cm-benavente.pt\/wp-content\/uploads\/2024\/11\/obra-ampliacao-cemiterio-benavente-5-1024x618.jpg\" data-width=\"800\" data-height=\"483\" aria-label=\"\" role=\"img\" ><\/div>\n\t\t\t\t\t\t\t\t\t\t\t<div class=\"elementor-gallery-item__overlay\"><\/div>\n\t\t\t\t\t\t\t\t\t\t\t\t\t\t<\/a>\n\t\t\t\t\t\t\t<a class=\"e-gallery-item elementor-gallery-item elementor-animated-content\" href=\"https:\/\/www.cm-benavente.pt\/wp-content\/uploads\/2024\/11\/obra-ampliacao-cemiterio-benavente-6-scaled.jpg\" data-elementor-open-lightbox=\"yes\" data-elementor-lightbox-slideshow=\"b9cd4db\" data-elementor-lightbox-title=\"obra amplia\u00e7\u00e3o cemit\u00e9rio benavente (6)\" data-e-action-hash=\"#elementor-action%3Aaction%3Dlightbox%26settings%3DeyJpZCI6NjI3NzUsInVybCI6Imh0dHBzOlwvXC93d3cuY20tYmVuYXZlbnRlLnB0XC93cC1jb250ZW50XC91cGxvYWRzXC8yMDI0XC8xMVwvb2JyYS1hbXBsaWFjYW8tY2VtaXRlcmlvLWJlbmF2ZW50ZS02LXNjYWxlZC5qcGciLCJzbGlkZXNob3ciOiJiOWNkNGRiIn0%3D\">\n\t\t\t\t\t<div class=\"e-gallery-image elementor-gallery-item__image\" data-thumbnail=\"https:\/\/www.cm-benavente.pt\/wp-content\/uploads\/2024\/11\/obra-ampliacao-cemiterio-benavente-6-1024x565.jpg\" data-width=\"800\" data-height=\"441\" aria-label=\"\" role=\"img\" ><\/div>\n\t\t\t\t\t\t\t\t\t\t\t<div class=\"elementor-gallery-item__overlay\"><\/div>\n\t\t\t\t\t\t\t\t\t\t\t\t\t\t<\/a>\n\t\t\t\t\t<\/div>\n\t\t\t\t\t<\/div>\n\t\t\t\t<\/div>\n\t\t\t\t\t<\/div>\n\t\t\t\t<\/div>\n\t\t\t\t<\/div>\n\t\t","protected":false},"excerpt":{"rendered":"<p>Tiveram in\u00edcio as obras de amplia\u00e7\u00e3o do cemit\u00e9rio de Benavente, com o objetivo de conseguir o maior n\u00famero poss\u00edvel de covais dentro da \u00e1rea disponibilizada para o efeito, aproximadamente 1500 m2, \u201cparedes-meias\u201d com o cemit\u00e9rio existente.<\/p>\n","protected":false},"author":3,"featured_media":62767,"comment_status":"closed","ping_status":"closed","sticky":false,"template":"","format":"standard","meta":{"_vp_format_video_url":"","_vp_image_focal_point":[],"footnotes":""},"categories":[533],"tags":[1953,16,2450,15],"class_list":["post-62766","post","type-post","status-publish","format-standard","has-post-thumbnail","hentry","category-obras","tag-ampliacao","tag-benavente","tag-cemiterio","tag-obras"],"_links":{"self":[{"href":"https:\/\/www.cm-benavente.pt\/index.php\/wp-json\/wp\/v2\/posts\/62766","targetHints":{"allow":["GET"]}}],"collection":[{"href":"https:\/\/www.cm-benavente.pt\/index.php\/wp-json\/wp\/v2\/posts"}],"about":[{"href":"https:\/\/www.cm-benavente.pt\/index.php\/wp-json\/wp\/v2\/types\/post"}],"author":[{"embeddable":true,"href":"https:\/\/www.cm-benavente.pt\/index.php\/wp-json\/wp\/v2\/users\/3"}],"replies":[{"embeddable":true,"href":"https:\/\/www.cm-benavente.pt\/index.php\/wp-json\/wp\/v2\/comments?post=62766"}],"version-history":[{"count":4,"href":"https:\/\/www.cm-benavente.pt\/index.php\/wp-json\/wp\/v2\/posts\/62766\/revisions"}],"predecessor-version":[{"id":62778,"href":"https:\/\/www.cm-benavente.pt\/index.php\/wp-json\/wp\/v2\/posts\/62766\/revisions\/62778"}],"wp:featuredmedia":[{"embeddable":true,"href":"https:\/\/www.cm-benavente.pt\/index.php\/wp-json\/wp\/v2\/media\/62767"}],"wp:attachment":[{"href":"https:\/\/www.cm-benavente.pt\/index.php\/wp-json\/wp\/v2\/media?parent=62766"}],"wp:term":[{"taxonomy":"category","embeddable":true,"href":"https:\/\/www.cm-benavente.pt\/index.php\/wp-json\/wp\/v2\/categories?post=62766"},{"taxonomy":"post_tag","embeddable":true,"href":"https:\/\/www.cm-benavente.pt\/index.php\/wp-json\/wp\/v2\/tags?post=62766"}],"curies":[{"name":"wp","href":"https:\/\/api.w.org\/{rel}","templated":true}]}}