{"id":62012,"date":"2024-11-18T10:13:01","date_gmt":"2024-11-18T10:13:01","guid":{"rendered":"https:\/\/www.cm-benavente.pt\/?p=62012"},"modified":"2024-11-18T10:15:11","modified_gmt":"2024-11-18T10:15:11","slug":"estao-abertas-candidaturas-as-atividades-de-apoio-a-familia-interrupcoes-letivas-dezembro-e-janeiro","status":"publish","type":"post","link":"https:\/\/www.cm-benavente.pt\/index.php\/2024\/11\/18\/estao-abertas-candidaturas-as-atividades-de-apoio-a-familia-interrupcoes-letivas-dezembro-e-janeiro\/","title":{"rendered":"Est\u00e3o abertas candidaturas \u00e0s atividades de apoio \u00e0 fam\u00edlia \u2013 Interrup\u00e7\u00f5es letivas dezembro e janeiro"},"content":{"rendered":"\t\t<div data-elementor-type=\"wp-post\" data-elementor-id=\"62012\" class=\"elementor elementor-62012\" data-elementor-post-type=\"post\">\n\t\t\t\t<div class=\"elementor-element elementor-element-2569702 e-flex e-con-boxed e-con e-parent\" data-id=\"2569702\" data-element_type=\"container\" data-e-type=\"container\" data-settings=\"{&quot;tmea_shape_divider_top&quot;:&quot;none&quot;,&quot;tmea_shape_divider_bottom&quot;:&quot;none&quot;}\">\n\t\t\t\t\t<div class=\"e-con-inner\">\n\t\t\n\t\t<div class=\"elementor-element elementor-element-8b6f2b7 elementor-widget elementor-widget-text-editor\" data-id=\"8b6f2b7\" data-element_type=\"widget\" data-e-type=\"widget\" data-widget_type=\"text-editor.default\">\n\t\t\t\t<div class=\"elementor-widget-container\">\n\t\t\t\t\t\t\t\t\t<p>As <strong>candidaturas<\/strong> \u00e0s Atividades de Anima\u00e7\u00e3o e Apoio \u00e0 Fam\u00edlia para as interrup\u00e7\u00f5es letivas de <strong>dezembro e janeiro<\/strong> decorrem <strong>a partir de hoje (dia 18 de novembro) e o dia 8 de dezembro.<\/strong> Os encarregados de educa\u00e7\u00e3o que pretendam usufruir deste servi\u00e7o, devem fazer a sua candidatura na <strong>plataforma Siga Edubox<\/strong>, anexando os documentos das respetivas entidades patronais, com a indica\u00e7\u00e3o de que n\u00e3o se encontram a gozar f\u00e9rias no per\u00edodo para o qual se candidatam e com a refer\u00eancia do hor\u00e1rio e local de trabalho, caso necessitem de prolongamento de hor\u00e1rio (antes da 9h e depois das 17,30h)\u201d. <a href=\"https:\/\/siga.edubox.pt\/auth\" target=\"_blank\" rel=\"noopener\">https:\/\/siga.edubox.pt\/auth<\/a><\/p><p>Entretanto divulgamos alguma imagens das crian\u00e7as do pr\u00e9-escolar do munic\u00edpio, cujos pais se encontram a trabalhar, usufru\u00edram das Atividades de Anima\u00e7\u00e3o e Apoio \u00e0 Fam\u00edlia durante a interrup\u00e7\u00e3o letiva de novembro. Tiveram oportunidade de ir ao parque, explorar a natureza e recolher elementos naturais para futuros trabalhos; experimentar barro e com ele construir pe\u00e7as muito bonitas; fazer gin\u00e1stica; pintar; fazer jogos de sombra e, principalmente, brincar muito.<\/p>\t\t\t\t\t\t\t\t<\/div>\n\t\t\t\t<\/div>\n\t\t\t\t<div class=\"elementor-element elementor-element-ac0dbea elementor-widget elementor-widget-gallery\" data-id=\"ac0dbea\" data-element_type=\"widget\" data-e-type=\"widget\" data-settings=\"{&quot;lazyload&quot;:&quot;yes&quot;,&quot;gallery_layout&quot;:&quot;grid&quot;,&quot;columns&quot;:4,&quot;columns_tablet&quot;:2,&quot;columns_mobile&quot;:1,&quot;gap&quot;:{&quot;unit&quot;:&quot;px&quot;,&quot;size&quot;:10,&quot;sizes&quot;:[]},&quot;gap_widescreen&quot;:{&quot;unit&quot;:&quot;px&quot;,&quot;size&quot;:&quot;&quot;,&quot;sizes&quot;:[]},&quot;gap_laptop&quot;:{&quot;unit&quot;:&quot;px&quot;,&quot;size&quot;:10,&quot;sizes&quot;:[]},&quot;gap_tablet_extra&quot;:{&quot;unit&quot;:&quot;px&quot;,&quot;size&quot;:10,&quot;sizes&quot;:[]},&quot;gap_tablet&quot;:{&quot;unit&quot;:&quot;px&quot;,&quot;size&quot;:10,&quot;sizes&quot;:[]},&quot;gap_mobile_extra&quot;:{&quot;unit&quot;:&quot;px&quot;,&quot;size&quot;:10,&quot;sizes&quot;:[]},&quot;gap_mobile&quot;:{&quot;unit&quot;:&quot;px&quot;,&quot;size&quot;:10,&quot;sizes&quot;:[]},&quot;link_to&quot;:&quot;file&quot;,&quot;aspect_ratio&quot;:&quot;3:2&quot;,&quot;overlay_background&quot;:&quot;yes&quot;,&quot;content_hover_animation&quot;:&quot;fade-in&quot;}\" data-widget_type=\"gallery.default\">\n\t\t\t\t<div class=\"elementor-widget-container\">\n\t\t\t\t\t\t\t<div class=\"elementor-gallery__container\">\n\t\t\t\t\t\t\t<a class=\"e-gallery-item elementor-gallery-item elementor-animated-content\" href=\"https:\/\/www.cm-benavente.pt\/wp-content\/uploads\/2024\/11\/abertas-candidaturas-aaafs-natal-ferias-1.jpg\" data-elementor-open-lightbox=\"yes\" data-elementor-lightbox-slideshow=\"ac0dbea\" data-elementor-lightbox-title=\"abertas candidaturas aaafs natal f\u00e9rias (1)\" data-e-action-hash=\"#elementor-action%3Aaction%3Dlightbox%26settings%3DeyJpZCI6NjIwMTUsInVybCI6Imh0dHBzOlwvXC93d3cuY20tYmVuYXZlbnRlLnB0XC93cC1jb250ZW50XC91cGxvYWRzXC8yMDI0XC8xMVwvYWJlcnRhcy1jYW5kaWRhdHVyYXMtYWFhZnMtbmF0YWwtZmVyaWFzLTEuanBnIiwic2xpZGVzaG93IjoiYWMwZGJlYSJ9\">\n\t\t\t\t\t<div class=\"e-gallery-image elementor-gallery-item__image\" data-thumbnail=\"https:\/\/www.cm-benavente.pt\/wp-content\/uploads\/2024\/11\/abertas-candidaturas-aaafs-natal-ferias-1.jpg\" data-width=\"698\" data-height=\"977\" aria-label=\"\" role=\"img\" ><\/div>\n\t\t\t\t\t\t\t\t\t\t\t<div class=\"elementor-gallery-item__overlay\"><\/div>\n\t\t\t\t\t\t\t\t\t\t\t\t\t\t<\/a>\n\t\t\t\t\t\t\t<a class=\"e-gallery-item elementor-gallery-item elementor-animated-content\" href=\"https:\/\/www.cm-benavente.pt\/wp-content\/uploads\/2024\/11\/abertas-candidaturas-aaafs-natal-ferias-2.jpg\" data-elementor-open-lightbox=\"yes\" data-elementor-lightbox-slideshow=\"ac0dbea\" data-elementor-lightbox-title=\"abertas candidaturas aaafs natal f\u00e9rias (2)\" data-e-action-hash=\"#elementor-action%3Aaction%3Dlightbox%26settings%3DeyJpZCI6NjIwMTYsInVybCI6Imh0dHBzOlwvXC93d3cuY20tYmVuYXZlbnRlLnB0XC93cC1jb250ZW50XC91cGxvYWRzXC8yMDI0XC8xMVwvYWJlcnRhcy1jYW5kaWRhdHVyYXMtYWFhZnMtbmF0YWwtZmVyaWFzLTIuanBnIiwic2xpZGVzaG93IjoiYWMwZGJlYSJ9\">\n\t\t\t\t\t<div class=\"e-gallery-image elementor-gallery-item__image\" data-thumbnail=\"https:\/\/www.cm-benavente.pt\/wp-content\/uploads\/2024\/11\/abertas-candidaturas-aaafs-natal-ferias-2-768x1024.jpg\" data-width=\"768\" data-height=\"1024\" aria-label=\"\" role=\"img\" ><\/div>\n\t\t\t\t\t\t\t\t\t\t\t<div class=\"elementor-gallery-item__overlay\"><\/div>\n\t\t\t\t\t\t\t\t\t\t\t\t\t\t<\/a>\n\t\t\t\t\t\t\t<a class=\"e-gallery-item elementor-gallery-item elementor-animated-content\" href=\"https:\/\/www.cm-benavente.pt\/wp-content\/uploads\/2024\/11\/abertas-candidaturas-aaafs-natal-ferias-3.jpg\" data-elementor-open-lightbox=\"yes\" data-elementor-lightbox-slideshow=\"ac0dbea\" data-elementor-lightbox-title=\"abertas candidaturas aaafs natal f\u00e9rias (3)\" data-e-action-hash=\"#elementor-action%3Aaction%3Dlightbox%26settings%3DeyJpZCI6NjIwMTcsInVybCI6Imh0dHBzOlwvXC93d3cuY20tYmVuYXZlbnRlLnB0XC93cC1jb250ZW50XC91cGxvYWRzXC8yMDI0XC8xMVwvYWJlcnRhcy1jYW5kaWRhdHVyYXMtYWFhZnMtbmF0YWwtZmVyaWFzLTMuanBnIiwic2xpZGVzaG93IjoiYWMwZGJlYSJ9\">\n\t\t\t\t\t<div class=\"e-gallery-image elementor-gallery-item__image\" data-thumbnail=\"https:\/\/www.cm-benavente.pt\/wp-content\/uploads\/2024\/11\/abertas-candidaturas-aaafs-natal-ferias-3.jpg\" data-width=\"451\" data-height=\"601\" aria-label=\"\" role=\"img\" ><\/div>\n\t\t\t\t\t\t\t\t\t\t\t<div class=\"elementor-gallery-item__overlay\"><\/div>\n\t\t\t\t\t\t\t\t\t\t\t\t\t\t<\/a>\n\t\t\t\t\t\t\t<a class=\"e-gallery-item elementor-gallery-item elementor-animated-content\" href=\"https:\/\/www.cm-benavente.pt\/wp-content\/uploads\/2024\/11\/abertas-candidaturas-aaafs-natal-ferias-4.jpg\" data-elementor-open-lightbox=\"yes\" data-elementor-lightbox-slideshow=\"ac0dbea\" data-elementor-lightbox-title=\"abertas candidaturas aaafs natal f\u00e9rias (4)\" data-e-action-hash=\"#elementor-action%3Aaction%3Dlightbox%26settings%3DeyJpZCI6NjIwMTgsInVybCI6Imh0dHBzOlwvXC93d3cuY20tYmVuYXZlbnRlLnB0XC93cC1jb250ZW50XC91cGxvYWRzXC8yMDI0XC8xMVwvYWJlcnRhcy1jYW5kaWRhdHVyYXMtYWFhZnMtbmF0YWwtZmVyaWFzLTQuanBnIiwic2xpZGVzaG93IjoiYWMwZGJlYSJ9\">\n\t\t\t\t\t<div class=\"e-gallery-image elementor-gallery-item__image\" data-thumbnail=\"https:\/\/www.cm-benavente.pt\/wp-content\/uploads\/2024\/11\/abertas-candidaturas-aaafs-natal-ferias-4-794x1024.jpg\" data-width=\"794\" data-height=\"1024\" aria-label=\"\" role=\"img\" ><\/div>\n\t\t\t\t\t\t\t\t\t\t\t<div class=\"elementor-gallery-item__overlay\"><\/div>\n\t\t\t\t\t\t\t\t\t\t\t\t\t\t<\/a>\n\t\t\t\t\t\t\t<a class=\"e-gallery-item elementor-gallery-item elementor-animated-content\" href=\"https:\/\/www.cm-benavente.pt\/wp-content\/uploads\/2024\/11\/abertas-candidaturas-aaafs-natal-ferias-7.jpg\" data-elementor-open-lightbox=\"yes\" data-elementor-lightbox-slideshow=\"ac0dbea\" data-elementor-lightbox-title=\"abertas candidaturas aaafs natal f\u00e9rias (7)\" data-e-action-hash=\"#elementor-action%3Aaction%3Dlightbox%26settings%3DeyJpZCI6NjIwMTksInVybCI6Imh0dHBzOlwvXC93d3cuY20tYmVuYXZlbnRlLnB0XC93cC1jb250ZW50XC91cGxvYWRzXC8yMDI0XC8xMVwvYWJlcnRhcy1jYW5kaWRhdHVyYXMtYWFhZnMtbmF0YWwtZmVyaWFzLTcuanBnIiwic2xpZGVzaG93IjoiYWMwZGJlYSJ9\">\n\t\t\t\t\t<div class=\"e-gallery-image elementor-gallery-item__image\" data-thumbnail=\"https:\/\/www.cm-benavente.pt\/wp-content\/uploads\/2024\/11\/abertas-candidaturas-aaafs-natal-ferias-7-768x1024.jpg\" data-width=\"768\" data-height=\"1024\" aria-label=\"\" role=\"img\" ><\/div>\n\t\t\t\t\t\t\t\t\t\t\t<div class=\"elementor-gallery-item__overlay\"><\/div>\n\t\t\t\t\t\t\t\t\t\t\t\t\t\t<\/a>\n\t\t\t\t\t\t\t<a class=\"e-gallery-item elementor-gallery-item elementor-animated-content\" href=\"https:\/\/www.cm-benavente.pt\/wp-content\/uploads\/2024\/11\/abertas-candidaturas-aaafs-natal-ferias-8.jpg\" data-elementor-open-lightbox=\"yes\" data-elementor-lightbox-slideshow=\"ac0dbea\" data-elementor-lightbox-title=\"abertas candidaturas aaafs natal f\u00e9rias (8)\" data-e-action-hash=\"#elementor-action%3Aaction%3Dlightbox%26settings%3DeyJpZCI6NjIwMjAsInVybCI6Imh0dHBzOlwvXC93d3cuY20tYmVuYXZlbnRlLnB0XC93cC1jb250ZW50XC91cGxvYWRzXC8yMDI0XC8xMVwvYWJlcnRhcy1jYW5kaWRhdHVyYXMtYWFhZnMtbmF0YWwtZmVyaWFzLTguanBnIiwic2xpZGVzaG93IjoiYWMwZGJlYSJ9\">\n\t\t\t\t\t<div class=\"e-gallery-image elementor-gallery-item__image\" data-thumbnail=\"https:\/\/www.cm-benavente.pt\/wp-content\/uploads\/2024\/11\/abertas-candidaturas-aaafs-natal-ferias-8-687x1024.jpg\" data-width=\"687\" data-height=\"1024\" aria-label=\"\" role=\"img\" ><\/div>\n\t\t\t\t\t\t\t\t\t\t\t<div class=\"elementor-gallery-item__overlay\"><\/div>\n\t\t\t\t\t\t\t\t\t\t\t\t\t\t<\/a>\n\t\t\t\t\t\t\t<a class=\"e-gallery-item elementor-gallery-item elementor-animated-content\" href=\"https:\/\/www.cm-benavente.pt\/wp-content\/uploads\/2024\/11\/abertas-candidaturas-aaafs-natal-ferias-5.jpg\" data-elementor-open-lightbox=\"yes\" data-elementor-lightbox-slideshow=\"ac0dbea\" data-elementor-lightbox-title=\"abertas candidaturas aaafs natal f\u00e9rias (5)\" data-e-action-hash=\"#elementor-action%3Aaction%3Dlightbox%26settings%3DeyJpZCI6NjIwMjEsInVybCI6Imh0dHBzOlwvXC93d3cuY20tYmVuYXZlbnRlLnB0XC93cC1jb250ZW50XC91cGxvYWRzXC8yMDI0XC8xMVwvYWJlcnRhcy1jYW5kaWRhdHVyYXMtYWFhZnMtbmF0YWwtZmVyaWFzLTUuanBnIiwic2xpZGVzaG93IjoiYWMwZGJlYSJ9\">\n\t\t\t\t\t<div class=\"e-gallery-image elementor-gallery-item__image\" data-thumbnail=\"https:\/\/www.cm-benavente.pt\/wp-content\/uploads\/2024\/11\/abertas-candidaturas-aaafs-natal-ferias-5-768x1024.jpg\" data-width=\"768\" data-height=\"1024\" aria-label=\"\" role=\"img\" ><\/div>\n\t\t\t\t\t\t\t\t\t\t\t<div class=\"elementor-gallery-item__overlay\"><\/div>\n\t\t\t\t\t\t\t\t\t\t\t\t\t\t<\/a>\n\t\t\t\t\t\t\t<a class=\"e-gallery-item elementor-gallery-item elementor-animated-content\" href=\"https:\/\/www.cm-benavente.pt\/wp-content\/uploads\/2024\/11\/abertas-candidaturas-aaafs-natal-ferias-6.jpg\" data-elementor-open-lightbox=\"yes\" data-elementor-lightbox-slideshow=\"ac0dbea\" data-elementor-lightbox-title=\"abertas candidaturas aaafs natal f\u00e9rias (6)\" data-e-action-hash=\"#elementor-action%3Aaction%3Dlightbox%26settings%3DeyJpZCI6NjIwMjIsInVybCI6Imh0dHBzOlwvXC93d3cuY20tYmVuYXZlbnRlLnB0XC93cC1jb250ZW50XC91cGxvYWRzXC8yMDI0XC8xMVwvYWJlcnRhcy1jYW5kaWRhdHVyYXMtYWFhZnMtbmF0YWwtZmVyaWFzLTYuanBnIiwic2xpZGVzaG93IjoiYWMwZGJlYSJ9\">\n\t\t\t\t\t<div class=\"e-gallery-image elementor-gallery-item__image\" data-thumbnail=\"https:\/\/www.cm-benavente.pt\/wp-content\/uploads\/2024\/11\/abertas-candidaturas-aaafs-natal-ferias-6-768x1024.jpg\" data-width=\"768\" data-height=\"1024\" aria-label=\"\" role=\"img\" ><\/div>\n\t\t\t\t\t\t\t\t\t\t\t<div class=\"elementor-gallery-item__overlay\"><\/div>\n\t\t\t\t\t\t\t\t\t\t\t\t\t\t<\/a>\n\t\t\t\t\t<\/div>\n\t\t\t\t\t<\/div>\n\t\t\t\t<\/div>\n\t\t\t\t\t<\/div>\n\t\t\t\t<\/div>\n\t\t\t\t<\/div>\n\t\t","protected":false},"excerpt":{"rendered":"<p>As candidaturas \u00e0s Atividades de Anima\u00e7\u00e3o e Apoio \u00e0 Fam\u00edlia para as interrup\u00e7\u00f5es letivas de dezembro e janeiro decorrem a partir de hoje (dia 18 de novembro) e o dia 8 de dezembro. Os encarregados de educa\u00e7\u00e3o que pretendam usufruir deste servi\u00e7o, devem fazer a sua candidatura na plataforma Siga Edubox, anexando os documentos das respetivas entidades patronais, com a indica\u00e7\u00e3o de que n\u00e3o se encontram a gozar f\u00e9rias no per\u00edodo para o qual se candidatam e com a refer\u00eancia do hor\u00e1rio e local de trabalho, caso necessitem de prolongamento de hor\u00e1rio (antes da 9h e depois das 17,30h)\u201d. <\/p>\n","protected":false},"author":3,"featured_media":62013,"comment_status":"closed","ping_status":"closed","sticky":false,"template":"","format":"standard","meta":{"_vp_format_video_url":"","_vp_image_focal_point":[],"footnotes":""},"categories":[486,554],"tags":[2418,870,281,164,185,16,402,2419,7,225,660,479,350,27,13],"class_list":["post-62012","post","type-post","status-publish","format-standard","has-post-thumbnail","hentry","category-apoios","category-educacao","tag-aaafs","tag-animacao","tag-apoio","tag-atividades","tag-barrosa","tag-benavente","tag-criancas","tag-dezembro","tag-escola","tag-familia","tag-ferias","tag-municipio-de-benavente","tag-natal","tag-samora-correia","tag-santo-estevao"],"_links":{"self":[{"href":"https:\/\/www.cm-benavente.pt\/index.php\/wp-json\/wp\/v2\/posts\/62012","targetHints":{"allow":["GET"]}}],"collection":[{"href":"https:\/\/www.cm-benavente.pt\/index.php\/wp-json\/wp\/v2\/posts"}],"about":[{"href":"https:\/\/www.cm-benavente.pt\/index.php\/wp-json\/wp\/v2\/types\/post"}],"author":[{"embeddable":true,"href":"https:\/\/www.cm-benavente.pt\/index.php\/wp-json\/wp\/v2\/users\/3"}],"replies":[{"embeddable":true,"href":"https:\/\/www.cm-benavente.pt\/index.php\/wp-json\/wp\/v2\/comments?post=62012"}],"version-history":[{"count":4,"href":"https:\/\/www.cm-benavente.pt\/index.php\/wp-json\/wp\/v2\/posts\/62012\/revisions"}],"predecessor-version":[{"id":62025,"href":"https:\/\/www.cm-benavente.pt\/index.php\/wp-json\/wp\/v2\/posts\/62012\/revisions\/62025"}],"wp:featuredmedia":[{"embeddable":true,"href":"https:\/\/www.cm-benavente.pt\/index.php\/wp-json\/wp\/v2\/media\/62013"}],"wp:attachment":[{"href":"https:\/\/www.cm-benavente.pt\/index.php\/wp-json\/wp\/v2\/media?parent=62012"}],"wp:term":[{"taxonomy":"category","embeddable":true,"href":"https:\/\/www.cm-benavente.pt\/index.php\/wp-json\/wp\/v2\/categories?post=62012"},{"taxonomy":"post_tag","embeddable":true,"href":"https:\/\/www.cm-benavente.pt\/index.php\/wp-json\/wp\/v2\/tags?post=62012"}],"curies":[{"name":"wp","href":"https:\/\/api.w.org\/{rel}","templated":true}]}}