{"id":61978,"date":"2024-11-18T09:55:13","date_gmt":"2024-11-18T09:55:13","guid":{"rendered":"https:\/\/www.cm-benavente.pt\/?p=61978"},"modified":"2024-11-18T09:58:42","modified_gmt":"2024-11-18T09:58:42","slug":"inaugurada-a-exposicao-os-que-ficam-j-massano-em-benavente","status":"publish","type":"post","link":"https:\/\/www.cm-benavente.pt\/index.php\/2024\/11\/18\/inaugurada-a-exposicao-os-que-ficam-j-massano-em-benavente\/","title":{"rendered":"Inaugurada a exposi\u00e7\u00e3o &#8220;Os Que Ficam&#8221; &#8211; J. Massano, em Benavente"},"content":{"rendered":"\t\t<div data-elementor-type=\"wp-post\" data-elementor-id=\"61978\" class=\"elementor elementor-61978\" data-elementor-post-type=\"post\">\n\t\t\t\t\n<div class=\"elementor-element elementor-element-367e726 e-flex e-con-boxed e-con e-parent\" data-id=\"367e726\" data-element_type=\"container\" data-e-type=\"container\" data-settings=\"{&quot;tmea_shape_divider_top&quot;:&quot;none&quot;,&quot;tmea_shape_divider_bottom&quot;:&quot;none&quot;}\">\n\t\t\t\t\t<div class=\"e-con-inner\">\n\t\t\t\t<div class=\"elementor-element elementor-element-06c926c elementor-widget elementor-widget-text-editor\" data-id=\"06c926c\" data-element_type=\"widget\" data-e-type=\"widget\" data-widget_type=\"text-editor.default\">\n\t\t\t\t<div class=\"elementor-widget-container\">\n\t\t\t\t\t\t\t\t\t<p>H\u00e1 uma nova exposi\u00e7\u00e3o para visitar na <strong>Galeria do N\u00facleo Museol\u00f3gico Agr\u00edcola<\/strong>, em Benavente. A <strong>exposi\u00e7\u00e3o &#8220;Os que Ficam&#8221;<\/strong>, do artista <strong>Jo\u00e3o Massano<\/strong>, foi inaugurada na passada sexta-feira.<\/p><p>Neste projeto, o artista Jo\u00e3o Massano desenvolveu uma s\u00e9rie de pinturas em Benavente, procurando reconectar-se com o lugar e a comunidade onde cresceu, revisitando antigas composi\u00e7\u00f5es, imagin\u00e1rios e est\u00e9ticas.<\/p><p>Visite! <strong>Entrada livre!<\/strong><\/p>\t\t\t\t\t\t\t\t<\/div>\n\t\t\t\t<\/div>\n\t\t\t\t<div class=\"elementor-element elementor-element-69c54fd elementor-widget elementor-widget-gallery\" data-id=\"69c54fd\" data-element_type=\"widget\" data-e-type=\"widget\" data-settings=\"{&quot;columns&quot;:7,&quot;lazyload&quot;:&quot;yes&quot;,&quot;gallery_layout&quot;:&quot;grid&quot;,&quot;columns_tablet&quot;:2,&quot;columns_mobile&quot;:1,&quot;gap&quot;:{&quot;unit&quot;:&quot;px&quot;,&quot;size&quot;:10,&quot;sizes&quot;:[]},&quot;gap_widescreen&quot;:{&quot;unit&quot;:&quot;px&quot;,&quot;size&quot;:&quot;&quot;,&quot;sizes&quot;:[]},&quot;gap_laptop&quot;:{&quot;unit&quot;:&quot;px&quot;,&quot;size&quot;:10,&quot;sizes&quot;:[]},&quot;gap_tablet_extra&quot;:{&quot;unit&quot;:&quot;px&quot;,&quot;size&quot;:10,&quot;sizes&quot;:[]},&quot;gap_tablet&quot;:{&quot;unit&quot;:&quot;px&quot;,&quot;size&quot;:10,&quot;sizes&quot;:[]},&quot;gap_mobile_extra&quot;:{&quot;unit&quot;:&quot;px&quot;,&quot;size&quot;:10,&quot;sizes&quot;:[]},&quot;gap_mobile&quot;:{&quot;unit&quot;:&quot;px&quot;,&quot;size&quot;:10,&quot;sizes&quot;:[]},&quot;link_to&quot;:&quot;file&quot;,&quot;aspect_ratio&quot;:&quot;3:2&quot;,&quot;overlay_background&quot;:&quot;yes&quot;,&quot;content_hover_animation&quot;:&quot;fade-in&quot;}\" data-widget_type=\"gallery.default\">\n\t\t\t\t<div class=\"elementor-widget-container\">\n\t\t\t\t\t\t\t<div class=\"elementor-gallery__container\">\n\t\t\t\t\t\t\t<a class=\"e-gallery-item elementor-gallery-item elementor-animated-content\" href=\"https:\/\/www.cm-benavente.pt\/wp-content\/uploads\/2024\/11\/exposicao-os-que-ficam-joao-massano-3-scaled.jpg\" data-elementor-open-lightbox=\"yes\" data-elementor-lightbox-slideshow=\"69c54fd\" data-elementor-lightbox-title=\"exposi\u00e7\u00e3o os que ficam jo\u00e3o massano (3)\" data-e-action-hash=\"#elementor-action%3Aaction%3Dlightbox%26settings%3DeyJpZCI6NjE5ODEsInVybCI6Imh0dHBzOlwvXC93d3cuY20tYmVuYXZlbnRlLnB0XC93cC1jb250ZW50XC91cGxvYWRzXC8yMDI0XC8xMVwvZXhwb3NpY2FvLW9zLXF1ZS1maWNhbS1qb2FvLW1hc3Nhbm8tMy1zY2FsZWQuanBnIiwic2xpZGVzaG93IjoiNjljNTRmZCJ9\">\n\t\t\t\t\t<div class=\"e-gallery-image elementor-gallery-item__image\" data-thumbnail=\"https:\/\/www.cm-benavente.pt\/wp-content\/uploads\/2024\/11\/exposicao-os-que-ficam-joao-massano-3-1024x486.jpg\" data-width=\"800\" data-height=\"380\" aria-label=\"\" role=\"img\" ><\/div>\n\t\t\t\t\t\t\t\t\t\t\t<div class=\"elementor-gallery-item__overlay\"><\/div>\n\t\t\t\t\t\t\t\t\t\t\t\t\t\t<\/a>\n\t\t\t\t\t\t\t<a class=\"e-gallery-item elementor-gallery-item elementor-animated-content\" href=\"https:\/\/www.cm-benavente.pt\/wp-content\/uploads\/2024\/11\/exposicao-os-que-ficam-joao-massano-4-scaled.jpg\" data-elementor-open-lightbox=\"yes\" data-elementor-lightbox-slideshow=\"69c54fd\" data-elementor-lightbox-title=\"exposi\u00e7\u00e3o os que ficam jo\u00e3o massano (4)\" data-e-action-hash=\"#elementor-action%3Aaction%3Dlightbox%26settings%3DeyJpZCI6NjE5ODIsInVybCI6Imh0dHBzOlwvXC93d3cuY20tYmVuYXZlbnRlLnB0XC93cC1jb250ZW50XC91cGxvYWRzXC8yMDI0XC8xMVwvZXhwb3NpY2FvLW9zLXF1ZS1maWNhbS1qb2FvLW1hc3Nhbm8tNC1zY2FsZWQuanBnIiwic2xpZGVzaG93IjoiNjljNTRmZCJ9\">\n\t\t\t\t\t<div class=\"e-gallery-image elementor-gallery-item__image\" data-thumbnail=\"https:\/\/www.cm-benavente.pt\/wp-content\/uploads\/2024\/11\/exposicao-os-que-ficam-joao-massano-4-1024x540.jpg\" data-width=\"800\" data-height=\"422\" aria-label=\"\" role=\"img\" ><\/div>\n\t\t\t\t\t\t\t\t\t\t\t<div class=\"elementor-gallery-item__overlay\"><\/div>\n\t\t\t\t\t\t\t\t\t\t\t\t\t\t<\/a>\n\t\t\t\t\t\t\t<a class=\"e-gallery-item elementor-gallery-item elementor-animated-content\" href=\"https:\/\/www.cm-benavente.pt\/wp-content\/uploads\/2024\/11\/exposicao-os-que-ficam-joao-massano-5-scaled.jpg\" data-elementor-open-lightbox=\"yes\" data-elementor-lightbox-slideshow=\"69c54fd\" data-elementor-lightbox-title=\"exposi\u00e7\u00e3o os que ficam jo\u00e3o massano (5)\" data-e-action-hash=\"#elementor-action%3Aaction%3Dlightbox%26settings%3DeyJpZCI6NjE5ODMsInVybCI6Imh0dHBzOlwvXC93d3cuY20tYmVuYXZlbnRlLnB0XC93cC1jb250ZW50XC91cGxvYWRzXC8yMDI0XC8xMVwvZXhwb3NpY2FvLW9zLXF1ZS1maWNhbS1qb2FvLW1hc3Nhbm8tNS1zY2FsZWQuanBnIiwic2xpZGVzaG93IjoiNjljNTRmZCJ9\">\n\t\t\t\t\t<div class=\"e-gallery-image elementor-gallery-item__image\" data-thumbnail=\"https:\/\/www.cm-benavente.pt\/wp-content\/uploads\/2024\/11\/exposicao-os-que-ficam-joao-massano-5-1024x629.jpg\" data-width=\"800\" data-height=\"491\" aria-label=\"\" role=\"img\" ><\/div>\n\t\t\t\t\t\t\t\t\t\t\t<div class=\"elementor-gallery-item__overlay\"><\/div>\n\t\t\t\t\t\t\t\t\t\t\t\t\t\t<\/a>\n\t\t\t\t\t\t\t<a class=\"e-gallery-item elementor-gallery-item elementor-animated-content\" href=\"https:\/\/www.cm-benavente.pt\/wp-content\/uploads\/2024\/11\/exposicao-os-que-ficam-joao-massano-6-scaled.jpg\" data-elementor-open-lightbox=\"yes\" data-elementor-lightbox-slideshow=\"69c54fd\" data-elementor-lightbox-title=\"exposi\u00e7\u00e3o os que ficam jo\u00e3o massano (6)\" data-e-action-hash=\"#elementor-action%3Aaction%3Dlightbox%26settings%3DeyJpZCI6NjE5ODQsInVybCI6Imh0dHBzOlwvXC93d3cuY20tYmVuYXZlbnRlLnB0XC93cC1jb250ZW50XC91cGxvYWRzXC8yMDI0XC8xMVwvZXhwb3NpY2FvLW9zLXF1ZS1maWNhbS1qb2FvLW1hc3Nhbm8tNi1zY2FsZWQuanBnIiwic2xpZGVzaG93IjoiNjljNTRmZCJ9\">\n\t\t\t\t\t<div class=\"e-gallery-image elementor-gallery-item__image\" data-thumbnail=\"https:\/\/www.cm-benavente.pt\/wp-content\/uploads\/2024\/11\/exposicao-os-que-ficam-joao-massano-6-1024x587.jpg\" data-width=\"800\" data-height=\"459\" aria-label=\"\" role=\"img\" ><\/div>\n\t\t\t\t\t\t\t\t\t\t\t<div class=\"elementor-gallery-item__overlay\"><\/div>\n\t\t\t\t\t\t\t\t\t\t\t\t\t\t<\/a>\n\t\t\t\t\t\t\t<a class=\"e-gallery-item elementor-gallery-item elementor-animated-content\" href=\"https:\/\/www.cm-benavente.pt\/wp-content\/uploads\/2024\/11\/exposicao-os-que-ficam-joao-massano-7-scaled.jpg\" data-elementor-open-lightbox=\"yes\" data-elementor-lightbox-slideshow=\"69c54fd\" data-elementor-lightbox-title=\"exposi\u00e7\u00e3o os que ficam jo\u00e3o massano (7)\" data-e-action-hash=\"#elementor-action%3Aaction%3Dlightbox%26settings%3DeyJpZCI6NjE5ODUsInVybCI6Imh0dHBzOlwvXC93d3cuY20tYmVuYXZlbnRlLnB0XC93cC1jb250ZW50XC91cGxvYWRzXC8yMDI0XC8xMVwvZXhwb3NpY2FvLW9zLXF1ZS1maWNhbS1qb2FvLW1hc3Nhbm8tNy1zY2FsZWQuanBnIiwic2xpZGVzaG93IjoiNjljNTRmZCJ9\">\n\t\t\t\t\t<div class=\"e-gallery-image elementor-gallery-item__image\" data-thumbnail=\"https:\/\/www.cm-benavente.pt\/wp-content\/uploads\/2024\/11\/exposicao-os-que-ficam-joao-massano-7-1024x551.jpg\" data-width=\"800\" data-height=\"430\" aria-label=\"\" role=\"img\" ><\/div>\n\t\t\t\t\t\t\t\t\t\t\t<div class=\"elementor-gallery-item__overlay\"><\/div>\n\t\t\t\t\t\t\t\t\t\t\t\t\t\t<\/a>\n\t\t\t\t\t\t\t<a class=\"e-gallery-item elementor-gallery-item elementor-animated-content\" href=\"https:\/\/www.cm-benavente.pt\/wp-content\/uploads\/2024\/11\/exposicao-os-que-ficam-joao-massano-8-scaled.jpg\" data-elementor-open-lightbox=\"yes\" data-elementor-lightbox-slideshow=\"69c54fd\" data-elementor-lightbox-title=\"exposi\u00e7\u00e3o os que ficam jo\u00e3o massano (8)\" data-e-action-hash=\"#elementor-action%3Aaction%3Dlightbox%26settings%3DeyJpZCI6NjE5ODYsInVybCI6Imh0dHBzOlwvXC93d3cuY20tYmVuYXZlbnRlLnB0XC93cC1jb250ZW50XC91cGxvYWRzXC8yMDI0XC8xMVwvZXhwb3NpY2FvLW9zLXF1ZS1maWNhbS1qb2FvLW1hc3Nhbm8tOC1zY2FsZWQuanBnIiwic2xpZGVzaG93IjoiNjljNTRmZCJ9\">\n\t\t\t\t\t<div class=\"e-gallery-image elementor-gallery-item__image\" data-thumbnail=\"https:\/\/www.cm-benavente.pt\/wp-content\/uploads\/2024\/11\/exposicao-os-que-ficam-joao-massano-8-1024x465.jpg\" data-width=\"800\" data-height=\"363\" aria-label=\"\" role=\"img\" ><\/div>\n\t\t\t\t\t\t\t\t\t\t\t<div class=\"elementor-gallery-item__overlay\"><\/div>\n\t\t\t\t\t\t\t\t\t\t\t\t\t\t<\/a>\n\t\t\t\t\t\t\t<a class=\"e-gallery-item elementor-gallery-item elementor-animated-content\" href=\"https:\/\/www.cm-benavente.pt\/wp-content\/uploads\/2024\/11\/exposicao-os-que-ficam-joao-massano-9-scaled.jpg\" data-elementor-open-lightbox=\"yes\" data-elementor-lightbox-slideshow=\"69c54fd\" data-elementor-lightbox-title=\"exposi\u00e7\u00e3o os que ficam jo\u00e3o massano (9)\" data-e-action-hash=\"#elementor-action%3Aaction%3Dlightbox%26settings%3DeyJpZCI6NjE5ODcsInVybCI6Imh0dHBzOlwvXC93d3cuY20tYmVuYXZlbnRlLnB0XC93cC1jb250ZW50XC91cGxvYWRzXC8yMDI0XC8xMVwvZXhwb3NpY2FvLW9zLXF1ZS1maWNhbS1qb2FvLW1hc3Nhbm8tOS1zY2FsZWQuanBnIiwic2xpZGVzaG93IjoiNjljNTRmZCJ9\">\n\t\t\t\t\t<div class=\"e-gallery-image elementor-gallery-item__image\" data-thumbnail=\"https:\/\/www.cm-benavente.pt\/wp-content\/uploads\/2024\/11\/exposicao-os-que-ficam-joao-massano-9-1024x508.jpg\" data-width=\"800\" data-height=\"397\" aria-label=\"\" role=\"img\" ><\/div>\n\t\t\t\t\t\t\t\t\t\t\t<div class=\"elementor-gallery-item__overlay\"><\/div>\n\t\t\t\t\t\t\t\t\t\t\t\t\t\t<\/a>\n\t\t\t\t\t\t\t<a class=\"e-gallery-item elementor-gallery-item elementor-animated-content\" href=\"https:\/\/www.cm-benavente.pt\/wp-content\/uploads\/2024\/11\/exposicao-os-que-ficam-joao-massano-10-scaled.jpg\" data-elementor-open-lightbox=\"yes\" data-elementor-lightbox-slideshow=\"69c54fd\" data-elementor-lightbox-title=\"exposi\u00e7\u00e3o os que ficam jo\u00e3o massano (10)\" data-e-action-hash=\"#elementor-action%3Aaction%3Dlightbox%26settings%3DeyJpZCI6NjE5ODgsInVybCI6Imh0dHBzOlwvXC93d3cuY20tYmVuYXZlbnRlLnB0XC93cC1jb250ZW50XC91cGxvYWRzXC8yMDI0XC8xMVwvZXhwb3NpY2FvLW9zLXF1ZS1maWNhbS1qb2FvLW1hc3Nhbm8tMTAtc2NhbGVkLmpwZyIsInNsaWRlc2hvdyI6IjY5YzU0ZmQifQ%3D%3D\">\n\t\t\t\t\t<div class=\"e-gallery-image elementor-gallery-item__image\" data-thumbnail=\"https:\/\/www.cm-benavente.pt\/wp-content\/uploads\/2024\/11\/exposicao-os-que-ficam-joao-massano-10-1024x501.jpg\" data-width=\"800\" data-height=\"391\" aria-label=\"\" role=\"img\" ><\/div>\n\t\t\t\t\t\t\t\t\t\t\t<div class=\"elementor-gallery-item__overlay\"><\/div>\n\t\t\t\t\t\t\t\t\t\t\t\t\t\t<\/a>\n\t\t\t\t\t\t\t<a class=\"e-gallery-item elementor-gallery-item elementor-animated-content\" href=\"https:\/\/www.cm-benavente.pt\/wp-content\/uploads\/2024\/11\/exposicao-os-que-ficam-joao-massano-11-scaled.jpg\" data-elementor-open-lightbox=\"yes\" data-elementor-lightbox-slideshow=\"69c54fd\" data-elementor-lightbox-title=\"exposi\u00e7\u00e3o os que ficam jo\u00e3o massano (11)\" data-e-action-hash=\"#elementor-action%3Aaction%3Dlightbox%26settings%3DeyJpZCI6NjE5ODksInVybCI6Imh0dHBzOlwvXC93d3cuY20tYmVuYXZlbnRlLnB0XC93cC1jb250ZW50XC91cGxvYWRzXC8yMDI0XC8xMVwvZXhwb3NpY2FvLW9zLXF1ZS1maWNhbS1qb2FvLW1hc3Nhbm8tMTEtc2NhbGVkLmpwZyIsInNsaWRlc2hvdyI6IjY5YzU0ZmQifQ%3D%3D\">\n\t\t\t\t\t<div class=\"e-gallery-image elementor-gallery-item__image\" data-thumbnail=\"https:\/\/www.cm-benavente.pt\/wp-content\/uploads\/2024\/11\/exposicao-os-que-ficam-joao-massano-11-1024x773.jpg\" data-width=\"800\" data-height=\"604\" aria-label=\"\" role=\"img\" ><\/div>\n\t\t\t\t\t\t\t\t\t\t\t<div class=\"elementor-gallery-item__overlay\"><\/div>\n\t\t\t\t\t\t\t\t\t\t\t\t\t\t<\/a>\n\t\t\t\t\t\t\t<a class=\"e-gallery-item elementor-gallery-item elementor-animated-content\" href=\"https:\/\/www.cm-benavente.pt\/wp-content\/uploads\/2024\/11\/exposicao-os-que-ficam-joao-massano-12-scaled.jpg\" data-elementor-open-lightbox=\"yes\" data-elementor-lightbox-slideshow=\"69c54fd\" data-elementor-lightbox-title=\"exposi\u00e7\u00e3o os que ficam jo\u00e3o massano (12)\" data-e-action-hash=\"#elementor-action%3Aaction%3Dlightbox%26settings%3DeyJpZCI6NjE5OTAsInVybCI6Imh0dHBzOlwvXC93d3cuY20tYmVuYXZlbnRlLnB0XC93cC1jb250ZW50XC91cGxvYWRzXC8yMDI0XC8xMVwvZXhwb3NpY2FvLW9zLXF1ZS1maWNhbS1qb2FvLW1hc3Nhbm8tMTItc2NhbGVkLmpwZyIsInNsaWRlc2hvdyI6IjY5YzU0ZmQifQ%3D%3D\">\n\t\t\t\t\t<div class=\"e-gallery-image elementor-gallery-item__image\" data-thumbnail=\"https:\/\/www.cm-benavente.pt\/wp-content\/uploads\/2024\/11\/exposicao-os-que-ficam-joao-massano-12-1024x604.jpg\" data-width=\"800\" data-height=\"472\" aria-label=\"\" role=\"img\" ><\/div>\n\t\t\t\t\t\t\t\t\t\t\t<div class=\"elementor-gallery-item__overlay\"><\/div>\n\t\t\t\t\t\t\t\t\t\t\t\t\t\t<\/a>\n\t\t\t\t\t\t\t<a class=\"e-gallery-item elementor-gallery-item elementor-animated-content\" href=\"https:\/\/www.cm-benavente.pt\/wp-content\/uploads\/2024\/11\/exposicao-os-que-ficam-joao-massano-13-scaled.jpg\" data-elementor-open-lightbox=\"yes\" data-elementor-lightbox-slideshow=\"69c54fd\" data-elementor-lightbox-title=\"exposi\u00e7\u00e3o os que ficam jo\u00e3o massano (13)\" data-e-action-hash=\"#elementor-action%3Aaction%3Dlightbox%26settings%3DeyJpZCI6NjE5OTEsInVybCI6Imh0dHBzOlwvXC93d3cuY20tYmVuYXZlbnRlLnB0XC93cC1jb250ZW50XC91cGxvYWRzXC8yMDI0XC8xMVwvZXhwb3NpY2FvLW9zLXF1ZS1maWNhbS1qb2FvLW1hc3Nhbm8tMTMtc2NhbGVkLmpwZyIsInNsaWRlc2hvdyI6IjY5YzU0ZmQifQ%3D%3D\">\n\t\t\t\t\t<div class=\"e-gallery-image elementor-gallery-item__image\" data-thumbnail=\"https:\/\/www.cm-benavente.pt\/wp-content\/uploads\/2024\/11\/exposicao-os-que-ficam-joao-massano-13-1024x943.jpg\" data-width=\"800\" data-height=\"737\" aria-label=\"\" role=\"img\" ><\/div>\n\t\t\t\t\t\t\t\t\t\t\t<div class=\"elementor-gallery-item__overlay\"><\/div>\n\t\t\t\t\t\t\t\t\t\t\t\t\t\t<\/a>\n\t\t\t\t\t\t\t<a class=\"e-gallery-item elementor-gallery-item elementor-animated-content\" href=\"https:\/\/www.cm-benavente.pt\/wp-content\/uploads\/2024\/11\/exposicao-os-que-ficam-joao-massano-14-scaled.jpg\" data-elementor-open-lightbox=\"yes\" data-elementor-lightbox-slideshow=\"69c54fd\" data-elementor-lightbox-title=\"exposi\u00e7\u00e3o os que ficam jo\u00e3o massano (14)\" data-e-action-hash=\"#elementor-action%3Aaction%3Dlightbox%26settings%3DeyJpZCI6NjE5OTIsInVybCI6Imh0dHBzOlwvXC93d3cuY20tYmVuYXZlbnRlLnB0XC93cC1jb250ZW50XC91cGxvYWRzXC8yMDI0XC8xMVwvZXhwb3NpY2FvLW9zLXF1ZS1maWNhbS1qb2FvLW1hc3Nhbm8tMTQtc2NhbGVkLmpwZyIsInNsaWRlc2hvdyI6IjY5YzU0ZmQifQ%3D%3D\">\n\t\t\t\t\t<div class=\"e-gallery-image elementor-gallery-item__image\" data-thumbnail=\"https:\/\/www.cm-benavente.pt\/wp-content\/uploads\/2024\/11\/exposicao-os-que-ficam-joao-massano-14-1024x575.jpg\" data-width=\"800\" data-height=\"449\" aria-label=\"\" role=\"img\" ><\/div>\n\t\t\t\t\t\t\t\t\t\t\t<div class=\"elementor-gallery-item__overlay\"><\/div>\n\t\t\t\t\t\t\t\t\t\t\t\t\t\t<\/a>\n\t\t\t\t\t\t\t<a class=\"e-gallery-item elementor-gallery-item elementor-animated-content\" href=\"https:\/\/www.cm-benavente.pt\/wp-content\/uploads\/2024\/11\/exposicao-os-que-ficam-joao-massano-15-scaled.jpg\" data-elementor-open-lightbox=\"yes\" data-elementor-lightbox-slideshow=\"69c54fd\" data-elementor-lightbox-title=\"exposi\u00e7\u00e3o os que ficam jo\u00e3o massano (15)\" data-e-action-hash=\"#elementor-action%3Aaction%3Dlightbox%26settings%3DeyJpZCI6NjE5OTMsInVybCI6Imh0dHBzOlwvXC93d3cuY20tYmVuYXZlbnRlLnB0XC93cC1jb250ZW50XC91cGxvYWRzXC8yMDI0XC8xMVwvZXhwb3NpY2FvLW9zLXF1ZS1maWNhbS1qb2FvLW1hc3Nhbm8tMTUtc2NhbGVkLmpwZyIsInNsaWRlc2hvdyI6IjY5YzU0ZmQifQ%3D%3D\">\n\t\t\t\t\t<div class=\"e-gallery-image elementor-gallery-item__image\" data-thumbnail=\"https:\/\/www.cm-benavente.pt\/wp-content\/uploads\/2024\/11\/exposicao-os-que-ficam-joao-massano-15-1024x608.jpg\" data-width=\"800\" data-height=\"475\" aria-label=\"\" role=\"img\" ><\/div>\n\t\t\t\t\t\t\t\t\t\t\t<div class=\"elementor-gallery-item__overlay\"><\/div>\n\t\t\t\t\t\t\t\t\t\t\t\t\t\t<\/a>\n\t\t\t\t\t\t\t<a class=\"e-gallery-item elementor-gallery-item elementor-animated-content\" href=\"https:\/\/www.cm-benavente.pt\/wp-content\/uploads\/2024\/11\/exposicao-os-que-ficam-joao-massano-16-scaled.jpg\" data-elementor-open-lightbox=\"yes\" data-elementor-lightbox-slideshow=\"69c54fd\" data-elementor-lightbox-title=\"exposi\u00e7\u00e3o os que ficam jo\u00e3o massano (16)\" data-e-action-hash=\"#elementor-action%3Aaction%3Dlightbox%26settings%3DeyJpZCI6NjE5OTQsInVybCI6Imh0dHBzOlwvXC93d3cuY20tYmVuYXZlbnRlLnB0XC93cC1jb250ZW50XC91cGxvYWRzXC8yMDI0XC8xMVwvZXhwb3NpY2FvLW9zLXF1ZS1maWNhbS1qb2FvLW1hc3Nhbm8tMTYtc2NhbGVkLmpwZyIsInNsaWRlc2hvdyI6IjY5YzU0ZmQifQ%3D%3D\">\n\t\t\t\t\t<div class=\"e-gallery-image elementor-gallery-item__image\" data-thumbnail=\"https:\/\/www.cm-benavente.pt\/wp-content\/uploads\/2024\/11\/exposicao-os-que-ficam-joao-massano-16-1024x595.jpg\" data-width=\"800\" data-height=\"465\" aria-label=\"\" role=\"img\" ><\/div>\n\t\t\t\t\t\t\t\t\t\t\t<div class=\"elementor-gallery-item__overlay\"><\/div>\n\t\t\t\t\t\t\t\t\t\t\t\t\t\t<\/a>\n\t\t\t\t\t\t\t<a class=\"e-gallery-item elementor-gallery-item elementor-animated-content\" href=\"https:\/\/www.cm-benavente.pt\/wp-content\/uploads\/2024\/11\/exposicao-os-que-ficam-joao-massano-17-scaled.jpg\" data-elementor-open-lightbox=\"yes\" data-elementor-lightbox-slideshow=\"69c54fd\" data-elementor-lightbox-title=\"exposi\u00e7\u00e3o os que ficam jo\u00e3o massano (17)\" data-e-action-hash=\"#elementor-action%3Aaction%3Dlightbox%26settings%3DeyJpZCI6NjE5OTUsInVybCI6Imh0dHBzOlwvXC93d3cuY20tYmVuYXZlbnRlLnB0XC93cC1jb250ZW50XC91cGxvYWRzXC8yMDI0XC8xMVwvZXhwb3NpY2FvLW9zLXF1ZS1maWNhbS1qb2FvLW1hc3Nhbm8tMTctc2NhbGVkLmpwZyIsInNsaWRlc2hvdyI6IjY5YzU0ZmQifQ%3D%3D\">\n\t\t\t\t\t<div class=\"e-gallery-image elementor-gallery-item__image\" data-thumbnail=\"https:\/\/www.cm-benavente.pt\/wp-content\/uploads\/2024\/11\/exposicao-os-que-ficam-joao-massano-17-1024x683.jpg\" data-width=\"800\" data-height=\"534\" aria-label=\"\" role=\"img\" ><\/div>\n\t\t\t\t\t\t\t\t\t\t\t<div class=\"elementor-gallery-item__overlay\"><\/div>\n\t\t\t\t\t\t\t\t\t\t\t\t\t\t<\/a>\n\t\t\t\t\t\t\t<a class=\"e-gallery-item elementor-gallery-item elementor-animated-content\" href=\"https:\/\/www.cm-benavente.pt\/wp-content\/uploads\/2024\/11\/exposicao-os-que-ficam-joao-massano-18-scaled.jpg\" data-elementor-open-lightbox=\"yes\" data-elementor-lightbox-slideshow=\"69c54fd\" data-elementor-lightbox-title=\"exposi\u00e7\u00e3o os que ficam jo\u00e3o massano (18)\" data-e-action-hash=\"#elementor-action%3Aaction%3Dlightbox%26settings%3DeyJpZCI6NjE5OTYsInVybCI6Imh0dHBzOlwvXC93d3cuY20tYmVuYXZlbnRlLnB0XC93cC1jb250ZW50XC91cGxvYWRzXC8yMDI0XC8xMVwvZXhwb3NpY2FvLW9zLXF1ZS1maWNhbS1qb2FvLW1hc3Nhbm8tMTgtc2NhbGVkLmpwZyIsInNsaWRlc2hvdyI6IjY5YzU0ZmQifQ%3D%3D\">\n\t\t\t\t\t<div class=\"e-gallery-image elementor-gallery-item__image\" data-thumbnail=\"https:\/\/www.cm-benavente.pt\/wp-content\/uploads\/2024\/11\/exposicao-os-que-ficam-joao-massano-18-1024x620.jpg\" data-width=\"800\" data-height=\"484\" aria-label=\"\" role=\"img\" ><\/div>\n\t\t\t\t\t\t\t\t\t\t\t<div class=\"elementor-gallery-item__overlay\"><\/div>\n\t\t\t\t\t\t\t\t\t\t\t\t\t\t<\/a>\n\t\t\t\t\t\t\t<a class=\"e-gallery-item elementor-gallery-item elementor-animated-content\" href=\"https:\/\/www.cm-benavente.pt\/wp-content\/uploads\/2024\/11\/exposicao-os-que-ficam-joao-massano-19-scaled.jpg\" data-elementor-open-lightbox=\"yes\" data-elementor-lightbox-slideshow=\"69c54fd\" data-elementor-lightbox-title=\"exposi\u00e7\u00e3o os que ficam jo\u00e3o massano (19)\" data-e-action-hash=\"#elementor-action%3Aaction%3Dlightbox%26settings%3DeyJpZCI6NjE5OTcsInVybCI6Imh0dHBzOlwvXC93d3cuY20tYmVuYXZlbnRlLnB0XC93cC1jb250ZW50XC91cGxvYWRzXC8yMDI0XC8xMVwvZXhwb3NpY2FvLW9zLXF1ZS1maWNhbS1qb2FvLW1hc3Nhbm8tMTktc2NhbGVkLmpwZyIsInNsaWRlc2hvdyI6IjY5YzU0ZmQifQ%3D%3D\">\n\t\t\t\t\t<div class=\"e-gallery-image elementor-gallery-item__image\" data-thumbnail=\"https:\/\/www.cm-benavente.pt\/wp-content\/uploads\/2024\/11\/exposicao-os-que-ficam-joao-massano-19-1024x592.jpg\" data-width=\"800\" data-height=\"463\" aria-label=\"\" role=\"img\" ><\/div>\n\t\t\t\t\t\t\t\t\t\t\t<div class=\"elementor-gallery-item__overlay\"><\/div>\n\t\t\t\t\t\t\t\t\t\t\t\t\t\t<\/a>\n\t\t\t\t\t\t\t<a class=\"e-gallery-item elementor-gallery-item elementor-animated-content\" href=\"https:\/\/www.cm-benavente.pt\/wp-content\/uploads\/2024\/11\/exposicao-os-que-ficam-joao-massano-20-scaled.jpg\" data-elementor-open-lightbox=\"yes\" data-elementor-lightbox-slideshow=\"69c54fd\" data-elementor-lightbox-title=\"exposi\u00e7\u00e3o os que ficam jo\u00e3o massano (20)\" data-e-action-hash=\"#elementor-action%3Aaction%3Dlightbox%26settings%3DeyJpZCI6NjE5OTgsInVybCI6Imh0dHBzOlwvXC93d3cuY20tYmVuYXZlbnRlLnB0XC93cC1jb250ZW50XC91cGxvYWRzXC8yMDI0XC8xMVwvZXhwb3NpY2FvLW9zLXF1ZS1maWNhbS1qb2FvLW1hc3Nhbm8tMjAtc2NhbGVkLmpwZyIsInNsaWRlc2hvdyI6IjY5YzU0ZmQifQ%3D%3D\">\n\t\t\t\t\t<div class=\"e-gallery-image elementor-gallery-item__image\" data-thumbnail=\"https:\/\/www.cm-benavente.pt\/wp-content\/uploads\/2024\/11\/exposicao-os-que-ficam-joao-massano-20-1024x552.jpg\" data-width=\"800\" data-height=\"431\" aria-label=\"\" role=\"img\" ><\/div>\n\t\t\t\t\t\t\t\t\t\t\t<div class=\"elementor-gallery-item__overlay\"><\/div>\n\t\t\t\t\t\t\t\t\t\t\t\t\t\t<\/a>\n\t\t\t\t\t\t\t<a class=\"e-gallery-item elementor-gallery-item elementor-animated-content\" href=\"https:\/\/www.cm-benavente.pt\/wp-content\/uploads\/2024\/11\/exposicao-os-que-ficam-joao-massano-21-scaled.jpg\" data-elementor-open-lightbox=\"yes\" data-elementor-lightbox-slideshow=\"69c54fd\" data-elementor-lightbox-title=\"exposi\u00e7\u00e3o os que ficam jo\u00e3o massano (21)\" data-e-action-hash=\"#elementor-action%3Aaction%3Dlightbox%26settings%3DeyJpZCI6NjE5OTksInVybCI6Imh0dHBzOlwvXC93d3cuY20tYmVuYXZlbnRlLnB0XC93cC1jb250ZW50XC91cGxvYWRzXC8yMDI0XC8xMVwvZXhwb3NpY2FvLW9zLXF1ZS1maWNhbS1qb2FvLW1hc3Nhbm8tMjEtc2NhbGVkLmpwZyIsInNsaWRlc2hvdyI6IjY5YzU0ZmQifQ%3D%3D\">\n\t\t\t\t\t<div class=\"e-gallery-image elementor-gallery-item__image\" data-thumbnail=\"https:\/\/www.cm-benavente.pt\/wp-content\/uploads\/2024\/11\/exposicao-os-que-ficam-joao-massano-21-1024x555.jpg\" data-width=\"800\" data-height=\"434\" aria-label=\"\" role=\"img\" ><\/div>\n\t\t\t\t\t\t\t\t\t\t\t<div class=\"elementor-gallery-item__overlay\"><\/div>\n\t\t\t\t\t\t\t\t\t\t\t\t\t\t<\/a>\n\t\t\t\t\t\t\t<a class=\"e-gallery-item elementor-gallery-item elementor-animated-content\" href=\"https:\/\/www.cm-benavente.pt\/wp-content\/uploads\/2024\/11\/exposicao-os-que-ficam-joao-massano-22-scaled.jpg\" data-elementor-open-lightbox=\"yes\" data-elementor-lightbox-slideshow=\"69c54fd\" data-elementor-lightbox-title=\"exposi\u00e7\u00e3o os que ficam jo\u00e3o massano (22)\" data-e-action-hash=\"#elementor-action%3Aaction%3Dlightbox%26settings%3DeyJpZCI6NjIwMDAsInVybCI6Imh0dHBzOlwvXC93d3cuY20tYmVuYXZlbnRlLnB0XC93cC1jb250ZW50XC91cGxvYWRzXC8yMDI0XC8xMVwvZXhwb3NpY2FvLW9zLXF1ZS1maWNhbS1qb2FvLW1hc3Nhbm8tMjItc2NhbGVkLmpwZyIsInNsaWRlc2hvdyI6IjY5YzU0ZmQifQ%3D%3D\">\n\t\t\t\t\t<div class=\"e-gallery-image elementor-gallery-item__image\" data-thumbnail=\"https:\/\/www.cm-benavente.pt\/wp-content\/uploads\/2024\/11\/exposicao-os-que-ficam-joao-massano-22-1024x550.jpg\" data-width=\"800\" data-height=\"430\" aria-label=\"\" role=\"img\" ><\/div>\n\t\t\t\t\t\t\t\t\t\t\t<div class=\"elementor-gallery-item__overlay\"><\/div>\n\t\t\t\t\t\t\t\t\t\t\t\t\t\t<\/a>\n\t\t\t\t\t\t\t<a class=\"e-gallery-item elementor-gallery-item elementor-animated-content\" href=\"https:\/\/www.cm-benavente.pt\/wp-content\/uploads\/2024\/11\/exposicao-os-que-ficam-joao-massano-23-scaled.jpg\" data-elementor-open-lightbox=\"yes\" data-elementor-lightbox-slideshow=\"69c54fd\" data-elementor-lightbox-title=\"exposi\u00e7\u00e3o os que ficam jo\u00e3o massano (23)\" data-e-action-hash=\"#elementor-action%3Aaction%3Dlightbox%26settings%3DeyJpZCI6NjIwMDEsInVybCI6Imh0dHBzOlwvXC93d3cuY20tYmVuYXZlbnRlLnB0XC93cC1jb250ZW50XC91cGxvYWRzXC8yMDI0XC8xMVwvZXhwb3NpY2FvLW9zLXF1ZS1maWNhbS1qb2FvLW1hc3Nhbm8tMjMtc2NhbGVkLmpwZyIsInNsaWRlc2hvdyI6IjY5YzU0ZmQifQ%3D%3D\">\n\t\t\t\t\t<div class=\"e-gallery-image elementor-gallery-item__image\" data-thumbnail=\"https:\/\/www.cm-benavente.pt\/wp-content\/uploads\/2024\/11\/exposicao-os-que-ficam-joao-massano-23-1024x557.jpg\" data-width=\"800\" data-height=\"435\" aria-label=\"\" role=\"img\" ><\/div>\n\t\t\t\t\t\t\t\t\t\t\t<div class=\"elementor-gallery-item__overlay\"><\/div>\n\t\t\t\t\t\t\t\t\t\t\t\t\t\t<\/a>\n\t\t\t\t\t\t\t<a class=\"e-gallery-item elementor-gallery-item elementor-animated-content\" href=\"https:\/\/www.cm-benavente.pt\/wp-content\/uploads\/2024\/11\/exposicao-os-que-ficam-joao-massano-24-scaled.jpg\" data-elementor-open-lightbox=\"yes\" data-elementor-lightbox-slideshow=\"69c54fd\" data-elementor-lightbox-title=\"exposi\u00e7\u00e3o os que ficam jo\u00e3o massano (24)\" data-e-action-hash=\"#elementor-action%3Aaction%3Dlightbox%26settings%3DeyJpZCI6NjIwMDIsInVybCI6Imh0dHBzOlwvXC93d3cuY20tYmVuYXZlbnRlLnB0XC93cC1jb250ZW50XC91cGxvYWRzXC8yMDI0XC8xMVwvZXhwb3NpY2FvLW9zLXF1ZS1maWNhbS1qb2FvLW1hc3Nhbm8tMjQtc2NhbGVkLmpwZyIsInNsaWRlc2hvdyI6IjY5YzU0ZmQifQ%3D%3D\">\n\t\t\t\t\t<div class=\"e-gallery-image elementor-gallery-item__image\" data-thumbnail=\"https:\/\/www.cm-benavente.pt\/wp-content\/uploads\/2024\/11\/exposicao-os-que-ficam-joao-massano-24-1024x547.jpg\" data-width=\"800\" data-height=\"427\" aria-label=\"\" role=\"img\" ><\/div>\n\t\t\t\t\t\t\t\t\t\t\t<div class=\"elementor-gallery-item__overlay\"><\/div>\n\t\t\t\t\t\t\t\t\t\t\t\t\t\t<\/a>\n\t\t\t\t\t\t\t<a class=\"e-gallery-item elementor-gallery-item elementor-animated-content\" href=\"https:\/\/www.cm-benavente.pt\/wp-content\/uploads\/2024\/11\/exposicao-os-que-ficam-joao-massano-25-scaled.jpg\" data-elementor-open-lightbox=\"yes\" data-elementor-lightbox-slideshow=\"69c54fd\" data-elementor-lightbox-title=\"exposi\u00e7\u00e3o os que ficam jo\u00e3o massano (25)\" data-e-action-hash=\"#elementor-action%3Aaction%3Dlightbox%26settings%3DeyJpZCI6NjIwMDMsInVybCI6Imh0dHBzOlwvXC93d3cuY20tYmVuYXZlbnRlLnB0XC93cC1jb250ZW50XC91cGxvYWRzXC8yMDI0XC8xMVwvZXhwb3NpY2FvLW9zLXF1ZS1maWNhbS1qb2FvLW1hc3Nhbm8tMjUtc2NhbGVkLmpwZyIsInNsaWRlc2hvdyI6IjY5YzU0ZmQifQ%3D%3D\">\n\t\t\t\t\t<div class=\"e-gallery-image elementor-gallery-item__image\" data-thumbnail=\"https:\/\/www.cm-benavente.pt\/wp-content\/uploads\/2024\/11\/exposicao-os-que-ficam-joao-massano-25-1024x633.jpg\" data-width=\"800\" data-height=\"495\" aria-label=\"\" role=\"img\" ><\/div>\n\t\t\t\t\t\t\t\t\t\t\t<div class=\"elementor-gallery-item__overlay\"><\/div>\n\t\t\t\t\t\t\t\t\t\t\t\t\t\t<\/a>\n\t\t\t\t\t\t\t<a class=\"e-gallery-item elementor-gallery-item elementor-animated-content\" href=\"https:\/\/www.cm-benavente.pt\/wp-content\/uploads\/2024\/11\/exposicao-os-que-ficam-joao-massano-26-scaled.jpg\" data-elementor-open-lightbox=\"yes\" data-elementor-lightbox-slideshow=\"69c54fd\" data-elementor-lightbox-title=\"exposi\u00e7\u00e3o os que ficam jo\u00e3o massano (26)\" data-e-action-hash=\"#elementor-action%3Aaction%3Dlightbox%26settings%3DeyJpZCI6NjIwMDQsInVybCI6Imh0dHBzOlwvXC93d3cuY20tYmVuYXZlbnRlLnB0XC93cC1jb250ZW50XC91cGxvYWRzXC8yMDI0XC8xMVwvZXhwb3NpY2FvLW9zLXF1ZS1maWNhbS1qb2FvLW1hc3Nhbm8tMjYtc2NhbGVkLmpwZyIsInNsaWRlc2hvdyI6IjY5YzU0ZmQifQ%3D%3D\">\n\t\t\t\t\t<div class=\"e-gallery-image elementor-gallery-item__image\" data-thumbnail=\"https:\/\/www.cm-benavente.pt\/wp-content\/uploads\/2024\/11\/exposicao-os-que-ficam-joao-massano-26-1024x422.jpg\" data-width=\"800\" data-height=\"330\" aria-label=\"\" role=\"img\" ><\/div>\n\t\t\t\t\t\t\t\t\t\t\t<div class=\"elementor-gallery-item__overlay\"><\/div>\n\t\t\t\t\t\t\t\t\t\t\t\t\t\t<\/a>\n\t\t\t\t\t\t\t<a class=\"e-gallery-item elementor-gallery-item elementor-animated-content\" href=\"https:\/\/www.cm-benavente.pt\/wp-content\/uploads\/2024\/11\/exposicao-os-que-ficam-joao-massano-27-scaled.jpg\" data-elementor-open-lightbox=\"yes\" data-elementor-lightbox-slideshow=\"69c54fd\" data-elementor-lightbox-title=\"exposi\u00e7\u00e3o os que ficam jo\u00e3o massano (27)\" data-e-action-hash=\"#elementor-action%3Aaction%3Dlightbox%26settings%3DeyJpZCI6NjIwMDUsInVybCI6Imh0dHBzOlwvXC93d3cuY20tYmVuYXZlbnRlLnB0XC93cC1jb250ZW50XC91cGxvYWRzXC8yMDI0XC8xMVwvZXhwb3NpY2FvLW9zLXF1ZS1maWNhbS1qb2FvLW1hc3Nhbm8tMjctc2NhbGVkLmpwZyIsInNsaWRlc2hvdyI6IjY5YzU0ZmQifQ%3D%3D\">\n\t\t\t\t\t<div class=\"e-gallery-image elementor-gallery-item__image\" data-thumbnail=\"https:\/\/www.cm-benavente.pt\/wp-content\/uploads\/2024\/11\/exposicao-os-que-ficam-joao-massano-27-1024x581.jpg\" data-width=\"800\" data-height=\"454\" aria-label=\"\" role=\"img\" ><\/div>\n\t\t\t\t\t\t\t\t\t\t\t<div class=\"elementor-gallery-item__overlay\"><\/div>\n\t\t\t\t\t\t\t\t\t\t\t\t\t\t<\/a>\n\t\t\t\t\t\t\t<a class=\"e-gallery-item elementor-gallery-item elementor-animated-content\" href=\"https:\/\/www.cm-benavente.pt\/wp-content\/uploads\/2024\/11\/exposicao-os-que-ficam-joao-massano-28-scaled.jpg\" data-elementor-open-lightbox=\"yes\" data-elementor-lightbox-slideshow=\"69c54fd\" data-elementor-lightbox-title=\"exposi\u00e7\u00e3o os que ficam jo\u00e3o massano (28)\" data-e-action-hash=\"#elementor-action%3Aaction%3Dlightbox%26settings%3DeyJpZCI6NjIwMDYsInVybCI6Imh0dHBzOlwvXC93d3cuY20tYmVuYXZlbnRlLnB0XC93cC1jb250ZW50XC91cGxvYWRzXC8yMDI0XC8xMVwvZXhwb3NpY2FvLW9zLXF1ZS1maWNhbS1qb2FvLW1hc3Nhbm8tMjgtc2NhbGVkLmpwZyIsInNsaWRlc2hvdyI6IjY5YzU0ZmQifQ%3D%3D\">\n\t\t\t\t\t<div class=\"e-gallery-image elementor-gallery-item__image\" data-thumbnail=\"https:\/\/www.cm-benavente.pt\/wp-content\/uploads\/2024\/11\/exposicao-os-que-ficam-joao-massano-28-1024x546.jpg\" data-width=\"800\" data-height=\"427\" aria-label=\"\" role=\"img\" ><\/div>\n\t\t\t\t\t\t\t\t\t\t\t<div class=\"elementor-gallery-item__overlay\"><\/div>\n\t\t\t\t\t\t\t\t\t\t\t\t\t\t<\/a>\n\t\t\t\t\t\t\t<a class=\"e-gallery-item elementor-gallery-item elementor-animated-content\" href=\"https:\/\/www.cm-benavente.pt\/wp-content\/uploads\/2024\/11\/exposicao-os-que-ficam-joao-massano-1-scaled.jpg\" data-elementor-open-lightbox=\"yes\" data-elementor-lightbox-slideshow=\"69c54fd\" data-elementor-lightbox-title=\"exposi\u00e7\u00e3o os que ficam jo\u00e3o massano (1)\" data-e-action-hash=\"#elementor-action%3Aaction%3Dlightbox%26settings%3DeyJpZCI6NjIwMDcsInVybCI6Imh0dHBzOlwvXC93d3cuY20tYmVuYXZlbnRlLnB0XC93cC1jb250ZW50XC91cGxvYWRzXC8yMDI0XC8xMVwvZXhwb3NpY2FvLW9zLXF1ZS1maWNhbS1qb2FvLW1hc3Nhbm8tMS1zY2FsZWQuanBnIiwic2xpZGVzaG93IjoiNjljNTRmZCJ9\">\n\t\t\t\t\t<div class=\"e-gallery-image elementor-gallery-item__image\" data-thumbnail=\"https:\/\/www.cm-benavente.pt\/wp-content\/uploads\/2024\/11\/exposicao-os-que-ficam-joao-massano-1-1024x512.jpg\" data-width=\"800\" data-height=\"400\" aria-label=\"\" role=\"img\" ><\/div>\n\t\t\t\t\t\t\t\t\t\t\t<div class=\"elementor-gallery-item__overlay\"><\/div>\n\t\t\t\t\t\t\t\t\t\t\t\t\t\t<\/a>\n\t\t\t\t\t\t\t<a class=\"e-gallery-item elementor-gallery-item elementor-animated-content\" href=\"https:\/\/www.cm-benavente.pt\/wp-content\/uploads\/2024\/11\/exposicao-os-que-ficam-joao-massano-2-scaled.jpg\" data-elementor-open-lightbox=\"yes\" data-elementor-lightbox-slideshow=\"69c54fd\" data-elementor-lightbox-title=\"exposi\u00e7\u00e3o os que ficam jo\u00e3o massano (2)\" data-e-action-hash=\"#elementor-action%3Aaction%3Dlightbox%26settings%3DeyJpZCI6NjIwMDgsInVybCI6Imh0dHBzOlwvXC93d3cuY20tYmVuYXZlbnRlLnB0XC93cC1jb250ZW50XC91cGxvYWRzXC8yMDI0XC8xMVwvZXhwb3NpY2FvLW9zLXF1ZS1maWNhbS1qb2FvLW1hc3Nhbm8tMi1zY2FsZWQuanBnIiwic2xpZGVzaG93IjoiNjljNTRmZCJ9\">\n\t\t\t\t\t<div class=\"e-gallery-image elementor-gallery-item__image\" data-thumbnail=\"https:\/\/www.cm-benavente.pt\/wp-content\/uploads\/2024\/11\/exposicao-os-que-ficam-joao-massano-2-1024x565.jpg\" data-width=\"800\" data-height=\"441\" aria-label=\"\" role=\"img\" ><\/div>\n\t\t\t\t\t\t\t\t\t\t\t<div class=\"elementor-gallery-item__overlay\"><\/div>\n\t\t\t\t\t\t\t\t\t\t\t\t\t\t<\/a>\n\t\t\t\t\t<\/div>\n\t\t\t\t\t<\/div>\n\t\t\t\t<\/div>\n\t\t\t\t\t<\/div>\n\t\t\t\t<\/div>\n\t\t\t\t<\/div>\n\t\t","protected":false},"excerpt":{"rendered":"<p>H\u00e1 uma nova exposi\u00e7\u00e3o para visitar  na Galeria do N\u00facleo Museol\u00f3gico Agr\u00edcola, em Benavente. A exposi\u00e7\u00e3o &#8220;Os que Ficam&#8221;, do artista Jo\u00e3o Massano, foi inaugurada na passada sexta-feira.<br \/>\nNeste projeto, o artista Jo\u00e3o Massano desenvolveu uma s\u00e9rie de pinturas em Benavente, procurando reconectar-se com o lugar e a comunidade onde cresceu, revisitando antigas composi\u00e7\u00f5es, imagin\u00e1rios e est\u00e9ticas.<\/p>\n","protected":false},"author":3,"featured_media":61979,"comment_status":"closed","ping_status":"closed","sticky":false,"template":"","format":"standard","meta":{"_vp_format_video_url":"","_vp_image_focal_point":[],"footnotes":""},"categories":[511],"tags":[796,16,18,1670,17,517],"class_list":["post-61978","post","type-post","status-publish","format-standard","has-post-thumbnail","hentry","category-cultura-noticias","tag-arte","tag-benavente","tag-exposicao","tag-joao-massano","tag-museu","tag-pintura"],"_links":{"self":[{"href":"https:\/\/www.cm-benavente.pt\/index.php\/wp-json\/wp\/v2\/posts\/61978","targetHints":{"allow":["GET"]}}],"collection":[{"href":"https:\/\/www.cm-benavente.pt\/index.php\/wp-json\/wp\/v2\/posts"}],"about":[{"href":"https:\/\/www.cm-benavente.pt\/index.php\/wp-json\/wp\/v2\/types\/post"}],"author":[{"embeddable":true,"href":"https:\/\/www.cm-benavente.pt\/index.php\/wp-json\/wp\/v2\/users\/3"}],"replies":[{"embeddable":true,"href":"https:\/\/www.cm-benavente.pt\/index.php\/wp-json\/wp\/v2\/comments?post=61978"}],"version-history":[{"count":4,"href":"https:\/\/www.cm-benavente.pt\/index.php\/wp-json\/wp\/v2\/posts\/61978\/revisions"}],"predecessor-version":[{"id":62011,"href":"https:\/\/www.cm-benavente.pt\/index.php\/wp-json\/wp\/v2\/posts\/61978\/revisions\/62011"}],"wp:featuredmedia":[{"embeddable":true,"href":"https:\/\/www.cm-benavente.pt\/index.php\/wp-json\/wp\/v2\/media\/61979"}],"wp:attachment":[{"href":"https:\/\/www.cm-benavente.pt\/index.php\/wp-json\/wp\/v2\/media?parent=61978"}],"wp:term":[{"taxonomy":"category","embeddable":true,"href":"https:\/\/www.cm-benavente.pt\/index.php\/wp-json\/wp\/v2\/categories?post=61978"},{"taxonomy":"post_tag","embeddable":true,"href":"https:\/\/www.cm-benavente.pt\/index.php\/wp-json\/wp\/v2\/tags?post=61978"}],"curies":[{"name":"wp","href":"https:\/\/api.w.org\/{rel}","templated":true}]}}