{"id":60419,"date":"2024-10-22T15:05:48","date_gmt":"2024-10-22T15:05:48","guid":{"rendered":"https:\/\/www.cm-benavente.pt\/?p=60419"},"modified":"2024-10-22T15:15:48","modified_gmt":"2024-10-22T15:15:48","slug":"atividades-de-animacao-e-apoio-a-familia-aaaf-na-educacao-pre-escolar-interrupcao-letiva-de-novembro","status":"publish","type":"post","link":"https:\/\/www.cm-benavente.pt\/index.php\/2024\/10\/22\/atividades-de-animacao-e-apoio-a-familia-aaaf-na-educacao-pre-escolar-interrupcao-letiva-de-novembro\/","title":{"rendered":"Atividades de Anima\u00e7\u00e3o e Apoio \u00e0 Fam\u00edlia (AAAF) na Educa\u00e7\u00e3o Pr\u00e9-Escolar \u2013 Interrup\u00e7\u00e3o Letiva de novembro"},"content":{"rendered":"\t\t<div data-elementor-type=\"wp-post\" data-elementor-id=\"60419\" class=\"elementor elementor-60419\" data-elementor-post-type=\"post\">\n\t\t\t\t<div class=\"elementor-element elementor-element-3a4f81d e-flex e-con-boxed e-con e-parent\" data-id=\"3a4f81d\" data-element_type=\"container\" data-e-type=\"container\" data-settings=\"{&quot;tmea_shape_divider_top&quot;:&quot;none&quot;,&quot;tmea_shape_divider_bottom&quot;:&quot;none&quot;}\">\n\t\t\t\t\t<div class=\"e-con-inner\">\n\t\t\n\t\t<div class=\"elementor-element elementor-element-8086309 elementor-widget elementor-widget-text-editor\" data-id=\"8086309\" data-element_type=\"widget\" data-e-type=\"widget\" data-widget_type=\"text-editor.default\">\n\t\t\t\t<div class=\"elementor-widget-container\">\n\t\t\t\t\t\t\t\t\t<p><strong>Est\u00e3o abertas inscri\u00e7\u00f5es para as Atividades de Apoio \u00e0 Fam\u00edlia<\/strong> que asseguram o acompanhamento das crian\u00e7as na educa\u00e7\u00e3o pr\u00e9-escolar antes e\/ou depois do per\u00edodo di\u00e1rio de atividades educativas e durante os per\u00edodos de interrup\u00e7\u00e3o letiva.<\/p><p>A pr\u00f3xima interrup\u00e7\u00e3o letiva ser\u00e1 de 13 a 15 de novembro. <strong>As inscri\u00e7\u00f5es para as AAAF\u00b4s devem ser efetuadas at\u00e9 30 de outubro.<\/strong><\/p><p>O Munic\u00edpio de Benavente em articula\u00e7\u00e3o com os Agrupamentos de Escolas e as Associa\u00e7\u00f5es de Pais, implementou no ano letivo 2022\/2023 um novo modelo de funcionamento das AAAF, que pretende dar uma resposta eficaz a todas crian\u00e7as cujos encarregados de educa\u00e7\u00e3o que, por raz\u00f5es de natureza laboral, necessitam de hor\u00e1rios mais alargados do que os hor\u00e1rios da componente letiva e do per\u00edodo letivo.<\/p><p><a href=\"https:\/\/www.cm-benavente.pt\/wp-content\/uploads\/2024\/08\/Normas-de-funcionamento-AAAF-agosto-24.pdf\" target=\"_blank\" rel=\"noopener\">Normas de Funcionamento das Atividades de Anima\u00e7\u00e3o e Apoio \u00e0 Fam\u00edlia na Educa\u00e7\u00e3o Pr\u00e9-escolar<\/a><\/p><p><strong>Hor\u00e1rio<\/strong><\/p><p style=\"padding-left: 40px;\"><i>Per\u00edodo letivo<\/i><\/p><p style=\"padding-left: 40px;\">Manh\u00e3 \u2013 acolhimento | 7.30 \u00e0s 9.00 h<\/p><p style=\"padding-left: 40px;\">Almo\u00e7o | 12.00 \u00e0s 13.00 h<\/p><p style=\"padding-left: 40px;\">Tarde \u2013 atividade socioeducativas | 15.00 \u00e0s 17.30 ou 19.00 h<\/p><p style=\"padding-left: 40px;\"><i>Interrup\u00e7\u00f5es letivas<\/i>\u00a0| 7.30 \u00e0s 19.00 h<\/p><p><strong>Inscri\u00e7\u00f5es <\/strong>na plataforma\u00a0<a href=\"https:\/\/siga.edubox.pt\/auth\" target=\"_blank\" rel=\"noopener\">Siga\/EDUBOX<\/a>\u00a0atrav\u00e9s do acesso pessoal<\/p>\t\t\t\t\t\t\t\t<\/div>\n\t\t\t\t<\/div>\n\t\t\t\t\t<\/div>\n\t\t\t\t<\/div>\n\t\t\t\t<\/div>\n\t\t","protected":false},"excerpt":{"rendered":"<p>Est\u00e3o abertas inscri\u00e7\u00f5es para as Atividades de Apoio \u00e0 Fam\u00edlia que asseguram o acompanhamento das crian\u00e7as na educa\u00e7\u00e3o pr\u00e9-escolar antes e\/ou depois do per\u00edodo di\u00e1rio de atividades educativas e durante os per\u00edodos de interrup\u00e7\u00e3o letiva.<\/p>\n","protected":false},"author":3,"featured_media":60420,"comment_status":"closed","ping_status":"closed","sticky":false,"template":"","format":"standard","meta":{"_vp_format_video_url":"","_vp_image_focal_point":[],"footnotes":""},"categories":[554],"tags":[2358,870,281,164,185,16,70,7,225,851,479,290,27,13],"class_list":["post-60419","post","type-post","status-publish","format-standard","has-post-thumbnail","hentry","category-educacao","tag-aaaf","tag-animacao","tag-apoio","tag-atividades","tag-barrosa","tag-benavente","tag-educacao","tag-escola","tag-familia","tag-interrupcao","tag-municipio-de-benavente","tag-pre-escolar","tag-samora-correia","tag-santo-estevao"],"_links":{"self":[{"href":"https:\/\/www.cm-benavente.pt\/index.php\/wp-json\/wp\/v2\/posts\/60419","targetHints":{"allow":["GET"]}}],"collection":[{"href":"https:\/\/www.cm-benavente.pt\/index.php\/wp-json\/wp\/v2\/posts"}],"about":[{"href":"https:\/\/www.cm-benavente.pt\/index.php\/wp-json\/wp\/v2\/types\/post"}],"author":[{"embeddable":true,"href":"https:\/\/www.cm-benavente.pt\/index.php\/wp-json\/wp\/v2\/users\/3"}],"replies":[{"embeddable":true,"href":"https:\/\/www.cm-benavente.pt\/index.php\/wp-json\/wp\/v2\/comments?post=60419"}],"version-history":[{"count":7,"href":"https:\/\/www.cm-benavente.pt\/index.php\/wp-json\/wp\/v2\/posts\/60419\/revisions"}],"predecessor-version":[{"id":60427,"href":"https:\/\/www.cm-benavente.pt\/index.php\/wp-json\/wp\/v2\/posts\/60419\/revisions\/60427"}],"wp:featuredmedia":[{"embeddable":true,"href":"https:\/\/www.cm-benavente.pt\/index.php\/wp-json\/wp\/v2\/media\/60420"}],"wp:attachment":[{"href":"https:\/\/www.cm-benavente.pt\/index.php\/wp-json\/wp\/v2\/media?parent=60419"}],"wp:term":[{"taxonomy":"category","embeddable":true,"href":"https:\/\/www.cm-benavente.pt\/index.php\/wp-json\/wp\/v2\/categories?post=60419"},{"taxonomy":"post_tag","embeddable":true,"href":"https:\/\/www.cm-benavente.pt\/index.php\/wp-json\/wp\/v2\/tags?post=60419"}],"curies":[{"name":"wp","href":"https:\/\/api.w.org\/{rel}","templated":true}]}}