{"id":60207,"date":"2024-10-21T08:42:18","date_gmt":"2024-10-21T08:42:18","guid":{"rendered":"https:\/\/www.cm-benavente.pt\/?p=60207"},"modified":"2024-10-21T08:44:16","modified_gmt":"2024-10-21T08:44:16","slug":"mercados-de-natal-2024-candidaturas","status":"publish","type":"post","link":"https:\/\/www.cm-benavente.pt\/index.php\/2024\/10\/21\/mercados-de-natal-2024-candidaturas\/","title":{"rendered":"Mercados de Natal 2024 \u2013 Candidaturas"},"content":{"rendered":"\t\t<div data-elementor-type=\"wp-post\" data-elementor-id=\"60207\" class=\"elementor elementor-60207\" data-elementor-post-type=\"post\">\n\t\t\t\t<div class=\"elementor-element elementor-element-81b1604 e-flex e-con-boxed e-con e-parent\" data-id=\"81b1604\" data-element_type=\"container\" data-e-type=\"container\" data-settings=\"{&quot;tmea_shape_divider_top&quot;:&quot;none&quot;,&quot;tmea_shape_divider_bottom&quot;:&quot;none&quot;}\">\n\t\t\t\t\t<div class=\"e-con-inner\">\n\t\t\n\t\t<div class=\"elementor-element elementor-element-3d528de elementor-widget elementor-widget-text-editor\" data-id=\"3d528de\" data-element_type=\"widget\" data-e-type=\"widget\" data-widget_type=\"text-editor.default\">\n\t\t\t\t<div class=\"elementor-widget-container\">\n\t\t\t\t\t\t\t\t\t<p><strong>MERCADOS DE NATAL \u2013 CANDIDATURAS PARA PRODUTORES E ARTES\u00c3OS e TASQUINHA DO PAI NATAL \u2013 DE 21 DE OUT. A 08 DE NOV.<\/strong><br \/><br \/>Contagem decrescente para o in\u00edcio dos Mercados de Natal no nosso Munic\u00edpio, de 29 de novembro a 01 de dezembro, em Samora Correia, e de 06 a 08 de dezembro, em Benavente.<br \/><br \/>Hoje, abrimos as candidaturas on-line para os produtores, artes\u00e3os e explora\u00e7\u00e3o da tasquinha do Pai Natal (associa\u00e7\u00f5es e coletividades), que queiram marcar presen\u00e7a neste evento que celebra a magia do natal.<br \/><br \/><strong>Os interessados devem preencher os dados solicitados no formul\u00e1rio<\/strong>, indicando a \u00e1rea em que querem participar, fazer uma breve descri\u00e7\u00e3o da atividade e enviar algumas fotos dos trabalhos\/produtos ou atividade a apresentar.<\/p>\t\t\t\t\t\t\t\t<\/div>\n\t\t\t\t<\/div>\n\t\t\t\t<div class=\"elementor-element elementor-element-966eac6 elementor-widget elementor-widget-button\" data-id=\"966eac6\" data-element_type=\"widget\" data-e-type=\"widget\" data-widget_type=\"button.default\">\n\t\t\t\t<div class=\"elementor-widget-container\">\n\t\t\t\t\t\t\t\t\t<div class=\"elementor-button-wrapper\">\n\t\t\t\t\t<a class=\"elementor-button elementor-button-link elementor-size-sm elementor-animation-grow\" href=\"https:\/\/bit.ly\/candidaturas-mercados-natal24\" target=\"_blank\" rel=\"noopener\">\n\t\t\t\t\t\t<span class=\"elementor-button-content-wrapper\">\n\t\t\t\t\t\t<span class=\"elementor-button-icon\">\n\t\t\t\t<i aria-hidden=\"true\" class=\"far fa-file-pdf\"><\/i>\t\t\t<\/span>\n\t\t\t\t\t\t\t\t\t<span class=\"elementor-button-text\">Formul\u00e1rio de Inscri\u00e7\u00e3o<\/span>\n\t\t\t\t\t<\/span>\n\t\t\t\t\t<\/a>\n\t\t\t\t<\/div>\n\t\t\t\t\t\t\t\t<\/div>\n\t\t\t\t<\/div>\n\t\t\t\t<div class=\"elementor-element elementor-element-38abc73 elementor-widget elementor-widget-button\" data-id=\"38abc73\" data-element_type=\"widget\" data-e-type=\"widget\" data-widget_type=\"button.default\">\n\t\t\t\t<div class=\"elementor-widget-container\">\n\t\t\t\t\t\t\t\t\t<div class=\"elementor-button-wrapper\">\n\t\t\t\t\t<a class=\"elementor-button elementor-button-link elementor-size-sm elementor-animation-grow\" href=\"https:\/\/www.cm-benavente.pt\/wp-content\/uploads\/2024\/10\/Normas-de-Participacao_MERCADOS-DE-NATAL-2024.pdf\" target=\"_blank\">\n\t\t\t\t\t\t<span class=\"elementor-button-content-wrapper\">\n\t\t\t\t\t\t<span class=\"elementor-button-icon\">\n\t\t\t\t<i aria-hidden=\"true\" class=\"far fa-file-pdf\"><\/i>\t\t\t<\/span>\n\t\t\t\t\t\t\t\t\t<span class=\"elementor-button-text\">Normas de Participa\u00e7\u00e3o<\/span>\n\t\t\t\t\t<\/span>\n\t\t\t\t\t<\/a>\n\t\t\t\t<\/div>\n\t\t\t\t\t\t\t\t<\/div>\n\t\t\t\t<\/div>\n\t\t\t\t\t<\/div>\n\t\t\t\t<\/div>\n\t\t\t\t<\/div>\n\t\t","protected":false},"excerpt":{"rendered":"<p>Hoje, abrimos as candidaturas on-line para os produtores, artes\u00e3os e explora\u00e7\u00e3o da tasquinha do Pai Natal (associa\u00e7\u00f5es e coletividades), que queiram marcar presen\u00e7a neste evento que celebra a magia do natal.<\/p>\n","protected":false},"author":3,"featured_media":60208,"comment_status":"closed","ping_status":"closed","sticky":false,"template":"","format":"standard","meta":{"_vp_format_video_url":"","_vp_image_focal_point":[],"footnotes":""},"categories":[545,498,506,518],"tags":[769,16,1921,767,350,1752,770,27],"class_list":["post-60207","post","type-post","status-publish","format-standard","has-post-thumbnail","hentry","category-informacao","category-exposicoes","category-festas","category-municipio","tag-artesao","tag-benavente","tag-candidaturas","tag-mercados","tag-natal","tag-pai-natal","tag-produtor","tag-samora-correia"],"_links":{"self":[{"href":"https:\/\/www.cm-benavente.pt\/index.php\/wp-json\/wp\/v2\/posts\/60207","targetHints":{"allow":["GET"]}}],"collection":[{"href":"https:\/\/www.cm-benavente.pt\/index.php\/wp-json\/wp\/v2\/posts"}],"about":[{"href":"https:\/\/www.cm-benavente.pt\/index.php\/wp-json\/wp\/v2\/types\/post"}],"author":[{"embeddable":true,"href":"https:\/\/www.cm-benavente.pt\/index.php\/wp-json\/wp\/v2\/users\/3"}],"replies":[{"embeddable":true,"href":"https:\/\/www.cm-benavente.pt\/index.php\/wp-json\/wp\/v2\/comments?post=60207"}],"version-history":[{"count":4,"href":"https:\/\/www.cm-benavente.pt\/index.php\/wp-json\/wp\/v2\/posts\/60207\/revisions"}],"predecessor-version":[{"id":60212,"href":"https:\/\/www.cm-benavente.pt\/index.php\/wp-json\/wp\/v2\/posts\/60207\/revisions\/60212"}],"wp:featuredmedia":[{"embeddable":true,"href":"https:\/\/www.cm-benavente.pt\/index.php\/wp-json\/wp\/v2\/media\/60208"}],"wp:attachment":[{"href":"https:\/\/www.cm-benavente.pt\/index.php\/wp-json\/wp\/v2\/media?parent=60207"}],"wp:term":[{"taxonomy":"category","embeddable":true,"href":"https:\/\/www.cm-benavente.pt\/index.php\/wp-json\/wp\/v2\/categories?post=60207"},{"taxonomy":"post_tag","embeddable":true,"href":"https:\/\/www.cm-benavente.pt\/index.php\/wp-json\/wp\/v2\/tags?post=60207"}],"curies":[{"name":"wp","href":"https:\/\/api.w.org\/{rel}","templated":true}]}}