{"id":59228,"date":"2024-09-20T16:15:18","date_gmt":"2024-09-20T16:15:18","guid":{"rendered":"https:\/\/www.cm-benavente.pt\/?p=59228"},"modified":"2024-09-20T16:16:54","modified_gmt":"2024-09-20T16:16:54","slug":"aviso-aguas-do-ribatejo-porto-alto-24-setembro","status":"publish","type":"post","link":"https:\/\/www.cm-benavente.pt\/index.php\/2024\/09\/20\/aviso-aguas-do-ribatejo-porto-alto-24-setembro\/","title":{"rendered":"Aviso \u00c1guas do Ribatejo \u2013 Porto Alto\/ 24 setembro"},"content":{"rendered":"\t\t<div data-elementor-type=\"wp-post\" data-elementor-id=\"59228\" class=\"elementor elementor-59228\" data-elementor-post-type=\"post\">\n\t\t\t\t\n\t\t<section class=\"elementor-section elementor-top-section elementor-element elementor-element-b555959 elementor-section-boxed elementor-section-height-default elementor-section-height-default\" data-id=\"b555959\" data-element_type=\"section\" data-e-type=\"section\" data-settings=\"{&quot;tmea_shape_divider_top&quot;:&quot;none&quot;,&quot;tmea_shape_divider_bottom&quot;:&quot;none&quot;}\">\n\t\t\t\t\t\t<div class=\"elementor-container elementor-column-gap-default\">\n\t\t\t\t\t<div class=\"elementor-column elementor-col-100 elementor-top-column elementor-element elementor-element-029887a\" data-id=\"029887a\" data-element_type=\"column\" data-e-type=\"column\">\n\t\t\t<div class=\"elementor-widget-wrap elementor-element-populated\">\n\t\t\t\t\n\t\t<div class=\"elementor-element elementor-element-99f4d80 elementor-widget elementor-widget-text-editor\" data-id=\"99f4d80\" data-element_type=\"widget\" data-e-type=\"widget\" data-widget_type=\"text-editor.default\">\n\t\t\t\t<div class=\"elementor-widget-container\">\n\t\t\t\t\t\t\t\t\t<p>A <strong>\u00c1GUAS DO RIBATEJO<\/strong> informa que, devido a interven\u00e7\u00f5es no Subsistema de Abastecimento de \u00c1gua do Porto Alto para substitui\u00e7\u00e3o de conduta de abastecimento, ser\u00e3o for\u00e7ados a <strong>suspender o abastecimento de \u00e1gua no per\u00edodo entre as 14h00 e as 18h00, no dia 24 de setembro de 2024, ter\u00e7a-feira.<\/strong><\/p><p>Locais afetados:<\/p><p style=\"padding-left: 40px;\"><strong>\u2022 AVENIDA DAS NA\u00c7\u00d5ES UNIDAS (Entre o MC Donald`s e a Rua da F\u00e1brica)<\/strong><\/p><p>A AR- \u00c1GUAS DO RIBATEJO alerta que s\u00f3 deve consumir depois de retomada a normalidade no abastecimento, quando a \u00e1gua se apresentar transparente.<\/p><p>No caso de notar a turva\u00e7\u00e3o da \u00e1gua ou se necessitar de qualquer esclarecimento, deve contactar os nossos servi\u00e7os pelo<br \/>tel: <a href=\"tel:263509400\">263 509 400<\/a> (dias \u00fateis das 09h00 \u00e0s 18h00) ou n\u00famero verde e gratuito <a href=\"tel:800202040\">800 20 20 40<\/a> (dias \u00fateis entre as 18h00 e as 09h00 e s\u00e1bados, domingos e feriados).<\/p>\t\t\t\t\t\t\t\t<\/div>\n\t\t\t\t<\/div>\n\t\t\t\t<div class=\"elementor-element elementor-element-67bfee8 elementor-widget elementor-widget-button\" data-id=\"67bfee8\" data-element_type=\"widget\" data-e-type=\"widget\" data-widget_type=\"button.default\">\n\t\t\t\t<div class=\"elementor-widget-container\">\n\t\t\t\t\t\t\t\t\t<div class=\"elementor-button-wrapper\">\n\t\t\t\t\t<a class=\"elementor-button elementor-button-link elementor-size-sm elementor-animation-grow\" href=\"https:\/\/www.cm-benavente.pt\/wp-content\/uploads\/2024\/09\/Suspensao-Porto-ALTO-24-Setembro.pdf\" target=\"_blank\">\n\t\t\t\t\t\t<span class=\"elementor-button-content-wrapper\">\n\t\t\t\t\t\t<span class=\"elementor-button-icon\">\n\t\t\t\t<i aria-hidden=\"true\" class=\"far fa-file-pdf\"><\/i>\t\t\t<\/span>\n\t\t\t\t\t\t\t\t\t<span class=\"elementor-button-text\">Suspens\u00e3o Porto ALTO 24 Setembro<\/span>\n\t\t\t\t\t<\/span>\n\t\t\t\t\t<\/a>\n\t\t\t\t<\/div>\n\t\t\t\t\t\t\t\t<\/div>\n\t\t\t\t<\/div>\n\t\t\t\t\t<\/div>\n\t\t<\/div>\n\t\t\t\t\t<\/div>\n\t\t<\/section>\n\t\t\t\t<\/div>\n\t\t","protected":false},"excerpt":{"rendered":"<p>A \u00c1GUAS DO RIBATEJO informa que, devido a interven\u00e7\u00f5es no Subsistema de Abastecimento de \u00c1gua do Porto Alto para substitui\u00e7\u00e3o de conduta de abastecimento, ser\u00e3o for\u00e7ados a suspender o abastecimento de \u00e1gua no per\u00edodo entre as 14h00 e as 18h00, no dia 24 de setembro de 2024, ter\u00e7a-feira.<\/p>\n<p>Locais afetados:<\/p>\n<p>\u2022 AVENIDA DAS NA\u00c7\u00d5ES UNIDAS (Entre o MC Donald`s e a Rua da F\u00e1brica)<\/p>\n<p>A AR- \u00c1GUAS DO RIBATEJO alerta que s\u00f3 deve consumir depois de retomada a normalidade no abastecimento, quando a \u00e1gua se apresentar transparente.<\/p>\n<p>No caso de notar a turva\u00e7\u00e3o da \u00e1gua ou se necessitar de qualquer esclarecimento, deve contactar os nossos servi\u00e7os pelo<br \/>\ntel: 263 509 400 (dias \u00fateis das 09h00 \u00e0s 18h00) ou n\u00famero verde e gratuito 800 20 20 40 (dias \u00fateis entre as 18h00 e as 09h00 e s\u00e1bados, domingos e feriados).<\/p>\n","protected":false},"author":3,"featured_media":59229,"comment_status":"closed","ping_status":"closed","sticky":false,"template":"","format":"standard","meta":{"_vp_format_video_url":"","_vp_image_focal_point":[],"footnotes":""},"categories":[545,518],"tags":[19,321,159,250,20],"class_list":["post-59228","post","type-post","status-publish","format-standard","has-post-thumbnail","hentry","category-informacao","category-municipio","tag-agua","tag-aguas-do-ribatejo","tag-corte","tag-porto-alto","tag-suspensao"],"_links":{"self":[{"href":"https:\/\/www.cm-benavente.pt\/index.php\/wp-json\/wp\/v2\/posts\/59228","targetHints":{"allow":["GET"]}}],"collection":[{"href":"https:\/\/www.cm-benavente.pt\/index.php\/wp-json\/wp\/v2\/posts"}],"about":[{"href":"https:\/\/www.cm-benavente.pt\/index.php\/wp-json\/wp\/v2\/types\/post"}],"author":[{"embeddable":true,"href":"https:\/\/www.cm-benavente.pt\/index.php\/wp-json\/wp\/v2\/users\/3"}],"replies":[{"embeddable":true,"href":"https:\/\/www.cm-benavente.pt\/index.php\/wp-json\/wp\/v2\/comments?post=59228"}],"version-history":[{"count":4,"href":"https:\/\/www.cm-benavente.pt\/index.php\/wp-json\/wp\/v2\/posts\/59228\/revisions"}],"predecessor-version":[{"id":59234,"href":"https:\/\/www.cm-benavente.pt\/index.php\/wp-json\/wp\/v2\/posts\/59228\/revisions\/59234"}],"wp:featuredmedia":[{"embeddable":true,"href":"https:\/\/www.cm-benavente.pt\/index.php\/wp-json\/wp\/v2\/media\/59229"}],"wp:attachment":[{"href":"https:\/\/www.cm-benavente.pt\/index.php\/wp-json\/wp\/v2\/media?parent=59228"}],"wp:term":[{"taxonomy":"category","embeddable":true,"href":"https:\/\/www.cm-benavente.pt\/index.php\/wp-json\/wp\/v2\/categories?post=59228"},{"taxonomy":"post_tag","embeddable":true,"href":"https:\/\/www.cm-benavente.pt\/index.php\/wp-json\/wp\/v2\/tags?post=59228"}],"curies":[{"name":"wp","href":"https:\/\/api.w.org\/{rel}","templated":true}]}}