{"id":57697,"date":"2024-07-02T09:46:10","date_gmt":"2024-07-02T09:46:10","guid":{"rendered":"https:\/\/www.cm-benavente.pt\/?p=57697"},"modified":"2024-08-07T15:44:32","modified_gmt":"2024-08-07T15:44:32","slug":"consulta-publica-plano-de-cogestao-da-reserva-natural-do-estuario-do-tejo","status":"publish","type":"post","link":"https:\/\/www.cm-benavente.pt\/index.php\/2024\/07\/02\/consulta-publica-plano-de-cogestao-da-reserva-natural-do-estuario-do-tejo\/","title":{"rendered":"Consulta P\u00fablica &#8211; Plano de Cogest\u00e3o da Reserva Natural do Estu\u00e1rio do Tejo"},"content":{"rendered":"\t\t<div data-elementor-type=\"wp-post\" data-elementor-id=\"57697\" class=\"elementor elementor-57697\" data-elementor-post-type=\"post\">\n\t\t\t\t\t\t<section class=\"elementor-section elementor-top-section elementor-element elementor-element-c6c8882 elementor-section-boxed elementor-section-height-default elementor-section-height-default\" data-id=\"c6c8882\" data-element_type=\"section\" data-e-type=\"section\" data-settings=\"{&quot;tmea_shape_divider_top&quot;:&quot;none&quot;,&quot;tmea_shape_divider_bottom&quot;:&quot;none&quot;}\">\n\t\t\t\t\t\t<div class=\"elementor-container elementor-column-gap-default\">\n\t\t\t\t\t<div class=\"elementor-column elementor-col-100 elementor-top-column elementor-element elementor-element-f6b96a6\" data-id=\"f6b96a6\" data-element_type=\"column\" data-e-type=\"column\">\n\t\t\t<div class=\"elementor-widget-wrap elementor-element-populated\">\n\t\t\t\t\n\t\t<div class=\"elementor-element elementor-element-2d1ebc6 elementor-widget elementor-widget-text-editor\" data-id=\"2d1ebc6\" data-element_type=\"widget\" data-e-type=\"widget\" data-widget_type=\"text-editor.default\">\n\t\t\t\t<div class=\"elementor-widget-container\">\n\t\t\t\t\t\t\t\t\t<p>Faz-se p\u00fablico que <strong>at\u00e9 30 de setembro de 2024<\/strong>, encontra-se em <strong>consulta p\u00fablica<\/strong>, pelo <strong>per\u00edodo de 55 dias \u00fateis<\/strong>, a <strong>proposta de Plano de Cogest\u00e3o da Reserva Natural do Estu\u00e1rio do Tejo (RNET).<\/strong><\/p><p>No \u00e2mbito do direito \u00e0 participa\u00e7\u00e3o dos interessados, a referida proposta de Plano <strong>poder\u00e1 ser consultada<\/strong>, <strong>entre 15 de julho e 30 de setembro de 2024<\/strong>, na p\u00e1gina eletr\u00f3nica do Munic\u00edpio de Vila Franca de Xira, em <a href=\"http:\/\/www.cm-vfxira.pt\" target=\"_blank\" rel=\"noopener\">www.cm-vfxira.pt<\/a>.<\/p><p>Os <strong>contributos devem ser enviados<\/strong> para o correio eletr\u00f3nico <a href=\"mailto:ambiente@cm-vfxira.pt\">ambiente@cm-vfxira.pt<\/a> ou por via postal para a Loja do Mun\u00edcipe, sita na Pra\u00e7a Bartolomeu Dias, n\u00ba 9, Quinta da Mina, 2600-076 Vila Franca de Xira, devendo para o efeito indicar a identifica\u00e7\u00e3o do requerente e a descri\u00e7\u00e3o do contributo.<\/p><p>Entretanto <strong>est\u00e1 marcada uma sess\u00e3o de apresenta\u00e7\u00e3o<\/strong>, a ter lugar no pr\u00f3ximo dia <strong>14 de setembro<\/strong> em Samora Correia, em local e hora a ser comunicado brevemente.<\/p>\t\t\t\t\t\t\t\t<\/div>\n\t\t\t\t<\/div>\n\t\t\t\t<div class=\"elementor-element elementor-element-93d6847 elementor-widget elementor-widget-button\" data-id=\"93d6847\" data-element_type=\"widget\" data-e-type=\"widget\" data-widget_type=\"button.default\">\n\t\t\t\t<div class=\"elementor-widget-container\">\n\t\t\t\t\t\t\t\t\t<div class=\"elementor-button-wrapper\">\n\t\t\t\t\t<a class=\"elementor-button elementor-button-link elementor-size-sm elementor-animation-grow\" href=\"https:\/\/www.cm-benavente.pt\/wp-content\/uploads\/2024\/07\/Edital-no-3872024-Consulta-Publica-Plano-de-Cogestao-da-Reserva-Natural-do-Estuario-do-Tejo.pdf\" target=\"_blank\">\n\t\t\t\t\t\t<span class=\"elementor-button-content-wrapper\">\n\t\t\t\t\t\t<span class=\"elementor-button-icon\">\n\t\t\t\t<i aria-hidden=\"true\" class=\"far fa-file-pdf\"><\/i>\t\t\t<\/span>\n\t\t\t\t\t\t\t\t\t<span class=\"elementor-button-text\">Edital n\u00ba 387\/2024 - Consulta P\u00fablica\/ Plano de Cogest\u00e3o da Reserva Natural do Estu\u00e1rio do Tejo<\/span>\n\t\t\t\t\t<\/span>\n\t\t\t\t\t<\/a>\n\t\t\t\t<\/div>\n\t\t\t\t\t\t\t\t<\/div>\n\t\t\t\t<\/div>\n\t\t\t\t\t<\/div>\n\t\t<\/div>\n\t\t\t\t\t<\/div>\n\t\t<\/section>\n\t\t\t\t<\/div>\n\t\t","protected":false},"excerpt":{"rendered":"<p>Faz-se p\u00fablico que a partir do dia 15 de julho de 2024, encontra-se em consulta p\u00fablica, pelo per\u00edodo de 55 dias \u00fateis, a proposta de Plano de Cogest\u00e3o da Reserva Natural do Estu\u00e1rio do Tejo (RNET).<\/p>\n","protected":false},"author":3,"featured_media":58219,"comment_status":"closed","ping_status":"closed","sticky":false,"template":"","format":"standard","meta":{"_vp_format_video_url":"","_vp_image_focal_point":[],"footnotes":""},"categories":[545,527],"tags":[32,185,16,1759,852,933,1758,479,2176,435,27,13],"class_list":["post-57697","post","type-post","status-publish","format-standard","has-post-thumbnail","hentry","category-informacao","category-ambiente","tag-ambiente","tag-barrosa","tag-benavente","tag-cogestao","tag-consulta-publica","tag-discussao-publica","tag-estuario-do-tejo","tag-municipio-de-benavente","tag-plano","tag-reserva-natural","tag-samora-correia","tag-santo-estevao"],"_links":{"self":[{"href":"https:\/\/www.cm-benavente.pt\/index.php\/wp-json\/wp\/v2\/posts\/57697","targetHints":{"allow":["GET"]}}],"collection":[{"href":"https:\/\/www.cm-benavente.pt\/index.php\/wp-json\/wp\/v2\/posts"}],"about":[{"href":"https:\/\/www.cm-benavente.pt\/index.php\/wp-json\/wp\/v2\/types\/post"}],"author":[{"embeddable":true,"href":"https:\/\/www.cm-benavente.pt\/index.php\/wp-json\/wp\/v2\/users\/3"}],"replies":[{"embeddable":true,"href":"https:\/\/www.cm-benavente.pt\/index.php\/wp-json\/wp\/v2\/comments?post=57697"}],"version-history":[{"count":13,"href":"https:\/\/www.cm-benavente.pt\/index.php\/wp-json\/wp\/v2\/posts\/57697\/revisions"}],"predecessor-version":[{"id":58222,"href":"https:\/\/www.cm-benavente.pt\/index.php\/wp-json\/wp\/v2\/posts\/57697\/revisions\/58222"}],"wp:featuredmedia":[{"embeddable":true,"href":"https:\/\/www.cm-benavente.pt\/index.php\/wp-json\/wp\/v2\/media\/58219"}],"wp:attachment":[{"href":"https:\/\/www.cm-benavente.pt\/index.php\/wp-json\/wp\/v2\/media?parent=57697"}],"wp:term":[{"taxonomy":"category","embeddable":true,"href":"https:\/\/www.cm-benavente.pt\/index.php\/wp-json\/wp\/v2\/categories?post=57697"},{"taxonomy":"post_tag","embeddable":true,"href":"https:\/\/www.cm-benavente.pt\/index.php\/wp-json\/wp\/v2\/tags?post=57697"}],"curies":[{"name":"wp","href":"https:\/\/api.w.org\/{rel}","templated":true}]}}