{"id":57584,"date":"2024-06-27T13:27:18","date_gmt":"2024-06-27T13:27:18","guid":{"rendered":"https:\/\/www.cm-benavente.pt\/?p=57584"},"modified":"2024-06-27T13:28:57","modified_gmt":"2024-06-27T13:28:57","slug":"encerramento-das-piscinas-municipais-de-benavente-festa-da-amizade","status":"publish","type":"post","link":"https:\/\/www.cm-benavente.pt\/index.php\/2024\/06\/27\/encerramento-das-piscinas-municipais-de-benavente-festa-da-amizade\/","title":{"rendered":"Encerramento das Piscinas Municipais de Benavente &#8211; Festa da Amizade"},"content":{"rendered":"\t\t<div data-elementor-type=\"wp-post\" data-elementor-id=\"57584\" class=\"elementor elementor-57584\" data-elementor-post-type=\"post\">\n\t\t\t\t\t\t<section class=\"elementor-section elementor-top-section elementor-element elementor-element-db381be elementor-section-boxed elementor-section-height-default elementor-section-height-default\" data-id=\"db381be\" data-element_type=\"section\" data-e-type=\"section\" data-settings=\"{&quot;tmea_shape_divider_top&quot;:&quot;none&quot;,&quot;tmea_shape_divider_bottom&quot;:&quot;none&quot;}\">\n\t\t\t\t\t\t<div class=\"elementor-container elementor-column-gap-default\">\n\t\t\t\t\t<div class=\"elementor-column elementor-col-100 elementor-top-column elementor-element elementor-element-79950cb\" data-id=\"79950cb\" data-element_type=\"column\" data-e-type=\"column\">\n\t\t\t<div class=\"elementor-widget-wrap elementor-element-populated\">\n\t\t\t\t\n\t\t<div class=\"elementor-element elementor-element-34e6533 elementor-widget elementor-widget-text-editor\" data-id=\"34e6533\" data-element_type=\"widget\" data-e-type=\"widget\" data-widget_type=\"text-editor.default\">\n\t\t\t\t<div class=\"elementor-widget-container\">\n\t\t\t\t\t\t\t\t\t<p>Informa-se que, devido \u00e0 realiza\u00e7\u00e3o da tradicional Festa da Amizade &#8211; Sardinha Assada de Benavente, as <strong>Piscinas Municipais de Benavente<\/strong> ir\u00e3o <strong>ENCERRAR AO P\u00daBLICO<\/strong> no dia <strong>29 de junho<\/strong> (s\u00e1bado).<\/p>\t\t\t\t\t\t\t\t<\/div>\n\t\t\t\t<\/div>\n\t\t\t\t<div class=\"elementor-element elementor-element-e75eed5 elementor-widget elementor-widget-button\" data-id=\"e75eed5\" data-element_type=\"widget\" data-e-type=\"widget\" data-widget_type=\"button.default\">\n\t\t\t\t<div class=\"elementor-widget-container\">\n\t\t\t\t\t\t\t\t\t<div class=\"elementor-button-wrapper\">\n\t\t\t\t\t<a class=\"elementor-button elementor-button-link elementor-size-sm elementor-animation-grow\" href=\"https:\/\/www.cm-benavente.pt\/wp-content\/uploads\/2024\/06\/Aviso-Encerramento-Piscinas-Municipais-de-Benavente-Festa-da-Amizade.pdf\" target=\"_blank\">\n\t\t\t\t\t\t<span class=\"elementor-button-content-wrapper\">\n\t\t\t\t\t\t<span class=\"elementor-button-icon\">\n\t\t\t\t<i aria-hidden=\"true\" class=\"far fa-file-pdf\"><\/i>\t\t\t<\/span>\n\t\t\t\t\t\t\t\t\t<span class=\"elementor-button-text\">Aviso - Encerramento Piscinas Municipais de Benavente Festa da Amizade<\/span>\n\t\t\t\t\t<\/span>\n\t\t\t\t\t<\/a>\n\t\t\t\t<\/div>\n\t\t\t\t\t\t\t\t<\/div>\n\t\t\t\t<\/div>\n\t\t\t\t\t<\/div>\n\t\t<\/div>\n\t\t\t\t\t<\/div>\n\t\t<\/section>\n\t\t\t\t<\/div>\n\t\t","protected":false},"excerpt":{"rendered":"<p>Informa-se que, devido \u00e0 realiza\u00e7\u00e3o da tradicional Festa da Amizade &#8211; Sardinha Assada de Benavente, as Piscinas Municipais de Benavente ir\u00e3o ENCERRAR AO P\u00daBLICO no dia 29 de junho (s\u00e1bado).<\/p>\n","protected":false},"author":3,"featured_media":57585,"comment_status":"closed","ping_status":"closed","sticky":false,"template":"","format":"standard","meta":{"_vp_format_video_url":"","_vp_image_focal_point":[],"footnotes":""},"categories":[545,518],"tags":[16,295,604,59,603],"class_list":["post-57584","post","type-post","status-publish","format-standard","has-post-thumbnail","hentry","category-informacao","category-municipio","tag-benavente","tag-encerramento","tag-festa-da-amizade","tag-piscinas","tag-sardinha-assada"],"_links":{"self":[{"href":"https:\/\/www.cm-benavente.pt\/index.php\/wp-json\/wp\/v2\/posts\/57584","targetHints":{"allow":["GET"]}}],"collection":[{"href":"https:\/\/www.cm-benavente.pt\/index.php\/wp-json\/wp\/v2\/posts"}],"about":[{"href":"https:\/\/www.cm-benavente.pt\/index.php\/wp-json\/wp\/v2\/types\/post"}],"author":[{"embeddable":true,"href":"https:\/\/www.cm-benavente.pt\/index.php\/wp-json\/wp\/v2\/users\/3"}],"replies":[{"embeddable":true,"href":"https:\/\/www.cm-benavente.pt\/index.php\/wp-json\/wp\/v2\/comments?post=57584"}],"version-history":[{"count":4,"href":"https:\/\/www.cm-benavente.pt\/index.php\/wp-json\/wp\/v2\/posts\/57584\/revisions"}],"predecessor-version":[{"id":57590,"href":"https:\/\/www.cm-benavente.pt\/index.php\/wp-json\/wp\/v2\/posts\/57584\/revisions\/57590"}],"wp:featuredmedia":[{"embeddable":true,"href":"https:\/\/www.cm-benavente.pt\/index.php\/wp-json\/wp\/v2\/media\/57585"}],"wp:attachment":[{"href":"https:\/\/www.cm-benavente.pt\/index.php\/wp-json\/wp\/v2\/media?parent=57584"}],"wp:term":[{"taxonomy":"category","embeddable":true,"href":"https:\/\/www.cm-benavente.pt\/index.php\/wp-json\/wp\/v2\/categories?post=57584"},{"taxonomy":"post_tag","embeddable":true,"href":"https:\/\/www.cm-benavente.pt\/index.php\/wp-json\/wp\/v2\/tags?post=57584"}],"curies":[{"name":"wp","href":"https:\/\/api.w.org\/{rel}","templated":true}]}}