{"id":56368,"date":"2024-05-06T16:42:50","date_gmt":"2024-05-06T16:42:50","guid":{"rendered":"https:\/\/www.cm-benavente.pt\/?p=56368"},"modified":"2024-05-06T16:43:24","modified_gmt":"2024-05-06T16:43:24","slug":"apresentacao-publica-da-6a-edicao-do-festival-do-arroz-carolino-das-lezirias-ribatejanas-2024","status":"publish","type":"post","link":"https:\/\/www.cm-benavente.pt\/index.php\/2024\/05\/06\/apresentacao-publica-da-6a-edicao-do-festival-do-arroz-carolino-das-lezirias-ribatejanas-2024\/","title":{"rendered":"Apresenta\u00e7\u00e3o p\u00fablica da 6\u00aa edi\u00e7\u00e3o do Festival do Arroz Carolino das Lez\u00edrias Ribatejanas 2024"},"content":{"rendered":"\t\t<div data-elementor-type=\"wp-post\" data-elementor-id=\"56368\" class=\"elementor elementor-56368\" data-elementor-post-type=\"post\">\n\t\t\t\t\t\t<section class=\"elementor-section elementor-top-section elementor-element elementor-element-cd354c4 elementor-section-boxed elementor-section-height-default elementor-section-height-default\" data-id=\"cd354c4\" data-element_type=\"section\" data-e-type=\"section\" data-settings=\"{&quot;tmea_shape_divider_top&quot;:&quot;none&quot;,&quot;tmea_shape_divider_bottom&quot;:&quot;none&quot;}\">\n\t\t\t\t\t\t<div class=\"elementor-container elementor-column-gap-default\">\n\t\t\t\t\t<div class=\"elementor-column elementor-col-100 elementor-top-column elementor-element elementor-element-c24d112\" data-id=\"c24d112\" data-element_type=\"column\" data-e-type=\"column\">\n\t\t\t<div class=\"elementor-widget-wrap elementor-element-populated\">\n\t\t\t\t\n\t\t<div class=\"elementor-element elementor-element-ff74f99 elementor-widget elementor-widget-text-editor\" data-id=\"ff74f99\" data-element_type=\"widget\" data-e-type=\"widget\" data-widget_type=\"text-editor.default\">\n\t\t\t\t<div class=\"elementor-widget-container\">\n\t\t\t\t\t\t\t\t\t<p>A noite ser\u00e1 animada com o cavalinho da SFUS, o cantor K\u00e1ssio e as bailarinas da escola de Dan\u00e7a Vanessa Silva, entre outros contributos e surpresas. N\u00e3o ir\u00e1 faltar o delicioso arroz doce preparado pela Chef C\u00e9lia Pastor e sua equipa.<\/p>\t\t\t\t\t\t\t\t<\/div>\n\t\t\t\t<\/div>\n\t\t\t\t<div class=\"elementor-element elementor-element-d943ac0 elementor-widget elementor-widget-video\" data-id=\"d943ac0\" data-element_type=\"widget\" data-e-type=\"widget\" data-settings=\"{&quot;youtube_url&quot;:&quot;https:\\\/\\\/www.youtube.com\\\/watch?v=Ff5ErwGBwMU&quot;,&quot;video_type&quot;:&quot;youtube&quot;,&quot;controls&quot;:&quot;yes&quot;}\" data-widget_type=\"video.default\">\n\t\t\t\t<div class=\"elementor-widget-container\">\n\t\t\t\t\t\t\t<div class=\"elementor-wrapper elementor-open-inline\">\n\t\t\t<div class=\"elementor-video\"><\/div>\t\t<\/div>\n\t\t\t\t\t\t<\/div>\n\t\t\t\t<\/div>\n\t\t\t\t\t<\/div>\n\t\t<\/div>\n\t\t\t\t\t<\/div>\n\t\t<\/section>\n\t\t\t\t<\/div>\n\t\t","protected":false},"excerpt":{"rendered":"<p>A noite ser\u00e1 animada com o cavalinho da SFUS, o cantor K\u00e1ssio e as bailarinas da escola de Dan\u00e7a Vanessa Silva, entre outros contributos e surpresas. N\u00e3o ir\u00e1 faltar o delicioso arroz doce preparado pela Chef C\u00e9lia Pastor e sua equipa.<\/p>\n","protected":false},"author":3,"featured_media":56369,"comment_status":"closed","ping_status":"closed","sticky":false,"template":"","format":"standard","meta":{"_vp_format_video_url":"","_vp_image_focal_point":[],"footnotes":""},"categories":[510,545,518],"tags":[846,2070,185,16,949,479,27,13],"class_list":["post-56368","post","type-post","status-publish","format-standard","has-post-thumbnail","hentry","category-evento","category-informacao","category-municipio","tag-apresentacao","tag-apresentacao-publica","tag-barrosa","tag-benavente","tag-festival-do-arroz-carolino","tag-municipio-de-benavente","tag-samora-correia","tag-santo-estevao"],"_links":{"self":[{"href":"https:\/\/www.cm-benavente.pt\/index.php\/wp-json\/wp\/v2\/posts\/56368","targetHints":{"allow":["GET"]}}],"collection":[{"href":"https:\/\/www.cm-benavente.pt\/index.php\/wp-json\/wp\/v2\/posts"}],"about":[{"href":"https:\/\/www.cm-benavente.pt\/index.php\/wp-json\/wp\/v2\/types\/post"}],"author":[{"embeddable":true,"href":"https:\/\/www.cm-benavente.pt\/index.php\/wp-json\/wp\/v2\/users\/3"}],"replies":[{"embeddable":true,"href":"https:\/\/www.cm-benavente.pt\/index.php\/wp-json\/wp\/v2\/comments?post=56368"}],"version-history":[{"count":4,"href":"https:\/\/www.cm-benavente.pt\/index.php\/wp-json\/wp\/v2\/posts\/56368\/revisions"}],"predecessor-version":[{"id":56373,"href":"https:\/\/www.cm-benavente.pt\/index.php\/wp-json\/wp\/v2\/posts\/56368\/revisions\/56373"}],"wp:featuredmedia":[{"embeddable":true,"href":"https:\/\/www.cm-benavente.pt\/index.php\/wp-json\/wp\/v2\/media\/56369"}],"wp:attachment":[{"href":"https:\/\/www.cm-benavente.pt\/index.php\/wp-json\/wp\/v2\/media?parent=56368"}],"wp:term":[{"taxonomy":"category","embeddable":true,"href":"https:\/\/www.cm-benavente.pt\/index.php\/wp-json\/wp\/v2\/categories?post=56368"},{"taxonomy":"post_tag","embeddable":true,"href":"https:\/\/www.cm-benavente.pt\/index.php\/wp-json\/wp\/v2\/tags?post=56368"}],"curies":[{"name":"wp","href":"https:\/\/api.w.org\/{rel}","templated":true}]}}