{"id":49825,"date":"2023-10-20T10:56:49","date_gmt":"2023-10-20T10:56:49","guid":{"rendered":"https:\/\/www.cm-benavente.pt\/?p=49825"},"modified":"2023-10-20T16:28:47","modified_gmt":"2023-10-20T16:28:47","slug":"abertura-de-discussao-publica-delimitacao-de-varias-unidades-de-execucao","status":"publish","type":"post","link":"https:\/\/www.cm-benavente.pt\/index.php\/2023\/10\/20\/abertura-de-discussao-publica-delimitacao-de-varias-unidades-de-execucao\/","title":{"rendered":"Abertura de Discuss\u00e3o P\u00fablica &#8211; Delimita\u00e7\u00e3o de v\u00e1rias Unidades de Execu\u00e7\u00e3o"},"content":{"rendered":"\t\t<div data-elementor-type=\"wp-post\" data-elementor-id=\"49825\" class=\"elementor elementor-49825\" data-elementor-post-type=\"post\">\n\t\t\t\t\t\t<section class=\"elementor-section elementor-top-section elementor-element elementor-element-0ff8a21 elementor-section-boxed elementor-section-height-default elementor-section-height-default\" data-id=\"0ff8a21\" data-element_type=\"section\" data-e-type=\"section\" data-settings=\"{&quot;tmea_shape_divider_top&quot;:&quot;none&quot;,&quot;tmea_shape_divider_bottom&quot;:&quot;none&quot;}\">\n\t\t\t\t\t\t<div class=\"elementor-container elementor-column-gap-default\">\n\t\t\t\t\t<div class=\"elementor-column elementor-col-100 elementor-top-column elementor-element elementor-element-386fdb7\" data-id=\"386fdb7\" data-element_type=\"column\" data-e-type=\"column\">\n\t\t\t<div class=\"elementor-widget-wrap elementor-element-populated\">\n\t\t\t\t\n\t\t<div class=\"elementor-element elementor-element-83465c1 elementor-widget elementor-widget-text-editor\" data-id=\"83465c1\" data-element_type=\"widget\" data-e-type=\"widget\" data-widget_type=\"text-editor.default\">\n\t\t\t\t<div class=\"elementor-widget-container\">\n\t\t\t\t\t\t\t\t\t<p><strong>Delimita\u00e7\u00e3o de v\u00e1rias Unidades de Execu\u00e7\u00e3o nas Unidade Operativas de Planeamento e Gest\u00e3o 2, 3, 4 e 5\u2014 freguesia de Benavente\u00a0<\/strong><\/p><p><strong>\u00a0\u00a0\u00a0\u00a0 :: ABERTURA DO PER\u00cdODO DE DISCUSS\u00c3O P\u00daBLICA\u00a0<\/strong><\/p><p>A C\u00e2mara Municipal de Benavente, torna p\u00fablico que, nos termos do disposto no artigo 76.\u00ba do Regime Jur\u00eddico dos Instrumentos de Gest\u00e3o Territorial (RJIGT), aprovado pelo Decreto-Lei n.\u00ba 80\/2015, de 14 de maio, na sua reda\u00e7\u00e3o atual, foi deliberado na reuni\u00e3o ordin\u00e1ria p\u00fablica realizada a 16 de outubro de 2023, por maioria, aprovar as propostas de delimita\u00e7\u00e3o das Unidades de Execu\u00e7\u00e3o (UE), por iniciativa dos propriet\u00e1rios dos pr\u00e9dios, integradas nas Unidades Operativas de Planeamento e Gest\u00e3o (UOPG) que de seguida se enunciam:<\/p><p>UOPG 2 \u2013 Polo I &#8211; Benavente<\/p><p>UE 2 &#8211; Delimita\u00e7\u00e3o de uma unidade de execu\u00e7\u00e3o \u2013 Quinta de S. Vicente \u2013 Benavente;<\/p><p>UE 3 \u2013 Delimita\u00e7\u00e3o de uma unidade de execu\u00e7\u00e3o \u2013 Arneiros da Sa\u00fade \u2013 Benavente.<\/p><p>UOPG 3 \u2013 Polo II \u2013 Benavente<\/p><p>UE 1 \u2013 Delimita\u00e7\u00e3o de uma unidade de execu\u00e7\u00e3o \u2013 Quinta da Foz \u2013 Benavente.<\/p><p>UOPG 4 \u2013 Polo III \u2013 freguesia de Benavente<\/p><p>UE 1 \u2013 Delimita\u00e7\u00e3o de uma unidade de execu\u00e7\u00e3o \u2013 Carrascal \u2013 freguesia de Benavente;<\/p><p>UE 2 \u2013 Delimita\u00e7\u00e3o de uma unidade de execu\u00e7\u00e3o \u2013 Carrascal e Foros \u2013 freguesia de Benavente;<\/p><p>UE 3 \u2013 Delimita\u00e7\u00e3o de uma unidade de execu\u00e7\u00e3o \u2013 Vale de Gaio \u2013 \u00a0freguesia de Benavente.<\/p><p>UOPG 5 \u2013 Polo IV \u2013 Coutada velha, freguesia de Benavente<\/p><p>UE 2 \u2013 Delimita\u00e7\u00e3o de uma unidade de execu\u00e7\u00e3o \u2013 Herdade da Sesmaria Velha \u2013 Coutada Velha;<\/p><p>UE 3 &#8211; Delimita\u00e7\u00e3o de uma unidade de execu\u00e7\u00e3o \u2013 Coutada Velha \u2013 freguesia de Benavente;<\/p><p>UE 4 &#8211;\u00a0 Delimita\u00e7\u00e3o de uma unidade de execu\u00e7\u00e3o \u2013 Sesmarias do Raposo \u2013 Coutada velha \u2013 freguesia de Benavente.<\/p><p>Nos termos do n.\u00ba 4 do artigo 148.\u00ba e do n.\u00ba 2 do artigo 89.\u00ba, ambos do referido diploma legal \u00e9 estabelecido um prazo de 20 (vinte) dias, para o per\u00edodo de discuss\u00e3o p\u00fablica, a iniciar cinco dias ap\u00f3s a publica\u00e7\u00e3o do aviso na 2.\u00aa s\u00e9rie do Di\u00e1rio da Rep\u00fablica (de 27 de outubro a 24 de novembro de 2023).<\/p><p>As propostas, as plantas cadastrais dos limites f\u00edsicos da \u00e1reas a sujeitar as interven\u00e7\u00f5es urban\u00edsticas e outra documenta\u00e7\u00e3o considerada relevante, estar\u00e3o dispon\u00edveis para consulta na p\u00e1gina da Internet (<a href=\"http:\/\/www.cm-benavente.pt\/\">http:\/\/www.cm-benavente.pt<\/a>) ou na Divis\u00e3o Municipal de Obras Particulares, Planeamento Urban\u00edstico, Desenvolvimento e Ambiente (DMOPPUDA), durante as horas normais de expediente, em que qualquer sugest\u00e3o, informa\u00e7\u00e3o ou observa\u00e7\u00e3o dever\u00e1 ser apresentada por escrito at\u00e9 ao termo do referido per\u00edodo, dirigidas ao Presidente da C\u00e2mara Municipal de Benavente, atrav\u00e9s dos seguintes meios:<\/p><p>* endere\u00e7o de correio eletr\u00f3nico:\u00a0<a href=\"mailto:obras.particulares@cm-benavente.pt\">obras.particulares@cm-benavente.pt<\/a><\/p><p>* presencialmente no atendimento da Divis\u00e3o Municipal de Obras Particulares e Planeamento Urban\u00edstico e Desenvolvimento e Ambiente, Pra\u00e7a da Rep\u00fablica, 2130-037 Benavente.<\/p><p>Preencha a\u00a0<a class=\"doclink\" href=\"https:\/\/www.cm-benavente.pt\/wp-content\/uploads\/2023\/10\/Ficha_de_participacao_discussao_publica_UE-2.docx\">Ficha de participa\u00e7\u00e3o discuss\u00e3o p\u00fablica<\/a><\/p><p><a class=\"doclink\" href=\"https:\/\/www.cm-benavente.pt\/wp-content\/uploads\/2023\/10\/AVISO-N-20085B_2023_19OUT.pdf\">Aviso N.\u00ba 20085-B\/2023 &#8211; Abertura do per\u00edodo de discuss\u00e3o p\u00fablica<\/a><\/p><p>UOPG 2 \u2013 Polo I &#8211; Benavente<\/p><p>UE 2 \u2013 Quinta de S. Vicente \u2013 Benavente\u00a0 \u00a0 \u00a0\u00a0<\/p><p style=\"padding-left: 40px;\"><a class=\"doclink\" href=\"https:\/\/www.cm-benavente.pt\/wp-content\/uploads\/2023\/10\/UOPG-2-UE-2-Termos-de-Referencia.pdf\">UOPG 2 UE 2 &#8211; Termos de Refer\u00eancia<\/a><\/p><p style=\"padding-left: 40px;\"><a class=\"doclink\" href=\"https:\/\/www.cm-benavente.pt\/wp-content\/uploads\/2023\/10\/UOPG-2-UE-2-Planta-cadastral-dos-limites-fisicos-da-area-assujeitar-a-intervencao-urbanistica.pdf\">UOPG 2 UE 2 &#8211; Planta cadastral dos limites f\u00edsicos da \u00e1rea assujeitar a interven\u00e7\u00e3o urban\u00edstica<\/a><\/p><p>UE 3 \u2013 Arneiros da Sa\u00fade \u2013 Benavente.<\/p><p style=\"padding-left: 40px;\"><a class=\"doclink\" href=\"https:\/\/www.cm-benavente.pt\/wp-content\/uploads\/2023\/10\/UOPG-2-UE-3-Termos-de-Referencia.pdf\">UOPG 2 UE 3 &#8211; Termos de Refer\u00eancia<\/a><\/p><p style=\"padding-left: 40px;\"><a class=\"doclink\" href=\"https:\/\/www.cm-benavente.pt\/wp-content\/uploads\/2023\/10\/UOPG-2-UE-3-Planta-cadastral-dos-limites-fisicos-da-area-assujeitar-a-intervencao-urbanistica.pdf\">UOPG 2 UE 3 &#8211; Planta cadastral dos limites f\u00edsicos da \u00e1rea assujeitar a interven\u00e7\u00e3o urban\u00edstica<\/a><\/p><p>UOPG 3 \u2013 Polo II \u2013 Benavente<\/p><p>UE 1 \u2013 Quinta da Foz \u2013 Benavente.<\/p><p style=\"padding-left: 40px;\"><a class=\"doclink\" href=\"https:\/\/www.cm-benavente.pt\/wp-content\/uploads\/2023\/10\/UOPG-3-UE-1-Termos-de-Referencia.pdf\">UOPG 3 UE 1 &#8211; Termos de Refer\u00eancia<\/a><\/p><p style=\"padding-left: 40px;\"><a class=\"doclink\" href=\"https:\/\/www.cm-benavente.pt\/wp-content\/uploads\/2023\/10\/UOPG-3-UE-1-Planta-cadastral-dos-limites-fisicos-da-area-assujeitar-a-intervencao-urbanistica.pdf\">UOPG 3 UE 1 &#8211; Planta cadastral dos limites f\u00edsicos da \u00e1rea assujeitar a interven\u00e7\u00e3o urban\u00edstica<\/a><\/p><p style=\"padding-left: 40px;\"><a class=\"doclink\" href=\"https:\/\/www.cm-benavente.pt\/wp-content\/uploads\/2023\/10\/UOPG-3-UE-1-Planta-Sintese.pdf\">UOPG 3 UE 1 &#8211; Planta S\u00edntese<\/a><\/p><p>UOPG 4 \u2013 Polo III \u2013 freguesia de Benavente<\/p><p>UE 1 \u2013 Carrascal \u2013 freguesia de Benavente;<\/p><p style=\"padding-left: 40px;\"><a class=\"doclink\" href=\"https:\/\/www.cm-benavente.pt\/wp-content\/uploads\/2023\/10\/UOPG-4-UE-1-Termos-de-Referencia.pdf\">UOPG 4 UE 1 &#8211; Termos de Refer\u00eancia<\/a><\/p><p style=\"padding-left: 40px;\"><a class=\"doclink\" href=\"https:\/\/www.cm-benavente.pt\/wp-content\/uploads\/2023\/10\/UOPG-4-UE-1-Planta-cadastral-dos-limites-fisicos-da-area-assujeitar-a-intervencao-urbanistica.pdf\">UOPG 4 UE 1 &#8211; Planta cadastral dos limites f\u00edsicos da \u00e1rea assujeitar a interven\u00e7\u00e3o urban\u00edstica<\/a><\/p><p>UE 2 \u2013 Carrascal e Foros \u2013 freguesia de Benavente;<\/p><p style=\"padding-left: 40px;\"><a class=\"doclink\" href=\"https:\/\/www.cm-benavente.pt\/wp-content\/uploads\/2023\/10\/UOPG-4-UE-2-Termos-de-Referencia.pdf\">UOPG 4 UE 2 &#8211; Termos de Refer\u00eancia<\/a><\/p><p style=\"padding-left: 40px;\"><a class=\"doclink\" href=\"https:\/\/www.cm-benavente.pt\/wp-content\/uploads\/2023\/10\/UOPG-4-UE-2-Planta-cadastral-dos-limites-fisicos-da-area-assujeitar-a-intervencao-urbanistica.pdf\">UOPG 4 UE 2 &#8211; Planta cadastral dos limites f\u00edsicos da \u00e1rea assujeitar a interven\u00e7\u00e3o urban\u00edstica<\/a><\/p><p>UE 3 \u2013 Vale de Gaio- freguesia de Benavente.<\/p><p style=\"padding-left: 40px;\"><a class=\"doclink\" href=\"https:\/\/www.cm-benavente.pt\/wp-content\/uploads\/2023\/10\/UOPG-4-UE-3-Termos-de-Referencia.pdf\">UOPG 4 UE 3 &#8211; Termos de Refer\u00eancia<\/a><\/p><p style=\"padding-left: 40px;\"><a class=\"doclink\" href=\"https:\/\/www.cm-benavente.pt\/wp-content\/uploads\/2023\/10\/UOPG-4-UE-3-Planta-cadastral-dos-limites-fisicos-da-area-assujeitar-a-intervencao-urbanistica.pdf\">UOPG 4 UE 3 &#8211; Planta cadastral dos limites f\u00edsicos da \u00e1rea assujeitar a interven\u00e7\u00e3o urban\u00edstica<\/a><\/p><p>UOPG 5 \u2013 Polo IV \u2013 Coutada velha, freguesia de Benavente<\/p><p>UE 2 \u2013 Herdade da Sesmaria Velha \u2013 Coutada Velha;<\/p><p style=\"padding-left: 40px;\"><a class=\"doclink\" href=\"https:\/\/www.cm-benavente.pt\/wp-content\/uploads\/2023\/10\/UOPG-5-UE-2-Termos-de-Referencia.pdf\">UOPG 5 UE 2 &#8211; Termos de Refer\u00eancia<\/a><\/p><p style=\"padding-left: 40px;\"><a class=\"doclink\" href=\"https:\/\/www.cm-benavente.pt\/wp-content\/uploads\/2023\/10\/UOPG-5-UE-2-Planta-cadastral-dos-limites-fisicos-da-area-assujeitar-a-intervencao-urbanistica.pdf\">UOPG 5 UE 2 &#8211; Planta cadastral dos limites f\u00edsicos da \u00e1rea assujeitar a interven\u00e7\u00e3o urban\u00edstica<\/a><\/p><p>UE 3 \u2013 Coutada Velha \u2013 freguesia de Benavente;<\/p><p style=\"padding-left: 40px;\"><a class=\"doclink\" href=\"https:\/\/www.cm-benavente.pt\/wp-content\/uploads\/2023\/10\/UOPG-5-UE-3-Termos-de-Referencia.pdf\">UOPG 5 UE 3 &#8211; Termos de Refer\u00eancia<\/a><\/p><p style=\"padding-left: 40px;\"><a class=\"doclink\" href=\"https:\/\/www.cm-benavente.pt\/wp-content\/uploads\/2023\/10\/UOPG-5-UE-3-Planta-cadastral-dos-limites-fisicos-da-area-assujeitar-a-intervencao-urbanistica.pdf\">UOPG 5 UE 3 &#8211; Planta cadastral dos limites f\u00edsicos da \u00e1rea assujeitar a interven\u00e7\u00e3o urban\u00edstica<\/a><\/p><p>UE 4 \u2013 Sesmarias do Raposo \u2013 Coutada velha \u2013 freguesia de Benavente.<\/p><p style=\"padding-left: 40px;\"><a class=\"doclink\" href=\"https:\/\/www.cm-benavente.pt\/wp-content\/uploads\/2023\/10\/UOPG-5-UE-4-Termos-de-Referencia.pdf\">UOPG 5 UE 4 &#8211; Termos de Refer\u00eancia<\/a><\/p><p style=\"padding-left: 40px;\"><a class=\"doclink\" href=\"https:\/\/www.cm-benavente.pt\/wp-content\/uploads\/2023\/10\/UOPG-5-UE-4-Planta-cadastral-dos-limites-fisicos-da-area-assujeitar-a-intervencao-urbanistica.pdf\">UOPG 5 UE 4 &#8211; Planta cadastral dos limites f\u00edsicos da \u00e1rea assujeitar a interven\u00e7\u00e3o urban\u00edstica<\/a><\/p>\t\t\t\t\t\t\t\t<\/div>\n\t\t\t\t<\/div>\n\t\t\t\t\t<\/div>\n\t\t<\/div>\n\t\t\t\t\t<\/div>\n\t\t<\/section>\n\t\t\t\t<\/div>\n\t\t","protected":false},"excerpt":{"rendered":"<p>Delimita\u00e7\u00e3o de v\u00e1rias Unidades de Execu\u00e7\u00e3o nas Unidade Operativas de Planeamento e Gest\u00e3o 2, 3, 4 e 5\u2014 freguesia de Benavente <\/p>\n<p>     :: ABERTURA DO PER\u00cdODO DE DISCUSS\u00c3O P\u00daBLICA <\/p>\n<p>A C\u00e2mara Municipal de Benavente, torna p\u00fablico que, nos termos do disposto no artigo 76.\u00ba do Regime Jur\u00eddico dos Instrumentos de Gest\u00e3o Territorial (RJIGT), aprovado pelo Decreto-Lei n.\u00ba 80\/2015, de 14 de maio, na sua reda\u00e7\u00e3o atual, foi deliberado na reuni\u00e3o ordin\u00e1ria p\u00fablica realizada a 16 de outubro de 2023, por maioria, aprovar as propostas de delimita\u00e7\u00e3o das Unidades de Execu\u00e7\u00e3o (UE), por iniciativa dos propriet\u00e1rios dos pr\u00e9dios, integradas nas Unidades Operativas de Planeamento e Gest\u00e3o (UOPG) que de seguida se enunciam:<\/p>\n","protected":false},"author":3,"featured_media":49826,"comment_status":"closed","ping_status":"closed","sticky":false,"template":"","format":"standard","meta":{"_vp_format_video_url":"","_vp_image_focal_point":[],"footnotes":""},"categories":[518,545],"tags":[16,1682,1683,1684,1681],"class_list":["post-49825","post","type-post","status-publish","format-standard","has-post-thumbnail","hentry","category-municipio","category-informacao","tag-benavente","tag-delimitacao","tag-unidades-de-execucao","tag-unidades-operativas-de-planeamento-e-execucao","tag-urbanizacao"],"_links":{"self":[{"href":"https:\/\/www.cm-benavente.pt\/index.php\/wp-json\/wp\/v2\/posts\/49825","targetHints":{"allow":["GET"]}}],"collection":[{"href":"https:\/\/www.cm-benavente.pt\/index.php\/wp-json\/wp\/v2\/posts"}],"about":[{"href":"https:\/\/www.cm-benavente.pt\/index.php\/wp-json\/wp\/v2\/types\/post"}],"author":[{"embeddable":true,"href":"https:\/\/www.cm-benavente.pt\/index.php\/wp-json\/wp\/v2\/users\/3"}],"replies":[{"embeddable":true,"href":"https:\/\/www.cm-benavente.pt\/index.php\/wp-json\/wp\/v2\/comments?post=49825"}],"version-history":[{"count":7,"href":"https:\/\/www.cm-benavente.pt\/index.php\/wp-json\/wp\/v2\/posts\/49825\/revisions"}],"predecessor-version":[{"id":49853,"href":"https:\/\/www.cm-benavente.pt\/index.php\/wp-json\/wp\/v2\/posts\/49825\/revisions\/49853"}],"wp:featuredmedia":[{"embeddable":true,"href":"https:\/\/www.cm-benavente.pt\/index.php\/wp-json\/wp\/v2\/media\/49826"}],"wp:attachment":[{"href":"https:\/\/www.cm-benavente.pt\/index.php\/wp-json\/wp\/v2\/media?parent=49825"}],"wp:term":[{"taxonomy":"category","embeddable":true,"href":"https:\/\/www.cm-benavente.pt\/index.php\/wp-json\/wp\/v2\/categories?post=49825"},{"taxonomy":"post_tag","embeddable":true,"href":"https:\/\/www.cm-benavente.pt\/index.php\/wp-json\/wp\/v2\/tags?post=49825"}],"curies":[{"name":"wp","href":"https:\/\/api.w.org\/{rel}","templated":true}]}}