{"id":49242,"date":"2023-09-14T14:52:00","date_gmt":"2023-09-14T14:52:00","guid":{"rendered":"https:\/\/www.cm-benavente.pt\/?p=49242"},"modified":"2023-09-14T14:53:14","modified_gmt":"2023-09-14T14:53:14","slug":"um-bom-ano-letivo-para-o-pessoal-nao-docente-profissionais-fundamentais-nas-escolas","status":"publish","type":"post","link":"https:\/\/www.cm-benavente.pt\/index.php\/2023\/09\/14\/um-bom-ano-letivo-para-o-pessoal-nao-docente-profissionais-fundamentais-nas-escolas\/","title":{"rendered":"Um bom ano letivo para o pessoal n\u00e3o docente, profissionais fundamentais nas escolas"},"content":{"rendered":"\t\t<div data-elementor-type=\"wp-post\" data-elementor-id=\"49242\" class=\"elementor elementor-49242\" data-elementor-post-type=\"post\">\n\t\t\t\t\t\t<section class=\"elementor-section elementor-top-section elementor-element elementor-element-4ea13df elementor-section-boxed elementor-section-height-default elementor-section-height-default\" data-id=\"4ea13df\" data-element_type=\"section\" data-e-type=\"section\" data-settings=\"{&quot;tmea_shape_divider_top&quot;:&quot;none&quot;,&quot;tmea_shape_divider_bottom&quot;:&quot;none&quot;}\">\n\t\t\t\t\t\t<div class=\"elementor-container elementor-column-gap-default\">\n\t\t\t\t\t<div class=\"elementor-column elementor-col-100 elementor-top-column elementor-element elementor-element-a6518d8\" data-id=\"a6518d8\" data-element_type=\"column\" data-e-type=\"column\">\n\t\t\t<div class=\"elementor-widget-wrap elementor-element-populated\">\n\t\t\t\t\n\t\t<div class=\"elementor-element elementor-element-3c58f4e elementor-widget elementor-widget-text-editor\" data-id=\"3c58f4e\" data-element_type=\"widget\" data-e-type=\"widget\" data-widget_type=\"text-editor.default\">\n\t\t\t\t<div class=\"elementor-widget-container\">\n\t\t\t\t\t\t\t\t\t<p>S\u00e3o assistentes t\u00e9cnicos e operacionais que laboram nas escolas, profissionais que apoiam na gest\u00e3o e organiza\u00e7\u00e3o das escolas. Segundo o\u00a0<strong>Diretor do Agrupamento de Escolas de Benavente, M\u00e1rio Santos,<\/strong>\u00a0\u201cs\u00e3o aquele grupo de apoio, aquelas pessoas que mant\u00eam \u00a0e fazem as escolas funcionar, desde os assistentes t\u00e9cnicos que conseguem fazer tudo o que tem a ver com o pessoal, com os alunos e as contabilidades, at\u00e9 aos assistentes operacionais que tratam da limpeza e que fazem um contacto muito direto com os alunos e com os pais. Na realidade s\u00e3o o cart\u00e3o de visita de qualquer escola\u201d.<\/p><p>Tamb\u00e9m a\u00a0<b>Diretora do Agrupamento de Escolas de Samora Correia, Lu\u00edsa Carvalho,<\/b>\u00a0frisou que \u201cestas pessoas s\u00e3o a cara de um Agrupamento. S\u00e3o eles que recebem, num primeiro embate, aqueles que chegam \u00e0 escola bem dispostos, mas tamb\u00e9m os que t\u00eam uma abordagem agressiva. Muitas vezes, num contacto de proximidade com os alunos privilegiado, estes profissionais detetam alguns problemas ou comportamentos preocupantes que relatam \u00e0 Dire\u00e7\u00e3o, ajudando assim a uma interven\u00e7\u00e3o por vezes mais precoce e mais assertiva.<\/p><p>A\u00a0<strong>vereadora com o pelouro da educa\u00e7\u00e3o, Catarina Vale,<\/strong>\u00a0lembrou que, \u201cap\u00f3s o ano zero com a entrada do processo de descentraliza\u00e7\u00e3o de compet\u00eancias para as autarquias, vamos iniciar agora o ano 1, com a aprendizagem conseguida no ano transato\u201d. Sobre a import\u00e2ncia do pessoal n\u00e3o docente afirmou: \u201cTemos um conjunto de pessoas novas que entraram h\u00e1 um ano e outras que entraram h\u00e1 uma semana apenas e que vieram alargar e refor\u00e7ar o grupo e s\u00e3o, todos eles, pe\u00e7as fundamentais para esta grande equipa, que ainda ir\u00e1 crescer, tendo em conta a quantidade de novas turmas, tendo em conta o significativo aumento da nossa rede escolar\u201d.<\/p><p>O\u00a0<strong>Presidente da C\u00e2mara Municipal de Benavente, Carlos Coutinho<\/strong>, frisou que \u201cesta \u00e9 um \u00e1rea extremamente importante, quer na sa\u00fade quer na educa\u00e7\u00e3o. As pessoas que exercem estas fun\u00e7\u00f5es devem faz\u00ea-lo com sentimento , com proximidade e dedica\u00e7\u00e3o, porque \u00e9 uma fun\u00e7\u00e3o fundamental para a prepara\u00e7\u00e3o dos nossos jovens que s\u00e3o as Mulheres e os Homens de amanh\u00e3\u201d.<\/p><p>Oi\u00e7a todas as interven\u00e7\u00f5es proferidas na cerim\u00f3nia de rece\u00e7\u00e3o ao pessoal n\u00e3o docente:<\/p>\t\t\t\t\t\t\t\t<\/div>\n\t\t\t\t<\/div>\n\t\t\t\t<div class=\"elementor-element elementor-element-24bb702 elementor-widget elementor-widget-video\" data-id=\"24bb702\" data-element_type=\"widget\" data-e-type=\"widget\" data-settings=\"{&quot;youtube_url&quot;:&quot;https:\\\/\\\/www.youtube.com\\\/watch?v=DNB659SwkNA&quot;,&quot;video_type&quot;:&quot;youtube&quot;,&quot;controls&quot;:&quot;yes&quot;}\" data-widget_type=\"video.default\">\n\t\t\t\t<div class=\"elementor-widget-container\">\n\t\t\t\t\t\t\t<div class=\"elementor-wrapper elementor-open-inline\">\n\t\t\t<div class=\"elementor-video\"><\/div>\t\t<\/div>\n\t\t\t\t\t\t<\/div>\n\t\t\t\t<\/div>\n\t\t\t\t\t<\/div>\n\t\t<\/div>\n\t\t\t\t\t<\/div>\n\t\t<\/section>\n\t\t\t\t<\/div>\n\t\t","protected":false},"excerpt":{"rendered":"<p>S\u00e3o assistentes t\u00e9cnicos e operacionais que laboram nas escolas, profissionais que apoiam na gest\u00e3o e organiza\u00e7\u00e3o das escolas. Segundo o Diretor do Agrupamento de Escolas de Benavente, M\u00e1rio Santos, \u201cs\u00e3o aquele grupo de apoio, aquelas pessoas que mant\u00eam  e fazem as escolas funcionar, desde os assistentes t\u00e9cnicos que conseguem fazer tudo o que tem a ver com o pessoal, com os alunos e as contabilidades, at\u00e9 aos assistentes operacionais que tratam da limpeza e que fazem um contacto muito direto com os alunos e com os pais. Na realidade s\u00e3o o cart\u00e3o de visita de qualquer escola\u201d.<\/p>\n","protected":false},"author":3,"featured_media":49244,"comment_status":"closed","ping_status":"closed","sticky":false,"template":"","format":"standard","meta":{"_vp_format_video_url":"","_vp_image_focal_point":[],"footnotes":""},"categories":[554,518],"tags":[1638,185,16,70,296,479,1637,1636,27,13],"class_list":["post-49242","post","type-post","status-publish","format-standard","has-post-thumbnail","hentry","category-educacao","category-municipio","tag-auxiliares","tag-barrosa","tag-benavente","tag-educacao","tag-escolas","tag-municipio-de-benavente","tag-nao-docentes","tag-rececao","tag-samora-correia","tag-santo-estevao"],"_links":{"self":[{"href":"https:\/\/www.cm-benavente.pt\/index.php\/wp-json\/wp\/v2\/posts\/49242","targetHints":{"allow":["GET"]}}],"collection":[{"href":"https:\/\/www.cm-benavente.pt\/index.php\/wp-json\/wp\/v2\/posts"}],"about":[{"href":"https:\/\/www.cm-benavente.pt\/index.php\/wp-json\/wp\/v2\/types\/post"}],"author":[{"embeddable":true,"href":"https:\/\/www.cm-benavente.pt\/index.php\/wp-json\/wp\/v2\/users\/3"}],"replies":[{"embeddable":true,"href":"https:\/\/www.cm-benavente.pt\/index.php\/wp-json\/wp\/v2\/comments?post=49242"}],"version-history":[{"count":4,"href":"https:\/\/www.cm-benavente.pt\/index.php\/wp-json\/wp\/v2\/posts\/49242\/revisions"}],"predecessor-version":[{"id":49248,"href":"https:\/\/www.cm-benavente.pt\/index.php\/wp-json\/wp\/v2\/posts\/49242\/revisions\/49248"}],"wp:featuredmedia":[{"embeddable":true,"href":"https:\/\/www.cm-benavente.pt\/index.php\/wp-json\/wp\/v2\/media\/49244"}],"wp:attachment":[{"href":"https:\/\/www.cm-benavente.pt\/index.php\/wp-json\/wp\/v2\/media?parent=49242"}],"wp:term":[{"taxonomy":"category","embeddable":true,"href":"https:\/\/www.cm-benavente.pt\/index.php\/wp-json\/wp\/v2\/categories?post=49242"},{"taxonomy":"post_tag","embeddable":true,"href":"https:\/\/www.cm-benavente.pt\/index.php\/wp-json\/wp\/v2\/tags?post=49242"}],"curies":[{"name":"wp","href":"https:\/\/api.w.org\/{rel}","templated":true}]}}