{"id":49235,"date":"2023-09-14T11:02:56","date_gmt":"2023-09-14T11:02:56","guid":{"rendered":"https:\/\/www.cm-benavente.pt\/?p=49235"},"modified":"2023-09-14T11:04:13","modified_gmt":"2023-09-14T11:04:13","slug":"iv-jornadas-pedagogicas-do-municipio-de-benavente-rececao-aos-professores-balanco","status":"publish","type":"post","link":"https:\/\/www.cm-benavente.pt\/index.php\/2023\/09\/14\/iv-jornadas-pedagogicas-do-municipio-de-benavente-rececao-aos-professores-balanco\/","title":{"rendered":"IV Jornadas Pedag\u00f3gicas do Munic\u00edpio de Benavente \u2013 Rece\u00e7\u00e3o aos Professores &#8211; Balan\u00e7o"},"content":{"rendered":"\t\t<div data-elementor-type=\"wp-post\" data-elementor-id=\"49235\" class=\"elementor elementor-49235\" data-elementor-post-type=\"post\">\n\t\t\t\t\n\t\t<section class=\"elementor-section elementor-top-section elementor-element elementor-element-5965eba elementor-section-boxed elementor-section-height-default elementor-section-height-default\" data-id=\"5965eba\" data-element_type=\"section\" data-e-type=\"section\" data-settings=\"{&quot;tmea_shape_divider_top&quot;:&quot;none&quot;,&quot;tmea_shape_divider_bottom&quot;:&quot;none&quot;}\">\n\t\t\t\t\t\t<div class=\"elementor-container elementor-column-gap-default\">\n\t\t\t\t\t<div class=\"elementor-column elementor-col-100 elementor-top-column elementor-element elementor-element-f5150d9\" data-id=\"f5150d9\" data-element_type=\"column\" data-e-type=\"column\">\n\t\t\t<div class=\"elementor-widget-wrap elementor-element-populated\">\n\t\t\t\t\n\t\t<div class=\"elementor-element elementor-element-8d9bd68 elementor-widget elementor-widget-text-editor\" data-id=\"8d9bd68\" data-element_type=\"widget\" data-e-type=\"widget\" data-widget_type=\"text-editor.default\">\n\t\t\t\t<div class=\"elementor-widget-container\">\n\t\t\t\t\t\t\t\t\t<p>Conclu\u00eddas as IV Jornadas Pedag\u00f3gicas do Munic\u00edpio de Benavente \u2013 Rece\u00e7\u00e3o aos Professores, fica um sincero agradecimento a todos os que estiveram envolvidos nesta realiza\u00e7\u00e3o: professores, autarcas, pais, restante comunidade educativa, personalidades e entidades convidadas, funcion\u00e1rios da autarquia e dinamizadores das Oficinas Tem\u00e1ticas.<\/p><p>Ser professor a escola e a comunidade, um territ\u00f3rio educativo\u201d foi o tema das Jornadas, ficando igualmente um agradecimento pelos contributos dados pelos intervenientes: Presidente da C\u00e2mara Municipal de Benavente, Carlos Coutinho; Diretores dos Agrupamentos de Escolas de Benavente e de Samora Correia, M\u00e1rio Santos e Lu\u00edsa Carvalho, respetivamente; Diretora do Centro Educatis, Maria Jo\u00e3o Pantale\u00e3o; Delegado Regional de Educa\u00e7\u00e3o de Lisboa e Vale do Tejo, Pedro Flor\u00eancio; Ana Patr\u00edcia Almeida (Doutorada em Educa\u00e7\u00e3o\/Professora Auxiliar na Universidade Aberta) comunicou: \u201cA Escola e os Professores numa cidade que educa e transforma\u201d; Elvira Ferreira Trist\u00e3o (Doutorada em Educa\u00e7\u00e3o na \u00e1rea da educa\u00e7\u00e3o e pol\u00edtica educacional) que comunicou: \u201cCinco raz\u00f5es de ser Professor\u201d. Bom ano escolar a todos.<\/p><p><strong>Frases das Jornadas<\/strong><\/p><p>Segundo o\u00a0<strong>Diretor do Agrupamento de Escolas de Benavente, M\u00e1rio Santos<\/strong>: \u00a0\u201ceste munic\u00edpio tem recebido cada vez mais popula\u00e7\u00e3o migrante, de culturas diferentes, formas de estar diferentes e as escolas t\u00eam tido a capacidade de receber e integrar, mas este \u00e9 sempre um desafio que s\u00f3 \u00e9 poss\u00edvel resultar bem se trabalharmos em rede.<\/p><p><strong>A Diretora do Agrupamento de escolas de Samora Correia, Luisa Carvalho<\/strong>, frisou a import\u00e2ncia de nunca esquecer que \u201ctodo o trabalho com as crian\u00e7as e adolescentes tem um impacto positivo ou negativo nas suas vidas futuras\u201d.<\/p><p><strong>A Diretora do Educatis, Maria Jo\u00e3o Pantale\u00e3o<\/strong>, na sua interven\u00e7\u00e3o, valorizou o momento de acolhimento, de partilha e de confraterniza\u00e7\u00e3o destas Jornadas: \u201c queremos construir uma escola que quer relevar os seus ambientes educativos e sair dos seus pr\u00f3prios muros\u201d.<\/p><p><strong>O Diretor Regional de Educa\u00e7\u00e3o de LVT, Pedro Flor\u00eancio<\/strong>, disse que \u201ca educa\u00e7\u00e3o faz-se dentro e fora das 4 portas das salas de aulas\u201d.<\/p><p>Para o\u00a0<strong>Presidente da C\u00e2mara Municipal de Benavente, Carlos Coutinho<\/strong>, \u201ca escola tem que ter o seu desenvolvimento assente na comunidade educativa\u201d. Deu as boas vindas aos professores que v\u00e3o dar continuidade ao trabalho j\u00e1 desenvolvido, bem como \u00a0aos que est\u00e3o no nosso territ\u00f3rio pela primeira vez.<\/p><p><strong>O desafio deixado por Cristina Gon\u00e7alves, Chefe de Divis\u00e3o da Educa\u00e7\u00e3o na C\u00e2mara Municipal de Benavente: \u201c<\/strong>Quem sabe no futuro, em conjunto, porque estamos inseridos neste territ\u00f3rio, possamos construir um projeto educativo de territ\u00f3rio\u201d.<\/p><p><strong>As convidadas a intervirem nestas jornadas:<\/strong><\/p><p><strong>Ana Patricia de Almeida<\/strong>\u00a0(Universidade Aberta), informou que Portugal \u00e9 o pa\u00eds com mais cidades educadoras, j\u00e1 que acontece em praticamente todo o pais.<\/p><p><strong>Elvira Trist\u00e3o<\/strong>\u00a0frisou, com in\u00fameros adjetivos, as muitas caracter\u00edsticas dos professores: \u201cativistas, brilhantes, conhecedores, emp\u00e1ticos, humanistas, l\u00edderes, maestros de aprendizagens (\u2026)\u201d.<\/p><p><strong>Fica aqui dispon\u00edvel toda a sess\u00e3o das IV Jornadas Pedag\u00f3gicas 2023\/2024<\/strong><\/p>\t\t\t\t\t\t\t\t<\/div>\n\t\t\t\t<\/div>\n\t\t\t\t<div class=\"elementor-element elementor-element-320719a elementor-widget elementor-widget-video\" data-id=\"320719a\" data-element_type=\"widget\" data-e-type=\"widget\" data-settings=\"{&quot;youtube_url&quot;:&quot;https:\\\/\\\/www.youtube.com\\\/watch?v=xqUg_q3SajA&quot;,&quot;video_type&quot;:&quot;youtube&quot;,&quot;controls&quot;:&quot;yes&quot;}\" data-widget_type=\"video.default\">\n\t\t\t\t<div class=\"elementor-widget-container\">\n\t\t\t\t\t\t\t<div class=\"elementor-wrapper elementor-open-inline\">\n\t\t\t<div class=\"elementor-video\"><\/div>\t\t<\/div>\n\t\t\t\t\t\t<\/div>\n\t\t\t\t<\/div>\n\t\t\t\t\t<\/div>\n\t\t<\/div>\n\t\t\t\t\t<\/div>\n\t\t<\/section>\n\t\t\t\t<\/div>\n\t\t","protected":false},"excerpt":{"rendered":"<p>Conclu\u00eddas as IV Jornadas Pedag\u00f3gicas do Munic\u00edpio de Benavente \u2013 Rece\u00e7\u00e3o aos Professores, fica um sincero agradecimento a todos os que estiveram envolvidos nesta realiza\u00e7\u00e3o: professores, autarcas, pais, restante comunidade educativa, personalidades e entidades convidadas, funcion\u00e1rios da autarquia e dinamizadores das Oficinas Tem\u00e1ticas.<\/p>\n","protected":false},"author":3,"featured_media":49237,"comment_status":"closed","ping_status":"closed","sticky":false,"template":"","format":"standard","meta":{"_vp_format_video_url":"","_vp_image_focal_point":[],"footnotes":""},"categories":[554,518],"tags":[185,16,70,479,1621,1636,27,13],"class_list":["post-49235","post","type-post","status-publish","format-standard","has-post-thumbnail","hentry","category-educacao","category-municipio","tag-barrosa","tag-benavente","tag-educacao","tag-municipio-de-benavente","tag-professores","tag-rececao","tag-samora-correia","tag-santo-estevao"],"_links":{"self":[{"href":"https:\/\/www.cm-benavente.pt\/index.php\/wp-json\/wp\/v2\/posts\/49235","targetHints":{"allow":["GET"]}}],"collection":[{"href":"https:\/\/www.cm-benavente.pt\/index.php\/wp-json\/wp\/v2\/posts"}],"about":[{"href":"https:\/\/www.cm-benavente.pt\/index.php\/wp-json\/wp\/v2\/types\/post"}],"author":[{"embeddable":true,"href":"https:\/\/www.cm-benavente.pt\/index.php\/wp-json\/wp\/v2\/users\/3"}],"replies":[{"embeddable":true,"href":"https:\/\/www.cm-benavente.pt\/index.php\/wp-json\/wp\/v2\/comments?post=49235"}],"version-history":[{"count":4,"href":"https:\/\/www.cm-benavente.pt\/index.php\/wp-json\/wp\/v2\/posts\/49235\/revisions"}],"predecessor-version":[{"id":49241,"href":"https:\/\/www.cm-benavente.pt\/index.php\/wp-json\/wp\/v2\/posts\/49235\/revisions\/49241"}],"wp:featuredmedia":[{"embeddable":true,"href":"https:\/\/www.cm-benavente.pt\/index.php\/wp-json\/wp\/v2\/media\/49237"}],"wp:attachment":[{"href":"https:\/\/www.cm-benavente.pt\/index.php\/wp-json\/wp\/v2\/media?parent=49235"}],"wp:term":[{"taxonomy":"category","embeddable":true,"href":"https:\/\/www.cm-benavente.pt\/index.php\/wp-json\/wp\/v2\/categories?post=49235"},{"taxonomy":"post_tag","embeddable":true,"href":"https:\/\/www.cm-benavente.pt\/index.php\/wp-json\/wp\/v2\/tags?post=49235"}],"curies":[{"name":"wp","href":"https:\/\/api.w.org\/{rel}","templated":true}]}}