{"id":47638,"date":"2023-06-23T09:14:54","date_gmt":"2023-06-23T09:14:54","guid":{"rendered":"https:\/\/www.cm-benavente.pt\/?p=47638"},"modified":"2023-06-23T09:16:24","modified_gmt":"2023-06-23T09:16:24","slug":"candidatura-do-campino-a-patrimonio-cultural-imaterial-da-humanidade-unesco-reuniao-preparatoria","status":"publish","type":"post","link":"https:\/\/www.cm-benavente.pt\/index.php\/2023\/06\/23\/candidatura-do-campino-a-patrimonio-cultural-imaterial-da-humanidade-unesco-reuniao-preparatoria\/","title":{"rendered":"Candidatura do Campino a Patrim\u00f3nio Cultural Imaterial da Humanidade (UNESCO) &#8211; Reuni\u00e3o Preparat\u00f3ria"},"content":{"rendered":"\t\t<div data-elementor-type=\"wp-post\" data-elementor-id=\"47638\" class=\"elementor elementor-47638\" data-elementor-post-type=\"post\">\n\t\t\t\t\t\t<section class=\"elementor-section elementor-top-section elementor-element elementor-element-2944716 elementor-section-boxed elementor-section-height-default elementor-section-height-default\" data-id=\"2944716\" data-element_type=\"section\" data-e-type=\"section\" data-settings=\"{&quot;tmea_shape_divider_top&quot;:&quot;none&quot;,&quot;tmea_shape_divider_bottom&quot;:&quot;none&quot;}\">\n\t\t\t\t\t\t<div class=\"elementor-container elementor-column-gap-default\">\n\t\t\t\t\t<div class=\"elementor-column elementor-col-100 elementor-top-column elementor-element elementor-element-4a57155\" data-id=\"4a57155\" data-element_type=\"column\" data-e-type=\"column\">\n\t\t\t<div class=\"elementor-widget-wrap elementor-element-populated\">\n\t\t\t\t\n\t\t<div class=\"elementor-element elementor-element-734be93 elementor-widget elementor-widget-text-editor\" data-id=\"734be93\" data-element_type=\"widget\" data-e-type=\"widget\" data-widget_type=\"text-editor.default\">\n\t\t\t\t<div class=\"elementor-widget-container\">\n\t\t\t\t\t\t\t\t\t<div dir=\"auto\">O Munic\u00edpio de Benavente, em colabora\u00e7\u00e3o com a Entidade Regional de Turismo do Alentejo e Ribatejo (ERTAR), est\u00e1 a desenvolver uma candidatura de \u00e2mbito regional relativa \u00e0 classifica\u00e7\u00e3o do CAMPINO como Patrim\u00f3nio Cultural Imaterial da UNESCO.<\/div><div>\u00a0<\/div><div dir=\"auto\">Para a apresenta\u00e7\u00e3o desta candidatura t\u00eam que ser percorridos muitos passos e o trabalho \u00e9 muito longo. Assim, na passada\u00a0quarta-feira teve lugar mais uma reuni\u00e3o preparat\u00f3ria que se enquadra na \u00e1rea de pesquisa, hist\u00f3rica e antropol\u00f3gica, num trabalho muito esmiu\u00e7ado de contactos com os campinos do munic\u00edpio, bem como com personalidades conhecedoras da figura do campino, figura identit\u00e1ria deste territ\u00f3rio.<\/div><div>\u00a0<\/div><div dir=\"auto\">Nesta reuni\u00e3o estiveram presentes: a Vice-Presidente da C\u00e2mara Municipal, Catarina Vale; o Vereador com o pelouro da Cultura, Joseph Azevedo; a Chefe de Divis\u00e3o do Turismo e Cultura da CMB, Cristina Gon\u00e7alves, a t\u00e9cnica de museologia, Perp\u00e9tua Martins, os campinos: Jo\u00e3o In\u00e1cio; M\u00e1rio Oliveira e Luis Santos; o jornalista e comentador taurom\u00e1quico, Maur\u00edcio do Vale; o respons\u00e1vel pela Comiss\u00e3o da Picaria da Festa da Sardinha Assada de Benavente, Jos\u00e9 Barroca e os antrop\u00f3logos, Emiliano Dantas e Jos\u00e9 Portugal.<\/div><div>\u00a0<\/div><div dir=\"auto\">A inten\u00e7\u00e3o da C\u00e2mara Municipal \u00e9 homenagear os campinos, homens dedicados ao campo, que aparecem nas festividades, mas, sobretudo, enaltecer o trabalho que fizeram durante muitos anos no campo.<\/div><div>\u00a0<\/div><div dir=\"auto\">A candidatura ser\u00e1 liderada pelo Munic\u00edpio de Benavente, e ser\u00e3o contactados outros munic\u00edpios da regi\u00e3o que partilham os valores do campo, do ribatejo e que t\u00eam o campino como figura marcante do seu territ\u00f3rio, e s\u00f3 ap\u00f3s esses contactos a candidatura \u00e0 Unesco pode ser formalizada.<\/div><div>\u00a0<\/div><div dir=\"auto\">A C\u00e2mara Municipal continua empenhada nesta candidatura, de forma a homenagear esta figura \u00edmpar do Ribatejo.<\/div>\t\t\t\t\t\t\t\t<\/div>\n\t\t\t\t<\/div>\n\t\t\t\t<div class=\"elementor-element elementor-element-f70de8e elementor-widget elementor-widget-gallery\" data-id=\"f70de8e\" data-element_type=\"widget\" data-e-type=\"widget\" data-settings=\"{&quot;lazyload&quot;:&quot;yes&quot;,&quot;gallery_layout&quot;:&quot;grid&quot;,&quot;columns&quot;:4,&quot;columns_tablet&quot;:2,&quot;columns_mobile&quot;:1,&quot;gap&quot;:{&quot;unit&quot;:&quot;px&quot;,&quot;size&quot;:10,&quot;sizes&quot;:[]},&quot;gap_widescreen&quot;:{&quot;unit&quot;:&quot;px&quot;,&quot;size&quot;:&quot;&quot;,&quot;sizes&quot;:[]},&quot;gap_laptop&quot;:{&quot;unit&quot;:&quot;px&quot;,&quot;size&quot;:10,&quot;sizes&quot;:[]},&quot;gap_tablet_extra&quot;:{&quot;unit&quot;:&quot;px&quot;,&quot;size&quot;:10,&quot;sizes&quot;:[]},&quot;gap_tablet&quot;:{&quot;unit&quot;:&quot;px&quot;,&quot;size&quot;:10,&quot;sizes&quot;:[]},&quot;gap_mobile_extra&quot;:{&quot;unit&quot;:&quot;px&quot;,&quot;size&quot;:10,&quot;sizes&quot;:[]},&quot;gap_mobile&quot;:{&quot;unit&quot;:&quot;px&quot;,&quot;size&quot;:10,&quot;sizes&quot;:[]},&quot;link_to&quot;:&quot;file&quot;,&quot;aspect_ratio&quot;:&quot;3:2&quot;,&quot;overlay_background&quot;:&quot;yes&quot;,&quot;content_hover_animation&quot;:&quot;fade-in&quot;}\" data-widget_type=\"gallery.default\">\n\t\t\t\t<div class=\"elementor-widget-container\">\n\t\t\t\t\t\t\t<div class=\"elementor-gallery__container\">\n\t\t\t\t\t\t\t<a class=\"e-gallery-item elementor-gallery-item elementor-animated-content\" href=\"https:\/\/www.cm-benavente.pt\/wp-content\/uploads\/2023\/06\/campino-patrimonio-imaterial-unesco.jpg\" data-elementor-open-lightbox=\"yes\" data-elementor-lightbox-slideshow=\"f70de8e\" data-elementor-lightbox-title=\"campino-patrimonio-imaterial-unesco\" data-e-action-hash=\"#elementor-action%3Aaction%3Dlightbox%26settings%3DeyJpZCI6NDc2MzksInVybCI6Imh0dHBzOlwvXC93d3cuY20tYmVuYXZlbnRlLnB0XC93cC1jb250ZW50XC91cGxvYWRzXC8yMDIzXC8wNlwvY2FtcGluby1wYXRyaW1vbmlvLWltYXRlcmlhbC11bmVzY28uanBnIiwic2xpZGVzaG93IjoiZjcwZGU4ZSJ9\">\n\t\t\t\t\t<div class=\"e-gallery-image elementor-gallery-item__image\" data-thumbnail=\"https:\/\/www.cm-benavente.pt\/wp-content\/uploads\/2023\/06\/campino-patrimonio-imaterial-unesco-300x200.jpg\" data-width=\"300\" data-height=\"200\" aria-label=\"\" role=\"img\" ><\/div>\n\t\t\t\t\t\t\t\t\t\t\t<div class=\"elementor-gallery-item__overlay\"><\/div>\n\t\t\t\t\t\t\t\t\t\t\t\t\t\t<\/a>\n\t\t\t\t\t\t\t<a class=\"e-gallery-item elementor-gallery-item elementor-animated-content\" href=\"https:\/\/www.cm-benavente.pt\/wp-content\/uploads\/2023\/06\/campino-patrimonio-imaterial-unesco2.jpg\" data-elementor-open-lightbox=\"yes\" data-elementor-lightbox-slideshow=\"f70de8e\" data-elementor-lightbox-title=\"campino-patrimonio-imaterial-unesco2\" data-e-action-hash=\"#elementor-action%3Aaction%3Dlightbox%26settings%3DeyJpZCI6NDc2NDAsInVybCI6Imh0dHBzOlwvXC93d3cuY20tYmVuYXZlbnRlLnB0XC93cC1jb250ZW50XC91cGxvYWRzXC8yMDIzXC8wNlwvY2FtcGluby1wYXRyaW1vbmlvLWltYXRlcmlhbC11bmVzY28yLmpwZyIsInNsaWRlc2hvdyI6ImY3MGRlOGUifQ%3D%3D\">\n\t\t\t\t\t<div class=\"e-gallery-image elementor-gallery-item__image\" data-thumbnail=\"https:\/\/www.cm-benavente.pt\/wp-content\/uploads\/2023\/06\/campino-patrimonio-imaterial-unesco2-300x200.jpg\" data-width=\"300\" data-height=\"200\" aria-label=\"\" role=\"img\" ><\/div>\n\t\t\t\t\t\t\t\t\t\t\t<div class=\"elementor-gallery-item__overlay\"><\/div>\n\t\t\t\t\t\t\t\t\t\t\t\t\t\t<\/a>\n\t\t\t\t\t\t\t<a class=\"e-gallery-item elementor-gallery-item elementor-animated-content\" href=\"https:\/\/www.cm-benavente.pt\/wp-content\/uploads\/2023\/06\/campino-patrimonio-imaterial-unesco3-scaled.jpg\" data-elementor-open-lightbox=\"yes\" data-elementor-lightbox-slideshow=\"f70de8e\" data-elementor-lightbox-title=\"campino-patrimonio-imaterial-unesco3\" data-e-action-hash=\"#elementor-action%3Aaction%3Dlightbox%26settings%3DeyJpZCI6NDc2NDEsInVybCI6Imh0dHBzOlwvXC93d3cuY20tYmVuYXZlbnRlLnB0XC93cC1jb250ZW50XC91cGxvYWRzXC8yMDIzXC8wNlwvY2FtcGluby1wYXRyaW1vbmlvLWltYXRlcmlhbC11bmVzY28zLXNjYWxlZC5qcGciLCJzbGlkZXNob3ciOiJmNzBkZThlIn0%3D\">\n\t\t\t\t\t<div class=\"e-gallery-image elementor-gallery-item__image\" data-thumbnail=\"https:\/\/www.cm-benavente.pt\/wp-content\/uploads\/2023\/06\/campino-patrimonio-imaterial-unesco3-300x143.jpg\" data-width=\"300\" data-height=\"143\" aria-label=\"\" role=\"img\" ><\/div>\n\t\t\t\t\t\t\t\t\t\t\t<div class=\"elementor-gallery-item__overlay\"><\/div>\n\t\t\t\t\t\t\t\t\t\t\t\t\t\t<\/a>\n\t\t\t\t\t\t\t<a class=\"e-gallery-item elementor-gallery-item elementor-animated-content\" href=\"https:\/\/www.cm-benavente.pt\/wp-content\/uploads\/2023\/06\/campino-patrimonio-imaterial-unesco4.jpg\" data-elementor-open-lightbox=\"yes\" data-elementor-lightbox-slideshow=\"f70de8e\" data-elementor-lightbox-title=\"campino-patrimonio-imaterial-unesco4\" data-e-action-hash=\"#elementor-action%3Aaction%3Dlightbox%26settings%3DeyJpZCI6NDc2NDIsInVybCI6Imh0dHBzOlwvXC93d3cuY20tYmVuYXZlbnRlLnB0XC93cC1jb250ZW50XC91cGxvYWRzXC8yMDIzXC8wNlwvY2FtcGluby1wYXRyaW1vbmlvLWltYXRlcmlhbC11bmVzY280LmpwZyIsInNsaWRlc2hvdyI6ImY3MGRlOGUifQ%3D%3D\">\n\t\t\t\t\t<div class=\"e-gallery-image elementor-gallery-item__image\" data-thumbnail=\"https:\/\/www.cm-benavente.pt\/wp-content\/uploads\/2023\/06\/campino-patrimonio-imaterial-unesco4-300x172.jpg\" data-width=\"300\" data-height=\"172\" aria-label=\"\" role=\"img\" ><\/div>\n\t\t\t\t\t\t\t\t\t\t\t<div class=\"elementor-gallery-item__overlay\"><\/div>\n\t\t\t\t\t\t\t\t\t\t\t\t\t\t<\/a>\n\t\t\t\t\t<\/div>\n\t\t\t\t\t<\/div>\n\t\t\t\t<\/div>\n\t\t\t\t\t<\/div>\n\t\t<\/div>\n\t\t\t\t\t<\/div>\n\t\t<\/section>\n\t\t\t\t<\/div>\n\t\t","protected":false},"excerpt":{"rendered":"<p>O Munic\u00edpio de Benavente, em colabora\u00e7\u00e3o com a Entidade Regional de Turismo do Alentejo e Ribatejo (ERTAR), est\u00e1 a desenvolver uma candidatura de \u00e2mbito regional relativa \u00e0 classifica\u00e7\u00e3o do CAMPINO como Patrim\u00f3nio Cultural Imaterial da UNESCO.<\/p>\n","protected":false},"author":3,"featured_media":47643,"comment_status":"closed","ping_status":"closed","sticky":false,"template":"","format":"standard","meta":{"_vp_format_video_url":"","_vp_image_focal_point":[],"footnotes":""},"categories":[511,518],"tags":[185,16,1520,5,1521,479,1519,239,22,27,13,1038,1518],"class_list":["post-47638","post","type-post","status-publish","format-standard","has-post-thumbnail","hentry","category-cultura-noticias","category-municipio","tag-barrosa","tag-benavente","tag-campino","tag-cultura","tag-ertar","tag-municipio-de-benavente","tag-patrimonio","tag-reuniao","tag-ribatejo","tag-samora-correia","tag-santo-estevao","tag-tradicao","tag-unesco"],"_links":{"self":[{"href":"https:\/\/www.cm-benavente.pt\/index.php\/wp-json\/wp\/v2\/posts\/47638","targetHints":{"allow":["GET"]}}],"collection":[{"href":"https:\/\/www.cm-benavente.pt\/index.php\/wp-json\/wp\/v2\/posts"}],"about":[{"href":"https:\/\/www.cm-benavente.pt\/index.php\/wp-json\/wp\/v2\/types\/post"}],"author":[{"embeddable":true,"href":"https:\/\/www.cm-benavente.pt\/index.php\/wp-json\/wp\/v2\/users\/3"}],"replies":[{"embeddable":true,"href":"https:\/\/www.cm-benavente.pt\/index.php\/wp-json\/wp\/v2\/comments?post=47638"}],"version-history":[{"count":4,"href":"https:\/\/www.cm-benavente.pt\/index.php\/wp-json\/wp\/v2\/posts\/47638\/revisions"}],"predecessor-version":[{"id":47647,"href":"https:\/\/www.cm-benavente.pt\/index.php\/wp-json\/wp\/v2\/posts\/47638\/revisions\/47647"}],"wp:featuredmedia":[{"embeddable":true,"href":"https:\/\/www.cm-benavente.pt\/index.php\/wp-json\/wp\/v2\/media\/47643"}],"wp:attachment":[{"href":"https:\/\/www.cm-benavente.pt\/index.php\/wp-json\/wp\/v2\/media?parent=47638"}],"wp:term":[{"taxonomy":"category","embeddable":true,"href":"https:\/\/www.cm-benavente.pt\/index.php\/wp-json\/wp\/v2\/categories?post=47638"},{"taxonomy":"post_tag","embeddable":true,"href":"https:\/\/www.cm-benavente.pt\/index.php\/wp-json\/wp\/v2\/tags?post=47638"}],"curies":[{"name":"wp","href":"https:\/\/api.w.org\/{rel}","templated":true}]}}