{"id":45889,"date":"2023-04-20T09:10:26","date_gmt":"2023-04-20T09:10:26","guid":{"rendered":"https:\/\/www.cm-benavente.pt\/?p=45889"},"modified":"2023-04-24T13:32:21","modified_gmt":"2023-04-24T13:32:21","slug":"i-sessao-extraordinaria-e-ii-sessao-ordinaria-da-assembleia-municipal-de-benavente","status":"publish","type":"post","link":"https:\/\/www.cm-benavente.pt\/index.php\/2023\/04\/20\/i-sessao-extraordinaria-e-ii-sessao-ordinaria-da-assembleia-municipal-de-benavente\/","title":{"rendered":"I Sess\u00e3o Extraordin\u00e1ria e II Sess\u00e3o Ordin\u00e1ria da Assembleia Municipal de Benavente"},"content":{"rendered":"\t\t<div data-elementor-type=\"wp-post\" data-elementor-id=\"45889\" class=\"elementor elementor-45889\" data-elementor-post-type=\"post\">\n\t\t\t\t\t\t<section class=\"elementor-section elementor-top-section elementor-element elementor-element-72fcd28 elementor-section-boxed elementor-section-height-default elementor-section-height-default\" data-id=\"72fcd28\" data-element_type=\"section\" data-e-type=\"section\" data-settings=\"{&quot;tmea_shape_divider_top&quot;:&quot;none&quot;,&quot;tmea_shape_divider_bottom&quot;:&quot;none&quot;}\">\n\t\t\t\t\t\t<div class=\"elementor-container elementor-column-gap-default\">\n\t\t\t\t\t<div class=\"elementor-column elementor-col-100 elementor-top-column elementor-element elementor-element-b8f1363\" data-id=\"b8f1363\" data-element_type=\"column\" data-e-type=\"column\">\n\t\t\t<div class=\"elementor-widget-wrap elementor-element-populated\">\n\t\t\t\t\n\t\t<div class=\"elementor-element elementor-element-5330db8 elementor-widget elementor-widget-text-editor\" data-id=\"5330db8\" data-element_type=\"widget\" data-e-type=\"widget\" data-widget_type=\"text-editor.default\">\n\t\t\t\t<div class=\"elementor-widget-container\">\n\t\t\t\t\t\t\t\t\t<p>Consulte os\u00a0<strong>Editais n\u00bas 06\/2023 e 07\/2023<\/strong>, relativos \u00e0\u00a0<strong>I Sess\u00e3o Extraordin\u00e1ria da Assembleia Municipal de Benavente e II Sess\u00e3o Ordin\u00e1ria da Assembleia Municipal<\/strong>, a terem lugar no\u00a0<strong>pr\u00f3ximo dia 26 de Abril de 2023 (4\u00aa feira), a partir das 18.00 horas,<\/strong>\u00a0na Casa do Povo de Santo Est\u00eav\u00e3o<strong>,<\/strong>\u00a0com transmiss\u00e3o online no site e redes sociais da\u00a0<strong>C\u00e2mara Municipal de Benavente<\/strong>.<\/p>\t\t\t\t\t\t\t\t<\/div>\n\t\t\t\t<\/div>\n\t\t\t\t<div class=\"elementor-element elementor-element-86d2c58 elementor-widget elementor-widget-button\" data-id=\"86d2c58\" data-element_type=\"widget\" data-e-type=\"widget\" data-widget_type=\"button.default\">\n\t\t\t\t<div class=\"elementor-widget-container\">\n\t\t\t\t\t\t\t\t\t<div class=\"elementor-button-wrapper\">\n\t\t\t\t\t<a class=\"elementor-button elementor-button-link elementor-size-sm elementor-animation-grow\" href=\"https:\/\/www.cm-benavente.pt\/wp-content\/uploads\/2023\/04\/Edital-N-06-2023-I-Sessao-Extraordinaria-da-Assembleia-Municipal.pdf\" target=\"_blank\">\n\t\t\t\t\t\t<span class=\"elementor-button-content-wrapper\">\n\t\t\t\t\t\t<span class=\"elementor-button-icon\">\n\t\t\t\t<i aria-hidden=\"true\" class=\"far fa-file-pdf\"><\/i>\t\t\t<\/span>\n\t\t\t\t\t\t\t\t\t<span class=\"elementor-button-text\">Edital N\u00ba 06\/2023 - I Sess\u00e3o Extraordin\u00e1ria da Assembleia Municipal<\/span>\n\t\t\t\t\t<\/span>\n\t\t\t\t\t<\/a>\n\t\t\t\t<\/div>\n\t\t\t\t\t\t\t\t<\/div>\n\t\t\t\t<\/div>\n\t\t\t\t<div class=\"elementor-element elementor-element-df21419 elementor-widget elementor-widget-button\" data-id=\"df21419\" data-element_type=\"widget\" data-e-type=\"widget\" data-widget_type=\"button.default\">\n\t\t\t\t<div class=\"elementor-widget-container\">\n\t\t\t\t\t\t\t\t\t<div class=\"elementor-button-wrapper\">\n\t\t\t\t\t<a class=\"elementor-button elementor-button-link elementor-size-sm elementor-animation-grow\" href=\"https:\/\/www.cm-benavente.pt\/wp-content\/uploads\/2023\/04\/Edital-N-07-2023-II-Sessao-Ordinaria-da-Assembleia-Municipal.pdf\" target=\"_blank\">\n\t\t\t\t\t\t<span class=\"elementor-button-content-wrapper\">\n\t\t\t\t\t\t<span class=\"elementor-button-icon\">\n\t\t\t\t<i aria-hidden=\"true\" class=\"far fa-file-pdf\"><\/i>\t\t\t<\/span>\n\t\t\t\t\t\t\t\t\t<span class=\"elementor-button-text\">Edital N\u00ba 07\/2023 - II Sess\u00e3o Ordin\u00e1ria da Assembleia Municipal<\/span>\n\t\t\t\t\t<\/span>\n\t\t\t\t\t<\/a>\n\t\t\t\t<\/div>\n\t\t\t\t\t\t\t\t<\/div>\n\t\t\t\t<\/div>\n\t\t\t\t\t<\/div>\n\t\t<\/div>\n\t\t\t\t\t<\/div>\n\t\t<\/section>\n\t\t\t\t<section class=\"elementor-section elementor-top-section elementor-element elementor-element-b52c655 elementor-section-boxed elementor-section-height-default elementor-section-height-default\" data-id=\"b52c655\" data-element_type=\"section\" data-e-type=\"section\" data-settings=\"{&quot;tmea_shape_divider_top&quot;:&quot;none&quot;,&quot;tmea_shape_divider_bottom&quot;:&quot;none&quot;}\">\n\t\t\t\t\t\t<div class=\"elementor-container elementor-column-gap-default\">\n\t\t\t\t\t<div class=\"elementor-column elementor-col-100 elementor-top-column elementor-element elementor-element-d60dfd9\" data-id=\"d60dfd9\" data-element_type=\"column\" data-e-type=\"column\">\n\t\t\t<div class=\"elementor-widget-wrap elementor-element-populated\">\n\t\t\t\t\t\t<div class=\"elementor-element elementor-element-330617a elementor-widget elementor-widget-video\" data-id=\"330617a\" data-element_type=\"widget\" data-e-type=\"widget\" data-settings=\"{&quot;youtube_url&quot;:&quot;https:\\\/\\\/www.youtube.com\\\/watch?v=etu0fVuimS8&quot;,&quot;video_type&quot;:&quot;youtube&quot;,&quot;controls&quot;:&quot;yes&quot;}\" data-widget_type=\"video.default\">\n\t\t\t\t<div class=\"elementor-widget-container\">\n\t\t\t\t\t\t\t<div class=\"elementor-wrapper elementor-open-inline\">\n\t\t\t<div class=\"elementor-video\"><\/div>\t\t<\/div>\n\t\t\t\t\t\t<\/div>\n\t\t\t\t<\/div>\n\t\t\t\t\t<\/div>\n\t\t<\/div>\n\t\t\t\t\t<\/div>\n\t\t<\/section>\n\t\t\t\t<\/div>\n\t\t","protected":false},"excerpt":{"rendered":"<p>Consulte os Editais n\u00bas 06\/2023 e 07\/2023, relativos \u00e0 I Sess\u00e3o Extraordin\u00e1ria da Assembleia Municipal de Benavente e II Sess\u00e3o Ordin\u00e1ria da Assembleia Municipal, a terem lugar no pr\u00f3ximo dia 26 de Abril de 2023 (4\u00aa feira), a partir das 18.00 horas, na Casa do Povo de Santo Est\u00eav\u00e3o, com transmiss\u00e3o online no site e redes sociais da C\u00e2mara Municipal de Benavente.<\/p>\n","protected":false},"author":3,"featured_media":45890,"comment_status":"closed","ping_status":"closed","sticky":false,"template":"","format":"standard","meta":{"_vp_format_video_url":"","_vp_image_focal_point":[],"footnotes":""},"categories":[544,545,518],"tags":[44,886,479,1350,887],"class_list":["post-45889","post","type-post","status-publish","format-standard","has-post-thumbnail","hentry","category-assembleia","category-informacao","category-municipio","tag-assembleia","tag-assembleia-municipal","tag-municipio-de-benavente","tag-santo-estevao-2","tag-transmissao-em-direto"],"_links":{"self":[{"href":"https:\/\/www.cm-benavente.pt\/index.php\/wp-json\/wp\/v2\/posts\/45889","targetHints":{"allow":["GET"]}}],"collection":[{"href":"https:\/\/www.cm-benavente.pt\/index.php\/wp-json\/wp\/v2\/posts"}],"about":[{"href":"https:\/\/www.cm-benavente.pt\/index.php\/wp-json\/wp\/v2\/types\/post"}],"author":[{"embeddable":true,"href":"https:\/\/www.cm-benavente.pt\/index.php\/wp-json\/wp\/v2\/users\/3"}],"replies":[{"embeddable":true,"href":"https:\/\/www.cm-benavente.pt\/index.php\/wp-json\/wp\/v2\/comments?post=45889"}],"version-history":[{"count":7,"href":"https:\/\/www.cm-benavente.pt\/index.php\/wp-json\/wp\/v2\/posts\/45889\/revisions"}],"predecessor-version":[{"id":46055,"href":"https:\/\/www.cm-benavente.pt\/index.php\/wp-json\/wp\/v2\/posts\/45889\/revisions\/46055"}],"wp:featuredmedia":[{"embeddable":true,"href":"https:\/\/www.cm-benavente.pt\/index.php\/wp-json\/wp\/v2\/media\/45890"}],"wp:attachment":[{"href":"https:\/\/www.cm-benavente.pt\/index.php\/wp-json\/wp\/v2\/media?parent=45889"}],"wp:term":[{"taxonomy":"category","embeddable":true,"href":"https:\/\/www.cm-benavente.pt\/index.php\/wp-json\/wp\/v2\/categories?post=45889"},{"taxonomy":"post_tag","embeddable":true,"href":"https:\/\/www.cm-benavente.pt\/index.php\/wp-json\/wp\/v2\/tags?post=45889"}],"curies":[{"name":"wp","href":"https:\/\/api.w.org\/{rel}","templated":true}]}}