{"id":39315,"date":"2022-12-28T16:56:25","date_gmt":"2022-12-28T16:56:25","guid":{"rendered":"https:\/\/www.cm-benavente.pt\/?p=39315"},"modified":"2022-12-28T16:56:47","modified_gmt":"2022-12-28T16:56:47","slug":"alerta-proprietarios-de-pomares-laranjeiras-tangerineiras-limoeiros","status":"publish","type":"post","link":"https:\/\/www.cm-benavente.pt\/index.php\/2022\/12\/28\/alerta-proprietarios-de-pomares-laranjeiras-tangerineiras-limoeiros\/","title":{"rendered":"ALERTA \u2013 PROPRIET\u00c1RIOS DE POMARES: Laranjeiras\/ tangerineiras \/ limoeiros"},"content":{"rendered":"\t\t<div data-elementor-type=\"wp-post\" data-elementor-id=\"39315\" class=\"elementor elementor-39315\" data-elementor-post-type=\"post\">\n\t\t\t\t\t\t<section class=\"elementor-section elementor-top-section elementor-element elementor-element-5ce1073 elementor-section-boxed elementor-section-height-default elementor-section-height-default\" data-id=\"5ce1073\" data-element_type=\"section\" data-e-type=\"section\" data-settings=\"{&quot;tmea_shape_divider_top&quot;:&quot;none&quot;,&quot;tmea_shape_divider_bottom&quot;:&quot;none&quot;}\">\n\t\t\t\t\t\t<div class=\"elementor-container elementor-column-gap-default\">\n\t\t\t\t\t<div class=\"elementor-column elementor-col-100 elementor-top-column elementor-element elementor-element-10299f7\" data-id=\"10299f7\" data-element_type=\"column\" data-e-type=\"column\">\n\t\t\t<div class=\"elementor-widget-wrap elementor-element-populated\">\n\t\t\t\t\n\t\t<div class=\"elementor-element elementor-element-b28a1c6 elementor-widget elementor-widget-text-editor\" data-id=\"b28a1c6\" data-element_type=\"widget\" data-e-type=\"widget\" data-widget_type=\"text-editor.default\">\n\t\t\t\t<div class=\"elementor-widget-container\">\n\t\t\t\t\t\t\t\t\t<p><strong>INSETO TRIAZA ERYTREAE<\/strong><\/p><p>\u00a0<\/p><p>Na sequ\u00eancia de dete\u00e7\u00e3o de Trioza erytreae, vulgo, inseto psila-africana-dos-citrinos, na Regi\u00e3o administrativa de Lisboa e Vale do Tejo e a confirma\u00e7\u00e3o da sua presen\u00e7a no nosso Concelho, nas freguesias mencionadas no edital em anexo, a Autoridade Fitossanit\u00e1ria Nacional, Dire\u00e7\u00e3o Geral de Alimenta\u00e7\u00e3o e Veterin\u00e1ria (DGAV), estabeleceu um conjunto de medidas de prote\u00e7\u00e3o fitossanit\u00e1rias para evitar a dispers\u00e3o da referida praga pelo territ\u00f3rio nacional.<\/p><p>\u00a0<\/p><p>Estas medidas aplicam-se n\u00e3o s\u00f3 a plantas de citrinos mas tamb\u00e9m, a outras plantas hospedeiras do inseto, designadamente, vegetais de Fortunella, Poncirus e seus h\u00edbridos, Casimiroa, Clausena, Vepris e Zanthoxylum, com exce\u00e7\u00e3o de frutos e sementes.<\/p><p>\u00a0<\/p><p>No edital \u00e9 referido em concreto quais as \u00e1reas diretamente afetadas pelo inseto, e quais as zonas em que ter\u00e3o que ser tomadas medidas de combate espec\u00edficas e medidas excecionais de controlo\/vigil\u00e2ncia, nomeadamente no que respeita \u00e0s freguesias abrangidas.<\/p><p>\u00a0<\/p><p>No sentido de evitar a dispers\u00e3o desta praga, haver\u00e1 necessidade de conjugar os esfor\u00e7os de todos os intervenientes na gest\u00e3o e acompanhamento dos espa\u00e7os verdes: autarquias, propriet\u00e1rios de pomares, intervenientes na \u00e1rea de jardinagem, nomeadamente, empresas de jardinagem.<\/p><p>\u00a0<\/p><p>Caso tenham conhecimento da presen\u00e7a desta praga e se observem sintomas suspeitos em plantas de citrinos dever\u00e3o contatar imediatamente a Dire\u00e7\u00e3o Regional de Agricultura de Lisboa e Vale do Tejo para o endere\u00e7o de e-mail:\u00a0<a href=\"mailto:prospecao@draplvt.gov.pt\">prospecao@draplvt.gov.pt<\/a><\/p><p>\u00a0<\/p><p>Para mais informa\u00e7\u00f5es consultar a p\u00e1gina eletr\u00f3nica da DGAV em:\u00a0<a href=\"https:\/\/www.dgav.pt\/plantas\/conteudo\/sanidade-vegetal\/inspecao-fitossanitaria\/informacao-fitossanitaria\/\" target=\"_blank\" rel=\"noopener\">https:\/\/www.dgav.pt\/plantas\/conteudo\/sanidade-vegetal\/inspecao-fitossanitaria\/informacao-fitossanitaria\/<\/a>\u00a0e da DRAPLVT em:\u00a0<a href=\"http:\/\/www.draplvt.mamaot.pt\/alimentacao\/Prospecao-pragas-doencas\/Pages\/\" target=\"_blank\" rel=\"noopener\">http:\/\/www.draplvt.mamaot.pt\/alimentacao\/Prospecao-pragas-doencas\/Pages<\/a><\/p>\t\t\t\t\t\t\t\t<\/div>\n\t\t\t\t<\/div>\n\t\t\t\t<div class=\"elementor-element elementor-element-ba156d5 elementor-align-right elementor-widget elementor-widget-button\" data-id=\"ba156d5\" data-element_type=\"widget\" data-e-type=\"widget\" data-widget_type=\"button.default\">\n\t\t\t\t<div class=\"elementor-widget-container\">\n\t\t\t\t\t\t\t\t\t<div class=\"elementor-button-wrapper\">\n\t\t\t\t\t<a class=\"elementor-button elementor-button-link elementor-size-sm elementor-animation-grow\" href=\"https:\/\/www.cm-benavente.pt\/wp-content\/uploads\/2022\/12\/Edital-Trioza-Despacho-66.pdf\" target=\"_blank\">\n\t\t\t\t\t\t<span class=\"elementor-button-content-wrapper\">\n\t\t\t\t\t\t<span class=\"elementor-button-icon\">\n\t\t\t\t<i aria-hidden=\"true\" class=\"far fa-file-pdf\"><\/i>\t\t\t<\/span>\n\t\t\t\t\t\t\t\t\t<span class=\"elementor-button-text\">Edital Trioza Despacho 66<\/span>\n\t\t\t\t\t<\/span>\n\t\t\t\t\t<\/a>\n\t\t\t\t<\/div>\n\t\t\t\t\t\t\t\t<\/div>\n\t\t\t\t<\/div>\n\t\t\t\t<div class=\"elementor-element elementor-element-115bfa0 elementor-align-right elementor-widget elementor-widget-button\" data-id=\"115bfa0\" data-element_type=\"widget\" data-e-type=\"widget\" data-widget_type=\"button.default\">\n\t\t\t\t<div class=\"elementor-widget-container\">\n\t\t\t\t\t\t\t\t\t<div class=\"elementor-button-wrapper\">\n\t\t\t\t\t<a class=\"elementor-button elementor-button-link elementor-size-sm elementor-animation-grow\" href=\"https:\/\/www.cm-benavente.pt\/wp-content\/uploads\/2022\/12\/Citrus-Greening-Doenca-de-Huanglongbing-ou-Enverdecimento-dos-Citrinos.pdf\" target=\"_blank\">\n\t\t\t\t\t\t<span class=\"elementor-button-content-wrapper\">\n\t\t\t\t\t\t<span class=\"elementor-button-icon\">\n\t\t\t\t<i aria-hidden=\"true\" class=\"far fa-file-pdf\"><\/i>\t\t\t<\/span>\n\t\t\t\t\t\t\t\t\t<span class=\"elementor-button-text\">Citrus Greening Doenca de Huanglongbing ou Enverdecimento dos Citrinos<\/span>\n\t\t\t\t\t<\/span>\n\t\t\t\t\t<\/a>\n\t\t\t\t<\/div>\n\t\t\t\t\t\t\t\t<\/div>\n\t\t\t\t<\/div>\n\t\t\t\t<div class=\"elementor-element elementor-element-f657836 elementor-align-right elementor-widget elementor-widget-button\" data-id=\"f657836\" data-element_type=\"widget\" data-e-type=\"widget\" data-widget_type=\"button.default\">\n\t\t\t\t<div class=\"elementor-widget-container\">\n\t\t\t\t\t\t\t\t\t<div class=\"elementor-button-wrapper\">\n\t\t\t\t\t<a class=\"elementor-button elementor-button-link elementor-size-sm elementor-animation-grow\" href=\"https:\/\/www.cm-benavente.pt\/wp-content\/uploads\/2022\/12\/Trioza-erytreae-Medidas-de-Controlo.pdf\" target=\"_blank\">\n\t\t\t\t\t\t<span class=\"elementor-button-content-wrapper\">\n\t\t\t\t\t\t<span class=\"elementor-button-icon\">\n\t\t\t\t<i aria-hidden=\"true\" class=\"far fa-file-pdf\"><\/i>\t\t\t<\/span>\n\t\t\t\t\t\t\t\t\t<span class=\"elementor-button-text\">Trioza erytreae - Medidas de Controlo<\/span>\n\t\t\t\t\t<\/span>\n\t\t\t\t\t<\/a>\n\t\t\t\t<\/div>\n\t\t\t\t\t\t\t\t<\/div>\n\t\t\t\t<\/div>\n\t\t\t\t\t<\/div>\n\t\t<\/div>\n\t\t\t\t\t<\/div>\n\t\t<\/section>\n\t\t\t\t<\/div>\n\t\t","protected":false},"excerpt":{"rendered":"<p>Na sequ\u00eancia de dete\u00e7\u00e3o de Trioza erytreae, vulgo, inseto psila-africana-dos-citrinos, na Regi\u00e3o administrativa de Lisboa e Vale do Tejo e a confirma\u00e7\u00e3o da sua presen\u00e7a no nosso Concelho, nas freguesias mencionadas no edital em anexo, a Autoridade Fitossanit\u00e1ria Nacional, Dire\u00e7\u00e3o Geral de Alimenta\u00e7\u00e3o e Veterin\u00e1ria (DGAV), estabeleceu um conjunto de medidas de prote\u00e7\u00e3o fitossanit\u00e1rias para evitar a dispers\u00e3o da referida praga pelo territ\u00f3rio nacional.<\/p>\n","protected":false},"author":3,"featured_media":39324,"comment_status":"closed","ping_status":"closed","sticky":false,"template":"","format":"standard","meta":{"_vp_format_video_url":"","_vp_image_focal_point":[],"footnotes":""},"categories":[527,545,518],"tags":[260,32,185,16,921,479,922,639,27,13],"class_list":["post-39315","post","type-post","status-publish","format-standard","has-post-thumbnail","hentry","category-ambiente","category-informacao","category-municipio","tag-agricultura","tag-ambiente","tag-barrosa","tag-benavente","tag-inseto","tag-municipio-de-benavente","tag-pomar","tag-praga","tag-samora-correia","tag-santo-estevao"],"_links":{"self":[{"href":"https:\/\/www.cm-benavente.pt\/index.php\/wp-json\/wp\/v2\/posts\/39315","targetHints":{"allow":["GET"]}}],"collection":[{"href":"https:\/\/www.cm-benavente.pt\/index.php\/wp-json\/wp\/v2\/posts"}],"about":[{"href":"https:\/\/www.cm-benavente.pt\/index.php\/wp-json\/wp\/v2\/types\/post"}],"author":[{"embeddable":true,"href":"https:\/\/www.cm-benavente.pt\/index.php\/wp-json\/wp\/v2\/users\/3"}],"replies":[{"embeddable":true,"href":"https:\/\/www.cm-benavente.pt\/index.php\/wp-json\/wp\/v2\/comments?post=39315"}],"version-history":[{"count":0,"href":"https:\/\/www.cm-benavente.pt\/index.php\/wp-json\/wp\/v2\/posts\/39315\/revisions"}],"wp:featuredmedia":[{"embeddable":true,"href":"https:\/\/www.cm-benavente.pt\/index.php\/wp-json\/wp\/v2\/media\/39324"}],"wp:attachment":[{"href":"https:\/\/www.cm-benavente.pt\/index.php\/wp-json\/wp\/v2\/media?parent=39315"}],"wp:term":[{"taxonomy":"category","embeddable":true,"href":"https:\/\/www.cm-benavente.pt\/index.php\/wp-json\/wp\/v2\/categories?post=39315"},{"taxonomy":"post_tag","embeddable":true,"href":"https:\/\/www.cm-benavente.pt\/index.php\/wp-json\/wp\/v2\/tags?post=39315"}],"curies":[{"name":"wp","href":"https:\/\/api.w.org\/{rel}","templated":true}]}}