{"id":38941,"date":"2022-11-29T16:45:42","date_gmt":"2022-11-29T16:45:42","guid":{"rendered":"https:\/\/www.cm-benavente.pt\/?p=38941"},"modified":"2022-11-29T16:47:23","modified_gmt":"2022-11-29T16:47:23","slug":"proibicao-de-estacionamento-em-samora-correia-mercados-de-natal","status":"publish","type":"post","link":"https:\/\/www.cm-benavente.pt\/index.php\/2022\/11\/29\/proibicao-de-estacionamento-em-samora-correia-mercados-de-natal\/","title":{"rendered":"Proibi\u00e7\u00e3o de estacionamento em Samora Correia &#8211; Mercados de Natal"},"content":{"rendered":"\t\t<div data-elementor-type=\"wp-post\" data-elementor-id=\"38941\" class=\"elementor elementor-38941\" data-elementor-post-type=\"post\">\n\t\t\t\t\t\t<section class=\"elementor-section elementor-top-section elementor-element elementor-element-49509ae elementor-section-boxed elementor-section-height-default elementor-section-height-default\" data-id=\"49509ae\" data-element_type=\"section\" data-e-type=\"section\" data-settings=\"{&quot;tmea_shape_divider_top&quot;:&quot;none&quot;,&quot;tmea_shape_divider_bottom&quot;:&quot;none&quot;}\">\n\t\t\t\t\t\t<div class=\"elementor-container elementor-column-gap-default\">\n\t\t\t\t\t<div class=\"elementor-column elementor-col-100 elementor-top-column elementor-element elementor-element-e20c512\" data-id=\"e20c512\" data-element_type=\"column\" data-e-type=\"column\">\n\t\t\t<div class=\"elementor-widget-wrap elementor-element-populated\">\n\t\t\t\t\n\t\t<div class=\"elementor-element elementor-element-7300777 elementor-widget elementor-widget-text-editor\" data-id=\"7300777\" data-element_type=\"widget\" data-e-type=\"widget\" data-widget_type=\"text-editor.default\">\n\t\t\t\t<div class=\"elementor-widget-container\">\n\t\t\t\t\t\t\t\t\t<p>Proibi\u00e7\u00e3o de estacionamento na Rua Oper\u00e1rios Agr\u00edcolas, em Samora Correia, entre as 10h e as 22h, dos dias 01 a 04 de dezembro, por motivo da realiza\u00e7\u00e3o dos Mercados de Natal.<\/p>\t\t\t\t\t\t\t\t<\/div>\n\t\t\t\t<\/div>\n\t\t\t\t<div class=\"elementor-element elementor-element-49f855a elementor-align-right elementor-widget elementor-widget-button\" data-id=\"49f855a\" data-element_type=\"widget\" data-e-type=\"widget\" data-widget_type=\"button.default\">\n\t\t\t\t<div class=\"elementor-widget-container\">\n\t\t\t\t\t\t\t\t\t<div class=\"elementor-button-wrapper\">\n\t\t\t\t\t<a class=\"elementor-button elementor-button-link elementor-size-sm elementor-animation-grow\" href=\"https:\/\/www.cm-benavente.pt\/wp-content\/uploads\/2022\/11\/edital-500.pdf\" target=\"_blank\">\n\t\t\t\t\t\t<span class=\"elementor-button-content-wrapper\">\n\t\t\t\t\t\t<span class=\"elementor-button-icon\">\n\t\t\t\t<i aria-hidden=\"true\" class=\"far fa-file-pdf\"><\/i>\t\t\t<\/span>\n\t\t\t\t\t\t\t\t\t<span class=\"elementor-button-text\">Edital N.\u00ba 500\/2022 - Proibi\u00e7\u00e3o de estacionamento \/ Samora Correia<\/span>\n\t\t\t\t\t<\/span>\n\t\t\t\t\t<\/a>\n\t\t\t\t<\/div>\n\t\t\t\t\t\t\t\t<\/div>\n\t\t\t\t<\/div>\n\t\t\t\t\t<\/div>\n\t\t<\/div>\n\t\t\t\t\t<\/div>\n\t\t<\/section>\n\t\t\t\t<\/div>\n\t\t","protected":false},"excerpt":{"rendered":"<p>Proibi\u00e7\u00e3o de estacionamento na Rua Oper\u00e1rios Agr\u00edcolas, em Samora Correia, entre as 10h e as 22h, dos dias 01 a 04 de dezembro, por motivo da realiza\u00e7\u00e3o dos Mercados de Natal.<\/p>\n","protected":false},"author":3,"featured_media":38942,"comment_status":"closed","ping_status":"closed","sticky":false,"template":"","format":"standard","meta":{"_vp_format_video_url":"","_vp_image_focal_point":[],"footnotes":""},"categories":[545,480],"tags":[185,16,302,479,350,868,27,13,481],"class_list":["post-38941","post","type-post","status-publish","format-standard","has-post-thumbnail","hentry","category-informacao","category-transito","tag-barrosa","tag-benavente","tag-estacionamento","tag-municipio-de-benavente","tag-natal","tag-proibido","tag-samora-correia","tag-santo-estevao","tag-transito"],"_links":{"self":[{"href":"https:\/\/www.cm-benavente.pt\/index.php\/wp-json\/wp\/v2\/posts\/38941","targetHints":{"allow":["GET"]}}],"collection":[{"href":"https:\/\/www.cm-benavente.pt\/index.php\/wp-json\/wp\/v2\/posts"}],"about":[{"href":"https:\/\/www.cm-benavente.pt\/index.php\/wp-json\/wp\/v2\/types\/post"}],"author":[{"embeddable":true,"href":"https:\/\/www.cm-benavente.pt\/index.php\/wp-json\/wp\/v2\/users\/3"}],"replies":[{"embeddable":true,"href":"https:\/\/www.cm-benavente.pt\/index.php\/wp-json\/wp\/v2\/comments?post=38941"}],"version-history":[{"count":0,"href":"https:\/\/www.cm-benavente.pt\/index.php\/wp-json\/wp\/v2\/posts\/38941\/revisions"}],"wp:featuredmedia":[{"embeddable":true,"href":"https:\/\/www.cm-benavente.pt\/index.php\/wp-json\/wp\/v2\/media\/38942"}],"wp:attachment":[{"href":"https:\/\/www.cm-benavente.pt\/index.php\/wp-json\/wp\/v2\/media?parent=38941"}],"wp:term":[{"taxonomy":"category","embeddable":true,"href":"https:\/\/www.cm-benavente.pt\/index.php\/wp-json\/wp\/v2\/categories?post=38941"},{"taxonomy":"post_tag","embeddable":true,"href":"https:\/\/www.cm-benavente.pt\/index.php\/wp-json\/wp\/v2\/tags?post=38941"}],"curies":[{"name":"wp","href":"https:\/\/api.w.org\/{rel}","templated":true}]}}