{"id":23929,"date":"2021-11-10T09:36:48","date_gmt":"2021-11-10T09:36:48","guid":{"rendered":"https:\/\/www.cm-benavente.pt\/?p=23929"},"modified":"2021-11-10T09:36:48","modified_gmt":"2021-11-10T09:36:48","slug":"divulgacao-sobre-o-mosquito-dos-citrinos-trioza-erytreae-del-guercio","status":"publish","type":"post","link":"https:\/\/www.cm-benavente.pt\/index.php\/2021\/11\/10\/divulgacao-sobre-o-mosquito-dos-citrinos-trioza-erytreae-del-guercio\/","title":{"rendered":"Divulga\u00e7\u00e3o sobre o Mosquito dos Citrinos \/ Trioza erytreae Del Guercio"},"content":{"rendered":"\n<p>Na sequ\u00eancia de dete\u00e7\u00e3o de&nbsp;<strong>Trioza erytreae&nbsp;Del Guercio<\/strong>, vulgo psila-africana-dos-citrinos no&nbsp;<strong>Mun\u00edcipio de Benavente<\/strong>, a&nbsp;<strong>Autoridade Fitossanit\u00e1ria Nacional, Dire\u00e7\u00e3o Geral de Alimenta\u00e7\u00e3o e Veterin\u00e1ria (DGAV)<\/strong>, estabeleceu um conjunto de medidas de prote\u00e7\u00e3o fitossanit\u00e1rias para evitar a dispers\u00e3o da referida praga pelo territ\u00f3rio nacional.<\/p>\n\n\n\n<p>A&nbsp;<strong>psila africana-dos-citrinos<\/strong>, \u00e9 um inseto que, para al\u00e9m de provocar danos diretos nas plantas que ataca, \u00e9 considerado especialmente sens\u00edvel por ser vetor de uma agente causador de uma doen\u00e7a, enverdecimento-dos-citrinos, de momento sem cura conhecida e que afeta o potencial destas plantas, levando normalmente ao seu decl\u00ednio e morte.<\/p>\n\n\n\n<p>Tendo em conta a biologia dos insetos, estabelece-se como indispens\u00e1vel a especial aten\u00e7\u00e3o que, neste \u00e2mbito, deve ser dada a exemplares do g\u00e9nero&nbsp;Citrus, plantas usualmente conhecidas por citrinos, nas quais se incluem as laranjeiras, limoeiros e afins, mas tamb\u00e9m a outras plantas hospedeiras do inseto, incluindo vegetais de&nbsp;Choisya&nbsp;Kunth,&nbsp;Fortunella&nbsp;Swingle,&nbsp;Poncirus&nbsp;Raf. e os seus h\u00edbridos,&nbsp;Casimiroa&nbsp;La Llave,&nbsp;Clausena&nbsp;Burm f.,&nbsp;Murraya&nbsp;J. Koenig ex L.,&nbsp;Vepris&nbsp;Comm.,&nbsp;Zanthoxylum&nbsp;L., com exce\u00e7\u00e3o de frutos e sementes.<\/p>\n\n\n\n<p>Consulte aqui as informa\u00e7\u00f5es disponibilizadas pela&nbsp;<a href=\"http:\/\/www.draplvt.mamaot.pt\/Pages\/Homepage.aspx\" target=\"_blank\" rel=\"noopener\"><strong>DRAPLVT<\/strong><\/a>&nbsp;e pelo&nbsp;<a href=\"https:\/\/www.portugal.gov.pt\/pt\/gc21\/area-de-governo\/agricultura-florestas-e-desenvolvimento-rural\" target=\"_blank\" rel=\"noopener\"><strong>Minist\u00e9rio da Agricultura<\/strong><\/a>:&nbsp;<\/p>\n\n\n\n<p><a href=\"https:\/\/www.cm-benavente.pt\/wp-content\/uploads\/2021\/11\/Benavente-1.pdf\">Benavente &#8211; Edital \/ Notifica\u00e7\u00e3o de aplica\u00e7\u00e3o de medidas fotossanit\u00e1rias obrigat\u00f3rias<\/a><\/p>\n\n\n\n<p><a href=\"https:\/\/www.cm-benavente.pt\/wp-content\/uploads\/2021\/11\/Despacho-52_2021_-WEB-SITE-ZD-Trioza.pdf\">Despacho N.\u00ba52\/G\/2021 &#8211; Atualiza\u00e7\u00e3o da zona demarcada para Trioza Erytreae<\/a><\/p>\n\n\n\n<p><a href=\"https:\/\/www.cm-benavente.pt\/wp-content\/uploads\/2021\/11\/Portaria-142_2020-trioza-1.pdf\">Portaria N.\u00ba142\/2020 de 17 de junho<\/a><\/p>\n","protected":false},"excerpt":{"rendered":"<p>Na sequ\u00eancia de dete\u00e7\u00e3o de&nbsp;Trioza erytreae&nbsp;Del Guercio, vulgo psila-africana-dos-citrinos no&nbsp;Mun\u00edcipio de Benavente, a&nbsp;Autoridade Fitossanit\u00e1ria Nacional, Dire\u00e7\u00e3o Geral de Alimenta\u00e7\u00e3o e Veterin\u00e1ria (DGAV), estabeleceu um conjunto de medidas de prote\u00e7\u00e3o fitossanit\u00e1rias para evitar a dispers\u00e3o da referida praga pelo territ\u00f3rio nacional. A&nbsp;psila africana-dos-citrinos, \u00e9 um inseto que, para al\u00e9m de provocar danos diretos nas plantas que [&hellip;]<\/p>\n","protected":false},"author":3,"featured_media":23933,"comment_status":"open","ping_status":"open","sticky":false,"template":"","format":"standard","meta":{"_vp_format_video_url":"","_vp_image_focal_point":[],"footnotes":""},"categories":[527,545],"tags":[260,185,16,638,76,636,257,479,639,27,13,637],"class_list":["post-23929","post","type-post","status-publish","format-standard","has-post-thumbnail","hentry","category-ambiente","category-informacao","tag-agricultura","tag-barrosa","tag-benavente","tag-dgav","tag-ministerio","tag-mosquito","tag-mosquito-do-citrinos","tag-municipio-de-benavente","tag-praga","tag-samora-correia","tag-santo-estevao","tag-trioza-erytreae-del-guercio"],"_links":{"self":[{"href":"https:\/\/www.cm-benavente.pt\/index.php\/wp-json\/wp\/v2\/posts\/23929","targetHints":{"allow":["GET"]}}],"collection":[{"href":"https:\/\/www.cm-benavente.pt\/index.php\/wp-json\/wp\/v2\/posts"}],"about":[{"href":"https:\/\/www.cm-benavente.pt\/index.php\/wp-json\/wp\/v2\/types\/post"}],"author":[{"embeddable":true,"href":"https:\/\/www.cm-benavente.pt\/index.php\/wp-json\/wp\/v2\/users\/3"}],"replies":[{"embeddable":true,"href":"https:\/\/www.cm-benavente.pt\/index.php\/wp-json\/wp\/v2\/comments?post=23929"}],"version-history":[{"count":0,"href":"https:\/\/www.cm-benavente.pt\/index.php\/wp-json\/wp\/v2\/posts\/23929\/revisions"}],"wp:featuredmedia":[{"embeddable":true,"href":"https:\/\/www.cm-benavente.pt\/index.php\/wp-json\/wp\/v2\/media\/23933"}],"wp:attachment":[{"href":"https:\/\/www.cm-benavente.pt\/index.php\/wp-json\/wp\/v2\/media?parent=23929"}],"wp:term":[{"taxonomy":"category","embeddable":true,"href":"https:\/\/www.cm-benavente.pt\/index.php\/wp-json\/wp\/v2\/categories?post=23929"},{"taxonomy":"post_tag","embeddable":true,"href":"https:\/\/www.cm-benavente.pt\/index.php\/wp-json\/wp\/v2\/tags?post=23929"}],"curies":[{"name":"wp","href":"https:\/\/api.w.org\/{rel}","templated":true}]}}