{"id":23918,"date":"2021-11-10T09:13:04","date_gmt":"2021-11-10T09:13:04","guid":{"rendered":"https:\/\/www.cm-benavente.pt\/?p=23918"},"modified":"2021-11-10T09:13:04","modified_gmt":"2021-11-10T09:13:04","slug":"47o-aniversario-da-sociedade-filarmonica-de-santo-estevao","status":"publish","type":"post","link":"https:\/\/www.cm-benavente.pt\/index.php\/2021\/11\/10\/47o-aniversario-da-sociedade-filarmonica-de-santo-estevao\/","title":{"rendered":"47\u00ba anivers\u00e1rio da Sociedade Filarm\u00f3nica de Santo Estev\u00e3o"},"content":{"rendered":"\n<p><strong>Concerto de anivers\u00e1rio esgotado<\/strong><\/p>\n\n\n\n<p>No \u00e2mbito das comemora\u00e7\u00f5es do 47\u00ba Anivers\u00e1rio da Sociedade Filarm\u00f3nica de Santo Est\u00eav\u00e3o, est\u00e1 marcado um fant\u00e1stico concerto pela Banda Filarm\u00f3nica de Santo Est\u00eav\u00e3o, com dire\u00e7\u00e3o do Maestro Jo\u00e3o Raquel. O limite da sala \u00e9 de 100 lugares e a lota\u00e7\u00e3o est\u00e1 completa.<\/p>\n","protected":false},"excerpt":{"rendered":"<p>Concerto de anivers\u00e1rio esgotado No \u00e2mbito das comemora\u00e7\u00f5es do 47\u00ba Anivers\u00e1rio da Sociedade Filarm\u00f3nica de Santo Est\u00eav\u00e3o, est\u00e1 marcado um fant\u00e1stico concerto pela Banda Filarm\u00f3nica de Santo Est\u00eav\u00e3o, com dire\u00e7\u00e3o do Maestro Jo\u00e3o Raquel. O limite da sala \u00e9 de 100 lugares e a lota\u00e7\u00e3o est\u00e1 completa.<\/p>\n","protected":false},"author":3,"featured_media":23919,"comment_status":"open","ping_status":"open","sticky":false,"template":"","format":"standard","meta":{"_vp_format_video_url":"","_vp_image_focal_point":[],"footnotes":""},"categories":[511,510],"tags":[634,91,101,185,16,596,479,4,27,13,220],"class_list":["post-23918","post","type-post","status-publish","format-standard","has-post-thumbnail","hentry","category-cultura-noticias","category-evento","tag-47-anos","tag-47o-aniversario","tag-aniversario","tag-barrosa","tag-benavente","tag-filarmonica","tag-municipio-de-benavente","tag-musica","tag-samora-correia","tag-santo-estevao","tag-sociedade-filarmonica"],"_links":{"self":[{"href":"https:\/\/www.cm-benavente.pt\/index.php\/wp-json\/wp\/v2\/posts\/23918","targetHints":{"allow":["GET"]}}],"collection":[{"href":"https:\/\/www.cm-benavente.pt\/index.php\/wp-json\/wp\/v2\/posts"}],"about":[{"href":"https:\/\/www.cm-benavente.pt\/index.php\/wp-json\/wp\/v2\/types\/post"}],"author":[{"embeddable":true,"href":"https:\/\/www.cm-benavente.pt\/index.php\/wp-json\/wp\/v2\/users\/3"}],"replies":[{"embeddable":true,"href":"https:\/\/www.cm-benavente.pt\/index.php\/wp-json\/wp\/v2\/comments?post=23918"}],"version-history":[{"count":0,"href":"https:\/\/www.cm-benavente.pt\/index.php\/wp-json\/wp\/v2\/posts\/23918\/revisions"}],"wp:featuredmedia":[{"embeddable":true,"href":"https:\/\/www.cm-benavente.pt\/index.php\/wp-json\/wp\/v2\/media\/23919"}],"wp:attachment":[{"href":"https:\/\/www.cm-benavente.pt\/index.php\/wp-json\/wp\/v2\/media?parent=23918"}],"wp:term":[{"taxonomy":"category","embeddable":true,"href":"https:\/\/www.cm-benavente.pt\/index.php\/wp-json\/wp\/v2\/categories?post=23918"},{"taxonomy":"post_tag","embeddable":true,"href":"https:\/\/www.cm-benavente.pt\/index.php\/wp-json\/wp\/v2\/tags?post=23918"}],"curies":[{"name":"wp","href":"https:\/\/api.w.org\/{rel}","templated":true}]}}