{"id":23914,"date":"2021-11-10T09:09:53","date_gmt":"2021-11-10T09:09:53","guid":{"rendered":"https:\/\/www.cm-benavente.pt\/?p=23914"},"modified":"2021-11-10T09:09:53","modified_gmt":"2021-11-10T09:09:53","slug":"150-anos-da-sociedade-filarmonica-benaventense","status":"publish","type":"post","link":"https:\/\/www.cm-benavente.pt\/index.php\/2021\/11\/10\/150-anos-da-sociedade-filarmonica-benaventense\/","title":{"rendered":"150 anos da Sociedade Filarm\u00f3nica Benaventense"},"content":{"rendered":"\n<p><strong>Participe nas comemora\u00e7\u00f5es no dia 1 de novembro<\/strong><\/p>\n\n\n\n<p>A Filarm\u00f3nica de Benavente tem uma hist\u00f3ria rica e a sua import\u00e2ncia na vila de Benavente e na Regi\u00e3o foi e \u00e9 imensur\u00e1vel. Do seu vasto patrim\u00f3nio documental, humano e de sauda\u00e7\u00f5es recebidas, consta a&nbsp;<strong>Medalha de Honra do Munic\u00edpio de Benavente<\/strong>&nbsp;que lhe foi atribu\u00edda em 24\/03\/1991 \u2013 por contribuir para a eleva\u00e7\u00e3o cultural das gentes de Benavente.&nbsp;<em>\u201cFundada em 1 de novembro de 1871, tem ao longo dos seus 120 anos de exist\u00eancia, sido um importante polo de desenvolvimento das atividades culturais da popula\u00e7\u00e3o de Benavente, com especial relevo para a dinamiza\u00e7\u00e3o do ensino e divulga\u00e7\u00e3o da m\u00fasica. Tem fomentado o gosto pela leitura, canto, bailado e teatro, promovendo n\u00e3o s\u00f3 a aprendizagem de valores culturais, como estimula a conviv\u00eancia entre jovens e adultos.<\/em><\/p>\n\n\n\n<p><em>No seio da comunidade Benaventense, a sua a\u00e7\u00e3o merit\u00f3ria, desenvolvida ao longo de mais de um s\u00e9culo, foi e \u00e9 hoje, um sustent\u00e1culo insubstitu\u00edvel de valores b\u00e1sicos do desenvolvimento socio cultural da nossa popula\u00e7\u00e3o\u201d.<\/em><\/p>\n\n\n\n<p><strong>Programa das Comemora\u00e7\u00f5es no dia 1 de novembro<\/strong><\/p>\n\n\n\n<p>09:H00 &#8211; Hastear da Bandeira<\/p>\n\n\n\n<p>09H45 &#8211; Inaugura\u00e7\u00e3o da Exposi\u00e7\u00e3o Filat\u00e9lica e Numism\u00e1tica<\/p>\n\n\n\n<p>10H30 &#8211; Missa na Igreja Matriz de Benavente<\/p>\n\n\n\n<p>11H45 &#8211; Romagem ao cemit\u00e9rio<\/p>\n\n\n\n<p>15H00 &#8211; Lan\u00e7amento do livro \u201c150 anos \u2013 Sociedade Filarm\u00f3nica Benaventense\u201d no cineteatro de Benavente<\/p>\n\n\n\n<p>16H30 &#8211; Concerto de anivers\u00e1rio com a banda da SFB com o maestro Jo\u00e3o Dias, no cineteatro de Benavente<\/p>\n\n\n\n<p>Participe.<\/p>\n\n\n\n<h3 class=\"wp-block-heading\">Sociedade Filarm\u00f3nica Benaventense &#8211; RTP Portugal em Direto<\/h3>\n\n\n\n<figure class=\"wp-block-embed is-type-video is-provider-youtube wp-block-embed-youtube wp-embed-aspect-16-9 wp-has-aspect-ratio\"><div class=\"wp-block-embed__wrapper\">\n<iframe title=\"150\u00ba Anivers\u00e1rio da Sociedade Filarm\u00f3nica Benaventense Comemora\u00e7\u00f5es 1\/11\/21 Cine-Teatro Benavente\" width=\"800\" height=\"450\" src=\"https:\/\/www.youtube.com\/embed\/PK-WlBW84HQ?feature=oembed\" frameborder=\"0\" allow=\"accelerometer; autoplay; clipboard-write; encrypted-media; gyroscope; picture-in-picture\" allowfullscreen><\/iframe>\n<\/div><\/figure>\n\n\n\n<figure class=\"wp-block-image size-large\"><img fetchpriority=\"high\" decoding=\"async\" width=\"709\" height=\"1024\" src=\"https:\/\/www.cm-benavente.pt\/wp-content\/uploads\/2021\/11\/sfb-programa-709x1024.jpg\" alt=\"\" class=\"wp-image-23915\" srcset=\"https:\/\/www.cm-benavente.pt\/wp-content\/uploads\/2021\/11\/sfb-programa-709x1024.jpg 709w, https:\/\/www.cm-benavente.pt\/wp-content\/uploads\/2021\/11\/sfb-programa-208x300.jpg 208w, https:\/\/www.cm-benavente.pt\/wp-content\/uploads\/2021\/11\/sfb-programa.jpg 720w\" sizes=\"(max-width: 709px) 100vw, 709px\" \/><\/figure>\n","protected":false},"excerpt":{"rendered":"<p>Participe nas comemora\u00e7\u00f5es no dia 1 de novembro A Filarm\u00f3nica de Benavente tem uma hist\u00f3ria rica e a sua import\u00e2ncia na vila de Benavente e na Regi\u00e3o foi e \u00e9 imensur\u00e1vel. Do seu vasto patrim\u00f3nio documental, humano e de sauda\u00e7\u00f5es recebidas, consta a&nbsp;Medalha de Honra do Munic\u00edpio de Benavente&nbsp;que lhe foi atribu\u00edda em 24\/03\/1991 \u2013 [&hellip;]<\/p>\n","protected":false},"author":3,"featured_media":23916,"comment_status":"open","ping_status":"open","sticky":false,"template":"","format":"standard","meta":{"_vp_format_video_url":"","_vp_image_focal_point":[],"footnotes":""},"categories":[511,510],"tags":[633,101,185,16,596,479,4,27,13,631,220,632],"class_list":["post-23914","post","type-post","status-publish","format-standard","has-post-thumbnail","hentry","category-cultura-noticias","category-evento","tag-150-anos","tag-aniversario","tag-barrosa","tag-benavente","tag-filarmonica","tag-municipio-de-benavente","tag-musica","tag-samora-correia","tag-santo-estevao","tag-sfb","tag-sociedade-filarmonica","tag-sociedade-filarmonica-benaventense"],"_links":{"self":[{"href":"https:\/\/www.cm-benavente.pt\/index.php\/wp-json\/wp\/v2\/posts\/23914","targetHints":{"allow":["GET"]}}],"collection":[{"href":"https:\/\/www.cm-benavente.pt\/index.php\/wp-json\/wp\/v2\/posts"}],"about":[{"href":"https:\/\/www.cm-benavente.pt\/index.php\/wp-json\/wp\/v2\/types\/post"}],"author":[{"embeddable":true,"href":"https:\/\/www.cm-benavente.pt\/index.php\/wp-json\/wp\/v2\/users\/3"}],"replies":[{"embeddable":true,"href":"https:\/\/www.cm-benavente.pt\/index.php\/wp-json\/wp\/v2\/comments?post=23914"}],"version-history":[{"count":0,"href":"https:\/\/www.cm-benavente.pt\/index.php\/wp-json\/wp\/v2\/posts\/23914\/revisions"}],"wp:featuredmedia":[{"embeddable":true,"href":"https:\/\/www.cm-benavente.pt\/index.php\/wp-json\/wp\/v2\/media\/23916"}],"wp:attachment":[{"href":"https:\/\/www.cm-benavente.pt\/index.php\/wp-json\/wp\/v2\/media?parent=23914"}],"wp:term":[{"taxonomy":"category","embeddable":true,"href":"https:\/\/www.cm-benavente.pt\/index.php\/wp-json\/wp\/v2\/categories?post=23914"},{"taxonomy":"post_tag","embeddable":true,"href":"https:\/\/www.cm-benavente.pt\/index.php\/wp-json\/wp\/v2\/tags?post=23914"}],"curies":[{"name":"wp","href":"https:\/\/api.w.org\/{rel}","templated":true}]}}