{"id":23912,"date":"2021-11-10T09:04:54","date_gmt":"2021-11-10T09:04:54","guid":{"rendered":"https:\/\/www.cm-benavente.pt\/?p=23912"},"modified":"2021-11-10T09:04:54","modified_gmt":"2021-11-10T09:04:54","slug":"ordem-do-dia-da-proxima-reuniao-publica-da-camara-municipal-6","status":"publish","type":"post","link":"https:\/\/www.cm-benavente.pt\/index.php\/2021\/11\/10\/ordem-do-dia-da-proxima-reuniao-publica-da-camara-municipal-6\/","title":{"rendered":"Ordem do dia da pr\u00f3xima reuni\u00e3o p\u00fablica da C\u00e2mara Municipal"},"content":{"rendered":"\n<p>Informam-se todos os mun\u00edcipes que a&nbsp;<strong>reuni\u00e3o p\u00fablica da C\u00e2mara Municipal<\/strong>&nbsp;da pr\u00f3xima ter\u00e7a-feira, 02<strong>&nbsp;de novembro<\/strong>, ir\u00e1 realizar-se de forma presencial e tamb\u00e9m com transmiss\u00e3o no site institucional e redes sociais da autarquia.<\/p>\n\n\n\n<p>Consulte aqui a ordem do dia:<\/p>\n\n\n\n<p><a href=\"https:\/\/www.cm-benavente.pt\/wp-content\/uploads\/2021\/11\/Ordem-do-Dia-para-20211102.pdf\">Ordem do dia &#8211; Reuni\u00e3o p\u00fablica de 02\/11\/2021<\/a><\/p>\n\n\n\n<figure class=\"wp-block-embed is-type-video is-provider-youtube wp-block-embed-youtube wp-embed-aspect-16-9 wp-has-aspect-ratio\"><div class=\"wp-block-embed__wrapper\">\n<iframe title=\"Reuni\u00e3o de C\u00e2mara - 02 de novembro de 2021\" width=\"800\" height=\"450\" src=\"https:\/\/www.youtube.com\/embed\/8V2UXT4A0W4?feature=oembed\" frameborder=\"0\" allow=\"accelerometer; autoplay; clipboard-write; encrypted-media; gyroscope; picture-in-picture\" allowfullscreen><\/iframe>\n<\/div><\/figure>\n","protected":false},"excerpt":{"rendered":"<p>Informam-se todos os mun\u00edcipes que a&nbsp;reuni\u00e3o p\u00fablica da C\u00e2mara Municipal&nbsp;da pr\u00f3xima ter\u00e7a-feira, 02&nbsp;de novembro, ir\u00e1 realizar-se de forma presencial e tamb\u00e9m com transmiss\u00e3o no site institucional e redes sociais da autarquia. Consulte aqui a ordem do dia: Ordem do dia &#8211; Reuni\u00e3o p\u00fablica de 02\/11\/2021<\/p>\n","protected":false},"author":3,"featured_media":23599,"comment_status":"open","ping_status":"open","sticky":false,"template":"","format":"standard","meta":{"_vp_format_video_url":"","_vp_image_focal_point":[],"footnotes":""},"categories":[518],"tags":[185,16,43,479,519,51,27,13],"class_list":["post-23912","post","type-post","status-publish","format-standard","has-post-thumbnail","hentry","category-municipio","tag-barrosa","tag-benavente","tag-direto","tag-municipio-de-benavente","tag-reuniao-de-camara","tag-reuniao-publica","tag-samora-correia","tag-santo-estevao"],"_links":{"self":[{"href":"https:\/\/www.cm-benavente.pt\/index.php\/wp-json\/wp\/v2\/posts\/23912","targetHints":{"allow":["GET"]}}],"collection":[{"href":"https:\/\/www.cm-benavente.pt\/index.php\/wp-json\/wp\/v2\/posts"}],"about":[{"href":"https:\/\/www.cm-benavente.pt\/index.php\/wp-json\/wp\/v2\/types\/post"}],"author":[{"embeddable":true,"href":"https:\/\/www.cm-benavente.pt\/index.php\/wp-json\/wp\/v2\/users\/3"}],"replies":[{"embeddable":true,"href":"https:\/\/www.cm-benavente.pt\/index.php\/wp-json\/wp\/v2\/comments?post=23912"}],"version-history":[{"count":0,"href":"https:\/\/www.cm-benavente.pt\/index.php\/wp-json\/wp\/v2\/posts\/23912\/revisions"}],"wp:featuredmedia":[{"embeddable":true,"href":"https:\/\/www.cm-benavente.pt\/index.php\/wp-json\/wp\/v2\/media\/23599"}],"wp:attachment":[{"href":"https:\/\/www.cm-benavente.pt\/index.php\/wp-json\/wp\/v2\/media?parent=23912"}],"wp:term":[{"taxonomy":"category","embeddable":true,"href":"https:\/\/www.cm-benavente.pt\/index.php\/wp-json\/wp\/v2\/categories?post=23912"},{"taxonomy":"post_tag","embeddable":true,"href":"https:\/\/www.cm-benavente.pt\/index.php\/wp-json\/wp\/v2\/tags?post=23912"}],"curies":[{"name":"wp","href":"https:\/\/api.w.org\/{rel}","templated":true}]}}