{"id":23817,"date":"2021-11-09T15:53:19","date_gmt":"2021-11-09T15:53:19","guid":{"rendered":"https:\/\/www.cm-benavente.pt\/?p=23817"},"modified":"2021-11-09T16:22:02","modified_gmt":"2021-11-09T16:22:02","slug":"exposicao-de-rua-comemorativa-dos-100-anos-da-sfus","status":"publish","type":"post","link":"https:\/\/www.cm-benavente.pt\/index.php\/2021\/11\/09\/exposicao-de-rua-comemorativa-dos-100-anos-da-sfus\/","title":{"rendered":"Exposi\u00e7\u00e3o de rua comemorativa dos 100 anos da SFUS"},"content":{"rendered":"\n<p>A&nbsp;<strong>SFUS \u2013 Sociedade Filarm\u00f3nica Uni\u00e3o Samorense<\/strong>&nbsp;fez&nbsp;<strong>100 anos<\/strong>&nbsp;de salutar vida no dia&nbsp;<strong>10 de maio<\/strong>.<\/p>\n\n\n\n<p>As comemora\u00e7\u00f5es do centen\u00e1rio continuam a decorrer, um pouco limitadas pelas conting\u00eancias inerentes \u00e0 Pandemia, por\u00e9m, decorrem at\u00e9 ao final do ano\u00a0<strong>v\u00e1rios concertos com organiza\u00e7\u00e3o da SFUS<\/strong>, por onde passam tamb\u00e9m todas as Bandas Filarm\u00f3nicas do Munic\u00edpio. \u00a0Entretanto, quem passar pela Av\u00aa O S\u00e9culo, junto ao Bairro Nossa Sra de Oliveira, pode ver uma\u00a0<strong>exposi\u00e7\u00e3o de rua dinamizada pela C\u00e2mara Municipal<\/strong>\u00a0de Benavente, com imagens das atividades da Coletividade ao longo do \u00faltimo s\u00e9culo.<\/p>\n\n\n\n<figure class=\"wp-block-embed is-type-video is-provider-youtube wp-block-embed-youtube wp-embed-aspect-16-9 wp-has-aspect-ratio\"><div class=\"wp-block-embed__wrapper\">\n<iframe title=\"Exposi\u00e7\u00e3o de rua comemorativa dos 100 anos da SFUS\" width=\"800\" height=\"450\" src=\"https:\/\/www.youtube.com\/embed\/rSIq6yiIiFY?feature=oembed\" frameborder=\"0\" allow=\"accelerometer; autoplay; clipboard-write; encrypted-media; gyroscope; picture-in-picture\" allowfullscreen><\/iframe>\n<\/div><\/figure>\n\n\n\n<p><strong>O Centen\u00e1rio (1921-2021)<\/strong><\/p>\n\n\n\n<p>A&nbsp;<strong>Sociedade Filarm\u00f3nica Uni\u00e3o Samorense<\/strong>, a mais antiga coletividade de&nbsp;<strong>Samora Correia<\/strong>, comemora&nbsp;<strong>100 anos de vida!<\/strong><\/p>\n\n\n\n<p>Ao longo do seu percurso, largas centenas de samorenses deram o melhor de si, com uma entrega incondicional, para que a comunidade local pudesse aceder e usufruir da cultura nas suas mais variadas formas de express\u00e3o.<\/p>\n\n\n\n<p>O projeto que alguns sonharam e criaram e que outros desenvolveram passando o testemunho de gera\u00e7\u00e3o em gera\u00e7\u00e3o, sempre com o apoio e carinho da popula\u00e7\u00e3o, foi-se tornando uma refer\u00eancia no movimento associativo nacional.<\/p>\n\n\n\n<p>\u00c9 todo este coletivo de homens e mulheres que est\u00e1 de parab\u00e9ns!<\/p>\n\n\n\n<p><strong>Visite o N\u00facleo Museol\u00f3gico da SFUS<\/strong><\/p>\n\n\n\n<p>Ao longo do seu percurso, largas centenas de samorenses deram o melhor de si, com uma entrega incondicional, para que a comunidade local pudesse aceder e usufruir da cultura nas suas mais variadas formas de express\u00e3o.<\/p>\n\n\n\n<p>O projeto que alguns sonharam e criaram e que outros desenvolveram passando o testemunho de gera\u00e7\u00e3o em gera\u00e7\u00e3o, sempre com o apoio e carinho da popula\u00e7\u00e3o, foi-se tornando uma refer\u00eancia no movimento associativo nacional.<\/p>\n\n\n\n<p>Inicialmente foi casa da\u00a0<strong>C\u00e2mara<\/strong>, depois foi sede da\u00a0<strong>SFUS<\/strong>\u00a0e, posteriormente, o edif\u00edcio foi recuperado pelo<strong>\u00a0Munic\u00edpio de Benavente<\/strong>\u00a0para um n\u00facleo museol\u00f3gico e espa\u00e7o do artes\u00e3o, sendo que o 1\u00ba andar ficou reservado \u00e0 coletividade. Foi esse espa\u00e7o que \u00a0ganhou outra vida e outra din\u00e2mica com a inaugura\u00e7\u00e3o desta exposi\u00e7\u00e3o no passado m\u00eas de maio, onde \u00e9 retratada toda a hist\u00f3ria da coletividade, seus altos e baixos, sucessos e projetos que tanto influenciaram e motivaram a sociedade de\u00a0<strong>Samora Correia.<\/strong><\/p>\n\n\n\n<figure class=\"wp-block-video\"><video height=\"1080\" style=\"aspect-ratio: 1920 \/ 1080;\" width=\"1920\" autoplay controls src=\"https:\/\/www.cm-benavente.pt\/wp-content\/uploads\/2021\/11\/sfus-compressed.mp4\"><\/video><\/figure>\n\n\n\n<p><strong>Antecedentes da SFUS<\/strong><\/p>\n\n\n\n<p>Nas comemora\u00e7\u00f5es do&nbsp;<strong>1.\u00ba de dezembro de 1888<\/strong>, estreia-se publicamente a primeira banda filarm\u00f3nica de que h\u00e1 mem\u00f3ria em&nbsp;<strong>Samora Correia &#8211; a Sociedade Filarm\u00f3nica Samorense<\/strong>&nbsp;dirigida pelo&nbsp;<strong>mestre Brito.<\/strong>&nbsp;Possivelmente, constitu\u00edda por m\u00fasicos oriundos das antigas charangas que animavam a terra em eventos festivos ocasionais. Mas, passado algum tempo, desaven\u00e7as internas ditaram o fim prematuro da Banda e, desta divis\u00e3o surgem dois novos agrupamentos, a&nbsp;<strong>Sociedade Progresso Samorense,<\/strong>&nbsp;vulgarmente conhecida por \u201cCebo\u201d e a Sociedade Talma Samorense, alcunhada de \u201cTrambolhia\u201d. A Cebo dedicava-se a abrilhantar arraiais e outros espet\u00e1culos de cariz mais popular, enquanto a \u201cTrambolhia\u201d repartia a sua atividade art\u00edstica entre a<strong>&nbsp;Banda Filarm\u00f3nica<\/strong>&nbsp;e o grupo c\u00e9nico que criara para a promo\u00e7\u00e3o de espet\u00e1culos teatrais.<\/p>\n\n\n\n<p>Mas o percurso destas Bandas foi ef\u00e9mero! Em&nbsp;<strong>1910<\/strong>, por raz\u00f5es diversas, ambas puseram fim \u00e0 sua atividade. No entanto, o vazio associativo n\u00e3o se manteve por muito tempo porque o gosto pela m\u00fasica e pela sua divulga\u00e7\u00e3o n\u00e3o tinha barreiras intranspon\u00edveis. No ano seguinte, em pleno advento das novas ideias republicanas \u00e9 constitu\u00edda a&nbsp;<strong>Sociedade Recreativa Musical Samorense<\/strong>&nbsp;composta, em grande parte, por m\u00fasicos das duas bandas anteriores.<\/p>\n\n\n\n<p>Quando tudo parecia dar certo, a instabilidade pol\u00edtica da 1.\u00aa Rep\u00fablica agravada pela entrada de&nbsp;<strong>Portugal na Primeira Grande Guerra<\/strong>&nbsp;preocupa todos os samorenses, sobretudo, os mobilizados e as suas fam\u00edlias. O interesse pela m\u00fasica e pelas festas desvanece e a coletividade v\u00ea-se obrigada a fechar as suas portas. (\u2026)<\/p>\n\n\n\n<p><strong>A funda\u00e7\u00e3o da SFUS<\/strong><\/p>\n\n\n\n<p>Saradas as feridas da guerra e da pneum\u00f3nica renasce o entusiasmo pela vida associativa e a&nbsp;<strong>10 de maio de 1921<\/strong>&nbsp;\u00e9 criada a&nbsp;<strong>SFUS \u2013 Sociedade Filarm\u00f3nica Uni\u00e3o Samorense<\/strong>, gra\u00e7as ao empenho e dedica\u00e7\u00e3o de Jos\u00e9 de Oliveira Rato, do professor Neves e de Jo\u00e3o Pedro Fernandes. Os tr\u00eas fundadores da coletividade tiveram como objetivo primordial a forma\u00e7\u00e3o de uma Banda Filarm\u00f3nica que ficou a cargo do maestro Ant\u00f3nio Almeida e Oliveira e foi sobre a reg\u00eancia deste que se produziram as primeiras atua\u00e7\u00f5es.<\/p>\n\n\n\n<p>Ainda nesta d\u00e9cada, os sucessivos corpos diretivos da coletividade esfor\u00e7aram-se por melhorar e diversificar a oferta cultural aos seus associados e \u00e0 popula\u00e7\u00e3o em geral. Para al\u00e9m da m\u00fasica, foi criado um grupo c\u00e9nico (1923), sess\u00f5es de cinema no edif\u00edcio\/sede (1927) e organizados os primeiros bailes. A din\u00e2mica associativa da&nbsp;<strong>SFUS<\/strong>&nbsp;prolonga-se durante os anos 30. A Banda, \u00e0 \u00e9poca, regida pelo maestro&nbsp;<strong>Al\u00edpio Seco<\/strong>&nbsp;faz uma viagem de cacilheiro, do<strong>&nbsp;Porto Alto<\/strong>&nbsp;at\u00e9&nbsp;<strong>Cacilhas<\/strong>&nbsp;para uma atua\u00e7\u00e3o na&nbsp;<strong>Cova da Piedade<\/strong>. Muitos samorenses, euf\u00f3ricos e orgulhosos acompanharam os m\u00fasicos na desloca\u00e7\u00e3o, enquanto outros acorreram \u00e0 zona do embarque para saudar freneticamente a comitiva. Em 31 de agosto de&nbsp;<strong>1937<\/strong>&nbsp;\u00e9 apresentado publicamente o&nbsp;<strong>Hino da SFUS<\/strong>&nbsp;com letra do professor Jo\u00e3o Fernandes Pratas e m\u00fasica do maestro<strong>&nbsp;Ant\u00f3nio de Almeida e Oliveira<\/strong>.<\/p>\n\n\n\n<p>Desde a sua funda\u00e7\u00e3o at\u00e9 ao in\u00edcio da&nbsp;<strong>II Guerra Mundial<\/strong>&nbsp;\u00e9 a&nbsp;<strong>SFUS<\/strong>&nbsp;que assume quase toda a atividade musical e cultural que se produz em&nbsp;<strong>Samora Correia<\/strong>.<\/p>\n\n\n\n<p>A guerra, na qual&nbsp;<strong>Portugal<\/strong>&nbsp;n\u00e3o se envolve diretamente, n\u00e3o deixa de criar tens\u00e3o e agita\u00e7\u00e3o social no pa\u00eds. \u00c9 preciso definir prioridades e, mais uma vez, o movimento associativo sai a perder! A&nbsp;<strong>SFUS<\/strong>&nbsp;suspende toda a sua atividade e s\u00f3 volta a reativ\u00e1-la ap\u00f3s o fim do conflito. (\u2026)<\/p>\n\n\n\n<p><strong>A SFUS no s\u00e9culo XXI<\/strong><\/p>\n\n\n\n<p>Os tempos recentes trouxeram novos desafios ao movimento associativo. As sociedades atuais vivem a um ritmo acelerado, disperso e confrontadas com m\u00faltiplas ofertas que as novas tecnologias vieram facilitar na forma de comunicar, de interagir e de ocupar os tempos livres dos indiv\u00edduos.<\/p>\n\n\n\n<p>A&nbsp;<strong>SFUS<\/strong>, fruto de um saber de experi\u00eancias feito ao longo de um s\u00e9culo de din\u00e2mica associativa, tem sabido adaptar-se, renovar-se e definir prioridades para poder continuar a servir a comunidade no campo das artes, da cultura e do desporto.<\/p>\n\n\n\n<p>Apesar da m\u00fasica ser a principal raz\u00e3o da sua exist\u00eancia desde a funda\u00e7\u00e3o, a coletividade assumiu sempre o seu ecletismo at\u00e9 aos dias de hoje:<\/p>\n\n\n\n<p><strong>Banda Filarm\u00f3nica (principal)<\/strong><\/p>\n\n\n\n<p><strong>Banda Filarm\u00f3nica (juvenil)<\/strong><\/p>\n\n\n\n<p><strong>Banda Filarm\u00f3nica (inicia\u00e7\u00e3o)<\/strong><\/p>\n\n\n\n<p><strong>Tuna<\/strong><\/p>\n\n\n\n<p><strong>Orquestra de teclas e cordas<\/strong><\/p>\n\n\n\n<p><strong>Escola de M\u00fasica<\/strong><\/p>\n\n\n\n<p><strong>Rancho Folcl\u00f3rico Ceifeiras e Campinos<\/strong><\/p>\n\n\n\n<p><strong>Teatro<\/strong><\/p>\n\n\n\n<p><strong>Sec\u00e7\u00e3o de Pesca<\/strong><\/p>\n\n\n\n<p><strong>Sec\u00e7\u00e3o de Nata\u00e7\u00e3o<\/strong><\/p>\n\n\n\n<p><strong>Sec\u00e7\u00e3o de Andebol<\/strong><\/p>\n","protected":false},"excerpt":{"rendered":"<p>A&nbsp;SFUS \u2013 Sociedade Filarm\u00f3nica Uni\u00e3o Samorense&nbsp;fez&nbsp;100 anos&nbsp;de salutar vida no dia&nbsp;10 de maio. As comemora\u00e7\u00f5es do centen\u00e1rio continuam a decorrer, um pouco limitadas pelas conting\u00eancias inerentes \u00e0 Pandemia, por\u00e9m, decorrem at\u00e9 ao final do ano\u00a0v\u00e1rios concertos com organiza\u00e7\u00e3o da SFUS, por onde passam tamb\u00e9m todas as Bandas Filarm\u00f3nicas do Munic\u00edpio. \u00a0Entretanto, quem passar pela Av\u00aa [&hellip;]<\/p>\n","protected":false},"author":3,"featured_media":23818,"comment_status":"open","ping_status":"open","sticky":false,"template":"","format":"standard","meta":{"_vp_format_video_url":"","_vp_image_focal_point":[],"footnotes":""},"categories":[511,510,498],"tags":[597,185,16,18,596,479,4,27,13,499,220,598],"class_list":["post-23817","post","type-post","status-publish","format-standard","has-post-thumbnail","hentry","category-cultura-noticias","category-evento","category-exposicoes","tag-banda","tag-barrosa","tag-benavente","tag-exposicao","tag-filarmonica","tag-municipio-de-benavente","tag-musica","tag-samora-correia","tag-santo-estevao","tag-sfus","tag-sociedade-filarmonica","tag-uniao-samorense"],"_links":{"self":[{"href":"https:\/\/www.cm-benavente.pt\/index.php\/wp-json\/wp\/v2\/posts\/23817","targetHints":{"allow":["GET"]}}],"collection":[{"href":"https:\/\/www.cm-benavente.pt\/index.php\/wp-json\/wp\/v2\/posts"}],"about":[{"href":"https:\/\/www.cm-benavente.pt\/index.php\/wp-json\/wp\/v2\/types\/post"}],"author":[{"embeddable":true,"href":"https:\/\/www.cm-benavente.pt\/index.php\/wp-json\/wp\/v2\/users\/3"}],"replies":[{"embeddable":true,"href":"https:\/\/www.cm-benavente.pt\/index.php\/wp-json\/wp\/v2\/comments?post=23817"}],"version-history":[{"count":0,"href":"https:\/\/www.cm-benavente.pt\/index.php\/wp-json\/wp\/v2\/posts\/23817\/revisions"}],"wp:featuredmedia":[{"embeddable":true,"href":"https:\/\/www.cm-benavente.pt\/index.php\/wp-json\/wp\/v2\/media\/23818"}],"wp:attachment":[{"href":"https:\/\/www.cm-benavente.pt\/index.php\/wp-json\/wp\/v2\/media?parent=23817"}],"wp:term":[{"taxonomy":"category","embeddable":true,"href":"https:\/\/www.cm-benavente.pt\/index.php\/wp-json\/wp\/v2\/categories?post=23817"},{"taxonomy":"post_tag","embeddable":true,"href":"https:\/\/www.cm-benavente.pt\/index.php\/wp-json\/wp\/v2\/tags?post=23817"}],"curies":[{"name":"wp","href":"https:\/\/api.w.org\/{rel}","templated":true}]}}