{"id":23813,"date":"2021-11-09T15:47:56","date_gmt":"2021-11-09T15:47:56","guid":{"rendered":"https:\/\/www.cm-benavente.pt\/?p=23813"},"modified":"2021-11-09T16:22:12","modified_gmt":"2021-11-09T16:22:12","slug":"exposicao-de-rua-comemorativa-dos-150-anos-da-filarmonica-de-benavente","status":"publish","type":"post","link":"https:\/\/www.cm-benavente.pt\/index.php\/2021\/11\/09\/exposicao-de-rua-comemorativa-dos-150-anos-da-filarmonica-de-benavente\/","title":{"rendered":"Exposi\u00e7\u00e3o de rua comemorativa dos 150 anos da Filarm\u00f3nica de Benavente"},"content":{"rendered":"\n<p><strong>150 anos de M\u00fasica e Cultura<\/strong><\/p>\n\n\n\n<p>A&nbsp;<strong>Sociedade Filarm\u00f3nica Benaventense<\/strong>&nbsp;nasce no tempo em que a m\u00fasica come\u00e7a a significar na sociedade de ent\u00e3o: requinte, sabedoria, eleva\u00e7\u00e3o. Nas&nbsp;<strong>Filarm\u00f3nicas<\/strong>, por todo o&nbsp;<strong>Pa\u00eds<\/strong>, o ensino da m\u00fasica e do teatro agregava p\u00fablicos, instruindo-os mas eram igualmente criadoras de dinamismo e divertimento.<\/p>\n\n\n\n<p>A\u00a0<strong>Filarm\u00f3nica de Benavente<\/strong>\u00a0tem uma hist\u00f3ria rica e a sua import\u00e2ncia na vila de<strong>\u00a0Benavente<\/strong>\u00a0e na\u00a0<strong>Regi\u00e3o<\/strong>\u00a0foi e \u00e9 imensur\u00e1vel. Do seu vasto patrim\u00f3nio documental, humano e de sauda\u00e7\u00f5es recebidas, consta a\u00a0<strong>Medalha de Honra do Munic\u00edpio de Benavente<\/strong>\u00a0que lhe foi atribu\u00edda em\u00a0<strong>24\/03\/1991<\/strong>\u00a0\u2013 por contribuir para a eleva\u00e7\u00e3o cultural das gentes de Benavente.\u00a0<em>\u201cFundada em\u00a0<strong>1 de novembro de 1871<\/strong>, tem ao longo dos seus\u00a0<strong>120 anos de exist\u00eancia<\/strong>, sido um importante polo de desenvolvimento das atividades culturais da popula\u00e7\u00e3o de Benavente, com especial relevo para a dinamiza\u00e7\u00e3o do ensino e divulga\u00e7\u00e3o da m\u00fasica. Tem fomentado o gosto pela leitura, canto, bailado e teatro, promovendo n\u00e3o s\u00f3 a aprendizagem de valores culturais, como estimula a conviv\u00eancia entre jovens e adultos.\u00a0No seio da comunidade\u00a0<strong>Benaventense,<\/strong>\u00a0a sua a\u00e7\u00e3o merit\u00f3ria, desenvolvida ao longo de mais de um s\u00e9culo, foi e \u00e9 hoje, um sustent\u00e1culo insubstitu\u00edvel de valores b\u00e1sicos do desenvolvimento socio cultural da nossa popula\u00e7\u00e3o\u201d.<\/em><\/p>\n\n\n\n<figure class=\"wp-block-video\"><video height=\"720\" style=\"aspect-ratio: 1280 \/ 720;\" width=\"1280\" autoplay controls src=\"https:\/\/www.cm-benavente.pt\/wp-content\/uploads\/2021\/11\/exposio-de-rua-comemorativa-dos-150-anos-da-filarmnica-de-benavente-15.outubro.2021.mp4\"><\/video><\/figure>\n\n\n\n<p><\/p>\n","protected":false},"excerpt":{"rendered":"<p>150 anos de M\u00fasica e Cultura A&nbsp;Sociedade Filarm\u00f3nica Benaventense&nbsp;nasce no tempo em que a m\u00fasica come\u00e7a a significar na sociedade de ent\u00e3o: requinte, sabedoria, eleva\u00e7\u00e3o. Nas&nbsp;Filarm\u00f3nicas, por todo o&nbsp;Pa\u00eds, o ensino da m\u00fasica e do teatro agregava p\u00fablicos, instruindo-os mas eram igualmente criadoras de dinamismo e divertimento. A\u00a0Filarm\u00f3nica de Benavente\u00a0tem uma hist\u00f3ria rica e a [&hellip;]<\/p>\n","protected":false},"author":3,"featured_media":23815,"comment_status":"open","ping_status":"open","sticky":false,"template":"","format":"standard","meta":{"_vp_format_video_url":"","_vp_image_focal_point":[],"footnotes":""},"categories":[511,510,498],"tags":[597,185,16,18,596,479,4,27,13,220],"class_list":["post-23813","post","type-post","status-publish","format-standard","has-post-thumbnail","hentry","category-cultura-noticias","category-evento","category-exposicoes","tag-banda","tag-barrosa","tag-benavente","tag-exposicao","tag-filarmonica","tag-municipio-de-benavente","tag-musica","tag-samora-correia","tag-santo-estevao","tag-sociedade-filarmonica"],"_links":{"self":[{"href":"https:\/\/www.cm-benavente.pt\/index.php\/wp-json\/wp\/v2\/posts\/23813","targetHints":{"allow":["GET"]}}],"collection":[{"href":"https:\/\/www.cm-benavente.pt\/index.php\/wp-json\/wp\/v2\/posts"}],"about":[{"href":"https:\/\/www.cm-benavente.pt\/index.php\/wp-json\/wp\/v2\/types\/post"}],"author":[{"embeddable":true,"href":"https:\/\/www.cm-benavente.pt\/index.php\/wp-json\/wp\/v2\/users\/3"}],"replies":[{"embeddable":true,"href":"https:\/\/www.cm-benavente.pt\/index.php\/wp-json\/wp\/v2\/comments?post=23813"}],"version-history":[{"count":0,"href":"https:\/\/www.cm-benavente.pt\/index.php\/wp-json\/wp\/v2\/posts\/23813\/revisions"}],"wp:featuredmedia":[{"embeddable":true,"href":"https:\/\/www.cm-benavente.pt\/index.php\/wp-json\/wp\/v2\/media\/23815"}],"wp:attachment":[{"href":"https:\/\/www.cm-benavente.pt\/index.php\/wp-json\/wp\/v2\/media?parent=23813"}],"wp:term":[{"taxonomy":"category","embeddable":true,"href":"https:\/\/www.cm-benavente.pt\/index.php\/wp-json\/wp\/v2\/categories?post=23813"},{"taxonomy":"post_tag","embeddable":true,"href":"https:\/\/www.cm-benavente.pt\/index.php\/wp-json\/wp\/v2\/tags?post=23813"}],"curies":[{"name":"wp","href":"https:\/\/api.w.org\/{rel}","templated":true}]}}