{"id":23810,"date":"2021-11-09T15:43:13","date_gmt":"2021-11-09T15:43:13","guid":{"rendered":"https:\/\/www.cm-benavente.pt\/?p=23810"},"modified":"2021-11-09T15:43:13","modified_gmt":"2021-11-09T15:43:13","slug":"receita-de-chili-vegetariano-ao-vivo-com-o-chef-luis-machado","status":"publish","type":"post","link":"https:\/\/www.cm-benavente.pt\/index.php\/2021\/11\/09\/receita-de-chili-vegetariano-ao-vivo-com-o-chef-luis-machado\/","title":{"rendered":"Receita de Chili vegetariano, ao vivo, com o Chef Lu\u00eds Machado"},"content":{"rendered":"\n<p><strong>No dia 18 de outubro<\/strong>, com a&nbsp;<strong>colabora\u00e7\u00e3o do Chef Lu\u00eds Machado,<\/strong>&nbsp;iremos estar no Centro Escolar de Benavente para transmitir, em direto, a confe\u00e7\u00e3o deste prato saud\u00e1vel e sustent\u00e1vel. Neste workshop, teremos igualmente a oportunidade de aprender a temperar as saladas, tornando-as mais apetec\u00edveis para os nossos alunos, promovendo desta forma o seu consumo e reduzindo o desperd\u00edcio alimentar nos nossos refeit\u00f3rios. Na iniciativa estar\u00e1 presente a nutricionista da C\u00e2mara Municipal, Rute Espanhol e a Dra. B\u00e9 que os meninos conhecem dos refeit\u00f3rios escolares e das Campanhas \u201cHer\u00f3is da Fruta\u201d.<\/p>\n\n\n\n<p><strong>Direto no dia 18 &#8211; 10Horas &#8211; Centro Escolar de Benavente<\/strong><\/p>\n\n\n\n<figure class=\"wp-block-embed is-type-video is-provider-youtube wp-block-embed-youtube wp-embed-aspect-16-9 wp-has-aspect-ratio\"><div class=\"wp-block-embed__wrapper\">\n<iframe title=\"\u201cEmenta escolar saud\u00e1vel\u201c - Direto do Centro Escolar de Benavente, Chili Vegetariano, 18\/10 2021\" width=\"800\" height=\"450\" src=\"https:\/\/www.youtube.com\/embed\/78YxnzEs_c4?feature=oembed\" frameborder=\"0\" allow=\"accelerometer; autoplay; clipboard-write; encrypted-media; gyroscope; picture-in-picture\" allowfullscreen><\/iframe>\n<\/div><\/figure>\n\n\n\n<p>Partindo do tema deste ano da Organiza\u00e7\u00e3o das Na\u00e7\u00f5es Unidas para a Alimenta\u00e7\u00e3o e a Agricultura (FAO) \u201cAs nossas a\u00e7\u00f5es s\u00e3o o nosso Futuro\u201d, convid\u00e1mos no inicio do ano letivo a comunidade escolar, alunos, encarregados de educa\u00e7\u00e3o e professores, do 1\u00ba ciclo e pr\u00e9-escolar, a participar na constru\u00e7\u00e3o da ementa escolar do dia 18 de outubro. Recebemos imensas propostas de receitas para este dia, todas muito saud\u00e1veis e apetitosas. A turma vencedora deste ano foi o 4\u00baA do Centro Escolar de Benavente com uma receita de&nbsp;<strong>Chili vegetariano com arroz branco e salada<\/strong>.&nbsp;<\/p>\n\n\n\n<p><strong>As nossas a\u00e7\u00f5es s\u00e3o o nosso Futuro &nbsp;&#8211; Melhor produ\u00e7\u00e3o, melhor nutri\u00e7\u00e3o, melhor ambiente e melhor qualidade de vida<\/strong><\/p>\n\n\n\n<p>&nbsp;Esta iniciativa integra-se nas comemora\u00e7\u00f5es do&nbsp;<strong><a href=\"http:\/\/www.fao.org\/world-food-day\" target=\"_blank\" rel=\"noopener\">Dia Mundial da Alimenta\u00e7\u00e3o<\/a><\/strong>, a 16 de outubro, com o objetivo de promover uma alimenta\u00e7\u00e3o saud\u00e1vel e sustent\u00e1vel, dispon\u00edvel e acess\u00edvel para todos.<\/p>\n\n\n\n<p>&nbsp;<strong>Parab\u00e9ns aos alunos e professora do 4\u00baA, do Centro Escolar de Benavente e a todas as turmas que participaram neste desafio<\/strong>. Ao longo do ano letivo teremos oportunidade de experimentar algumas das vossas receitas. Estejam atentos \u00e0 ementa!<\/p>\n","protected":false},"excerpt":{"rendered":"<p>No dia 18 de outubro, com a&nbsp;colabora\u00e7\u00e3o do Chef Lu\u00eds Machado,&nbsp;iremos estar no Centro Escolar de Benavente para transmitir, em direto, a confe\u00e7\u00e3o deste prato saud\u00e1vel e sustent\u00e1vel. Neste workshop, teremos igualmente a oportunidade de aprender a temperar as saladas, tornando-as mais apetec\u00edveis para os nossos alunos, promovendo desta forma o seu consumo e reduzindo [&hellip;]<\/p>\n","protected":false},"author":3,"featured_media":23811,"comment_status":"open","ping_status":"open","sticky":false,"template":"","format":"standard","meta":{"_vp_format_video_url":"","_vp_image_focal_point":[],"footnotes":""},"categories":[510],"tags":[185,16,595,585,586,43,593,479,341,594,27,13,587],"class_list":["post-23810","post","type-post","status-publish","format-standard","has-post-thumbnail","hentry","category-evento","tag-barrosa","tag-benavente","tag-centro-escolar-benavente","tag-chef-luis-machado","tag-chilli","tag-direto","tag-dra-be","tag-municipio-de-benavente","tag-receita","tag-rute-espanhol","tag-samora-correia","tag-santo-estevao","tag-vegetariano"],"_links":{"self":[{"href":"https:\/\/www.cm-benavente.pt\/index.php\/wp-json\/wp\/v2\/posts\/23810","targetHints":{"allow":["GET"]}}],"collection":[{"href":"https:\/\/www.cm-benavente.pt\/index.php\/wp-json\/wp\/v2\/posts"}],"about":[{"href":"https:\/\/www.cm-benavente.pt\/index.php\/wp-json\/wp\/v2\/types\/post"}],"author":[{"embeddable":true,"href":"https:\/\/www.cm-benavente.pt\/index.php\/wp-json\/wp\/v2\/users\/3"}],"replies":[{"embeddable":true,"href":"https:\/\/www.cm-benavente.pt\/index.php\/wp-json\/wp\/v2\/comments?post=23810"}],"version-history":[{"count":0,"href":"https:\/\/www.cm-benavente.pt\/index.php\/wp-json\/wp\/v2\/posts\/23810\/revisions"}],"wp:featuredmedia":[{"embeddable":true,"href":"https:\/\/www.cm-benavente.pt\/index.php\/wp-json\/wp\/v2\/media\/23811"}],"wp:attachment":[{"href":"https:\/\/www.cm-benavente.pt\/index.php\/wp-json\/wp\/v2\/media?parent=23810"}],"wp:term":[{"taxonomy":"category","embeddable":true,"href":"https:\/\/www.cm-benavente.pt\/index.php\/wp-json\/wp\/v2\/categories?post=23810"},{"taxonomy":"post_tag","embeddable":true,"href":"https:\/\/www.cm-benavente.pt\/index.php\/wp-json\/wp\/v2\/tags?post=23810"}],"curies":[{"name":"wp","href":"https:\/\/api.w.org\/{rel}","templated":true}]}}