{"id":23404,"date":"2021-11-04T12:30:27","date_gmt":"2021-11-04T12:30:27","guid":{"rendered":"https:\/\/www.cm-benavente.pt\/?p=23404"},"modified":"2021-11-04T12:30:27","modified_gmt":"2021-11-04T12:30:27","slug":"administradas-no-municipio-de-benavente-cerca-de-32-mil-vacinas","status":"publish","type":"post","link":"https:\/\/www.cm-benavente.pt\/index.php\/2021\/11\/04\/administradas-no-municipio-de-benavente-cerca-de-32-mil-vacinas\/","title":{"rendered":"Administradas no munic\u00edpio de Benavente cerca de 32 mil vacinas"},"content":{"rendered":"\n<p>O Plano de Vacina\u00e7\u00e3o continua a ser cumprido no nosso munic\u00edpio com sucesso, sendo que j\u00e1 foram administradas cerca de 32 mil vacinas.<\/p>\n\n\n\n<p>Vamos continuar a proteger-nos, protegendo quem nos rodeia.<\/p>\n\n\n\n<figure class=\"wp-block-image size-large\"><img fetchpriority=\"high\" decoding=\"async\" width=\"827\" height=\"1024\" src=\"https:\/\/www.cm-benavente.pt\/wp-content\/uploads\/2021\/11\/vacinacao2-827x1024.jpg\" alt=\"\" class=\"wp-image-23408\" srcset=\"https:\/\/www.cm-benavente.pt\/wp-content\/uploads\/2021\/11\/vacinacao2-827x1024.jpg 827w, https:\/\/www.cm-benavente.pt\/wp-content\/uploads\/2021\/11\/vacinacao2-242x300.jpg 242w, https:\/\/www.cm-benavente.pt\/wp-content\/uploads\/2021\/11\/vacinacao2-768x951.jpg 768w, https:\/\/www.cm-benavente.pt\/wp-content\/uploads\/2021\/11\/vacinacao2-1241x1536.jpg 1241w, https:\/\/www.cm-benavente.pt\/wp-content\/uploads\/2021\/11\/vacinacao2-1655x2048.jpg 1655w\" sizes=\"(max-width: 827px) 100vw, 827px\" \/><\/figure>\n\n\n\n<p><strong>Vacina\u00e7\u00e3o em jovens dos 16 e 17 anos<\/strong><\/p>\n\n\n\n<p>Se tens 16 e 17 anos e ainda n\u00e3o foste vacinado, podes fazer o agendamento da tua vacina no local e data que pretenderes. Basta aceder ao site&nbsp;<a href=\"http:\/\/www.covid19.min-saude.pt\/pedido-de-agendamento\/\" target=\"_blank\" rel=\"noopener\">www.covid19.min-saude.pt\/pedido-de-agendamento\/<\/a>&nbsp;e preencher o formul\u00e1rio. #Sa\u00fade #SNS #Vacina\u00e7\u00e3oCOVID19 #COVID19PT #DGS<\/p>\n\n\n\n<p><strong>DGS determina patologias para vacina\u00e7\u00e3o de crian\u00e7as entre 12 e 15 anos<\/strong><\/p>\n\n\n\n<p>As crian\u00e7as com idades entre os 12 e os 15 anos que tenham cancro ativo, diabetes, obesidade, insufici\u00eancia renal cr\u00f3nica est\u00e3o entre as que devem ser vacinadas prioritariamente contra a Covid-19.<\/p>\n\n\n\n<p>A informa\u00e7\u00e3o consta da norma da Campanha de Vacina\u00e7\u00e3o Contra a Covid-19, atualizada pela Dire\u00e7\u00e3o-Geral da Sa\u00fade (DGS) no dia 3 de agosto, que determina tamb\u00e9m como doen\u00e7as priorit\u00e1rias para vacina\u00e7\u00e3o a transplanta\u00e7\u00e3o e a imunossupress\u00e3o.<\/p>\n\n\n\n<p>Segundo a norma, est\u00e3o ainda inclu\u00eddas doen\u00e7as neurol\u00f3gicas, que englobam a paralisia cerebral e distrofias musculares, as perturba\u00e7\u00f5es do desenvolvimento, como a Trissomia 21 e perturba\u00e7\u00f5es do desenvolvimento intelectual grave e profundo. A doen\u00e7a pulmonar cr\u00f3nica, doen\u00e7a respirat\u00f3ria cr\u00f3nica, como asma grave, e fibrose qu\u00edstica tamb\u00e9m est\u00e3o entre as priorit\u00e1rias.<\/p>\n\n\n\n<p>As vacinas podem ser administradas nos menores desde que esteja presente quem tem a guarda do menor ou a pessoa a quem o menor tenha sido confiado.<\/p>\n\n\n\n<p>Esta norma refere ainda que, relativamente \u00e0s gr\u00e1vidas com 16 ou mais anos, n\u00e3o \u00e9 necess\u00e1ria declara\u00e7\u00e3o m\u00e9dica, e, apesar de a recomenda\u00e7\u00e3o para se vacinarem ser a partir das 21 semanas de gesta\u00e7\u00e3o, ap\u00f3s a realiza\u00e7\u00e3o da ecografia morfol\u00f3gica, \u00abn\u00e3o existe idade gestacional limite para o in\u00edcio da vacina\u00e7\u00e3o\u00bb.<\/p>\n\n\n\n<p>A DGS sublinha ainda que, caso seja iniciado o esquema vacinal, sem conhecimento pr\u00e9vio da situa\u00e7\u00e3o de gravidez, este deve ser completado no intervalo recomendado, independentemente da idade gestacional e da realiza\u00e7\u00e3o da ecografia morfol\u00f3gica.<\/p>\n\n\n\n<p><strong>Vacina\u00e7\u00e3o e gravidez<\/strong><\/p>\n\n\n\n<p>A vacina\u00e7\u00e3o contra a Covid-19 na gr\u00e1vida deve respeitar um intervalo m\u00ednimo de 14 dias em rela\u00e7\u00e3o \u00e0 administra\u00e7\u00e3o de outras vacinas, como a da tosse convulsa e da gripe.<\/p>\n\n\n\n<p>A DGS refere que as gr\u00e1vidas constituem um grupo com risco acrescido para formas graves de Covid-19, quando comparadas com mulheres n\u00e3o gr\u00e1vidas da mesma idade, sendo o risco de doen\u00e7a grave maior no terceiro trimestre da gravidez.<\/p>\n\n\n\n<p>\u00abPor outro lado, a covid-19 tem sido tamb\u00e9m associada a desfechos obst\u00e9tricos e neonatais adversos decorrentes sobretudo da maior taxa de parto pr\u00e9-termo\u00bb, refere a norma.<\/p>\n\n\n\n<p>Apesar de a evid\u00eancia (informa\u00e7\u00e3o) cient\u00edfica sobre a seguran\u00e7a e efic\u00e1cia da vacina\u00e7\u00e3o contra o SARS-CoV-2 na gravidez ser ainda limitada, \u00abtodas as vacinas dispon\u00edveis contra a Covid-19 utilizam tecnologias de v\u00edrus n\u00e3o-ativados, pelo que n\u00e3o s\u00e3o expect\u00e1veis riscos adicionais durante a gravidez e a amamenta\u00e7\u00e3o\u00bb, salienta.<\/p>\n\n\n\n<p>Para saber mais, consulte:<\/p>\n\n\n\n<p>DGS &gt;&nbsp;<a href=\"https:\/\/www.dgs.pt\/normas-orientacoes-e-informacoes\/normas-e-circulares-normativas\/norma-n-0022021-de-30012021-pdf.aspx\" target=\"_blank\" rel=\"noopener\">Norma n\u00ba 002\/2021 de 30\/01\/2021 atualizada a 03\/08\/2021<\/a><\/p>\n","protected":false},"excerpt":{"rendered":"<p>O Plano de Vacina\u00e7\u00e3o continua a ser cumprido no nosso munic\u00edpio com sucesso, sendo que j\u00e1 foram administradas cerca de 32 mil vacinas. Vamos continuar a proteger-nos, protegendo quem nos rodeia. Vacina\u00e7\u00e3o em jovens dos 16 e 17 anos Se tens 16 e 17 anos e ainda n\u00e3o foste vacinado, podes fazer o agendamento da [&hellip;]<\/p>\n","protected":false},"author":3,"featured_media":23409,"comment_status":"open","ping_status":"open","sticky":false,"template":"","format":"standard","meta":{"_vp_format_video_url":"","_vp_image_focal_point":[],"footnotes":""},"categories":[495],"tags":[185,16,496,60,479,27,13,99,497,97],"class_list":["post-23404","post","type-post","status-publish","format-standard","has-post-thumbnail","hentry","category-covid-19","tag-barrosa","tag-benavente","tag-covid-19","tag-dgs","tag-municipio-de-benavente","tag-samora-correia","tag-santo-estevao","tag-saude","tag-sns","tag-vacinacao"],"_links":{"self":[{"href":"https:\/\/www.cm-benavente.pt\/index.php\/wp-json\/wp\/v2\/posts\/23404","targetHints":{"allow":["GET"]}}],"collection":[{"href":"https:\/\/www.cm-benavente.pt\/index.php\/wp-json\/wp\/v2\/posts"}],"about":[{"href":"https:\/\/www.cm-benavente.pt\/index.php\/wp-json\/wp\/v2\/types\/post"}],"author":[{"embeddable":true,"href":"https:\/\/www.cm-benavente.pt\/index.php\/wp-json\/wp\/v2\/users\/3"}],"replies":[{"embeddable":true,"href":"https:\/\/www.cm-benavente.pt\/index.php\/wp-json\/wp\/v2\/comments?post=23404"}],"version-history":[{"count":0,"href":"https:\/\/www.cm-benavente.pt\/index.php\/wp-json\/wp\/v2\/posts\/23404\/revisions"}],"wp:featuredmedia":[{"embeddable":true,"href":"https:\/\/www.cm-benavente.pt\/index.php\/wp-json\/wp\/v2\/media\/23409"}],"wp:attachment":[{"href":"https:\/\/www.cm-benavente.pt\/index.php\/wp-json\/wp\/v2\/media?parent=23404"}],"wp:term":[{"taxonomy":"category","embeddable":true,"href":"https:\/\/www.cm-benavente.pt\/index.php\/wp-json\/wp\/v2\/categories?post=23404"},{"taxonomy":"post_tag","embeddable":true,"href":"https:\/\/www.cm-benavente.pt\/index.php\/wp-json\/wp\/v2\/tags?post=23404"}],"curies":[{"name":"wp","href":"https:\/\/api.w.org\/{rel}","templated":true}]}}