{"id":23398,"date":"2021-11-04T12:25:38","date_gmt":"2021-11-04T12:25:38","guid":{"rendered":"https:\/\/www.cm-benavente.pt\/?p=23398"},"modified":"2021-11-04T12:25:38","modified_gmt":"2021-11-04T12:25:38","slug":"associacao-epis-abre-candidaturas-para-bolsas-sociais","status":"publish","type":"post","link":"https:\/\/www.cm-benavente.pt\/index.php\/2021\/11\/04\/associacao-epis-abre-candidaturas-para-bolsas-sociais\/","title":{"rendered":"Associa\u00e7\u00e3o EPIS abre candidaturas para bolsas sociais"},"content":{"rendered":"\n<p><strong>Candidaturas devem ser entregues at\u00e9 20 de Setembro<\/strong><\/p>\n\n\n\n<p>A Associa\u00e7\u00e3o EPIS &#8211; Empres\u00e1rios Pela Inclus\u00e3o Social foi criada em 2006 por empres\u00e1rios e gestores portugueses,&nbsp;&nbsp;com a miss\u00e3o fundacional: a inclus\u00e3o social. A Associa\u00e7\u00e3o EPIS tem dado,&nbsp;desde 2011, um sinal adicional de est\u00edmulo e de apoio para a promo\u00e7\u00e3o da inclus\u00e3o&nbsp;social&nbsp;de&nbsp;jovens&nbsp;em&nbsp;risco&nbsp;de&nbsp;insucesso&nbsp;ou&nbsp;de&nbsp;abandono.&nbsp;Com&nbsp;esse&nbsp;objetivo,a&nbsp;EPIS&nbsp;&nbsp;&nbsp;&nbsp;lan\u00e7ou um programa de bolsas sociais para premiar boas pr\u00e1ticas de inclus\u00e3o social e o&nbsp;m\u00e9rito&nbsp;acad\u00e9mico&nbsp;dejovens,&nbsp;que&nbsp;ter\u00e1 a&nbsp;sua&nbsp;11.\u00aa&nbsp;edi\u00e7\u00e3o em&nbsp;2021.<\/p>\n\n\n\n<p>O programa de Bolsas Sociais EPIS tem uma cobertura nacional: todas as escolas e&nbsp;alunos&nbsp;de&nbsp;Portugal&nbsp;se podem candidatar.&nbsp;Todos as informa\u00e7\u00f5es em:&nbsp;<a href=\"https:\/\/www.epis.pt\/homepage\" target=\"_blank\" rel=\"noopener\"><\/a><a href=\"https:\/\/www.epis.pt\/homepage\" target=\"_blank\" rel=\"noopener\">https:\/\/www.epis.pt\/homepage<\/a>.<\/p>\n\n\n\n<p>As candidaturas s\u00e3o formalizadas pela institui\u00e7\u00e3o ou aluno, atrav\u00e9s do preenchimento e submiss\u00e3o do documento de candidatura no link:&nbsp;<a href=\"https:\/\/forms.gle\/txou2nWRcz3XzdKQ8\" target=\"_blank\" rel=\"noopener\"><\/a><a href=\"https:\/\/forms.gle\/txou2nWRcz3XzdKQ8\" target=\"_blank\" rel=\"noopener\">https:\/\/forms.gle\/txou2nWRcz3XzdKQ8<\/a>&nbsp;.<\/p>\n\n\n\n<p>As candidaturas devem ser submetidas at\u00e9 ao final do dia 20 de setembro de 2021.<\/p>\n\n\n\n<p><a href=\"https:\/\/www.cm-benavente.pt\/downloads\/noticias\/7740-regulamento-bolsas-sociais-2021\">Regulamento Bolsas Sociais 2021<\/a><\/p>\n","protected":false},"excerpt":{"rendered":"<p>Candidaturas devem ser entregues at\u00e9 20 de Setembro A Associa\u00e7\u00e3o EPIS &#8211; Empres\u00e1rios Pela Inclus\u00e3o Social foi criada em 2006 por empres\u00e1rios e gestores portugueses,&nbsp;&nbsp;com a miss\u00e3o fundacional: a inclus\u00e3o social. A Associa\u00e7\u00e3o EPIS tem dado,&nbsp;desde 2011, um sinal adicional de est\u00edmulo e de apoio para a promo\u00e7\u00e3o da inclus\u00e3o&nbsp;social&nbsp;de&nbsp;jovens&nbsp;em&nbsp;risco&nbsp;de&nbsp;insucesso&nbsp;ou&nbsp;de&nbsp;abandono.&nbsp;Com&nbsp;esse&nbsp;objetivo,a&nbsp;EPIS&nbsp;&nbsp;&nbsp;&nbsp;lan\u00e7ou um programa de bolsas sociais [&hellip;]<\/p>\n","protected":false},"author":3,"featured_media":23399,"comment_status":"open","ping_status":"open","sticky":false,"template":"","format":"standard","meta":{"_vp_format_video_url":"","_vp_image_focal_point":[],"footnotes":""},"categories":[486],"tags":[185,16,182,494,479,27,13],"class_list":["post-23398","post","type-post","status-publish","format-standard","has-post-thumbnail","hentry","category-apoios","tag-barrosa","tag-benavente","tag-bolsas","tag-epis","tag-municipio-de-benavente","tag-samora-correia","tag-santo-estevao"],"_links":{"self":[{"href":"https:\/\/www.cm-benavente.pt\/index.php\/wp-json\/wp\/v2\/posts\/23398","targetHints":{"allow":["GET"]}}],"collection":[{"href":"https:\/\/www.cm-benavente.pt\/index.php\/wp-json\/wp\/v2\/posts"}],"about":[{"href":"https:\/\/www.cm-benavente.pt\/index.php\/wp-json\/wp\/v2\/types\/post"}],"author":[{"embeddable":true,"href":"https:\/\/www.cm-benavente.pt\/index.php\/wp-json\/wp\/v2\/users\/3"}],"replies":[{"embeddable":true,"href":"https:\/\/www.cm-benavente.pt\/index.php\/wp-json\/wp\/v2\/comments?post=23398"}],"version-history":[{"count":0,"href":"https:\/\/www.cm-benavente.pt\/index.php\/wp-json\/wp\/v2\/posts\/23398\/revisions"}],"wp:featuredmedia":[{"embeddable":true,"href":"https:\/\/www.cm-benavente.pt\/index.php\/wp-json\/wp\/v2\/media\/23399"}],"wp:attachment":[{"href":"https:\/\/www.cm-benavente.pt\/index.php\/wp-json\/wp\/v2\/media?parent=23398"}],"wp:term":[{"taxonomy":"category","embeddable":true,"href":"https:\/\/www.cm-benavente.pt\/index.php\/wp-json\/wp\/v2\/categories?post=23398"},{"taxonomy":"post_tag","embeddable":true,"href":"https:\/\/www.cm-benavente.pt\/index.php\/wp-json\/wp\/v2\/tags?post=23398"}],"curies":[{"name":"wp","href":"https:\/\/api.w.org\/{rel}","templated":true}]}}