{"id":1281,"date":"2021-05-17T11:43:12","date_gmt":"2021-05-17T11:43:12","guid":{"rendered":"https:\/\/www.cm-benavente.pt\/?p=1281"},"modified":"2021-05-17T12:43:47","modified_gmt":"2021-05-17T12:43:47","slug":"mensagem-da-presidente-da-assembleia-municipal-de-benavente","status":"publish","type":"post","link":"https:\/\/www.cm-benavente.pt\/index.php\/2021\/05\/17\/mensagem-da-presidente-da-assembleia-municipal-de-benavente\/","title":{"rendered":"Mensagem da Presidente da Assembleia Municipal de Benavente"},"content":{"rendered":"\t\t<div data-elementor-type=\"wp-post\" data-elementor-id=\"1281\" class=\"elementor elementor-1281\" data-elementor-post-type=\"post\">\n\t\t\t\t\t\t<section class=\"elementor-section elementor-top-section elementor-element elementor-element-9737590 elementor-section-boxed elementor-section-height-default elementor-section-height-default\" data-id=\"9737590\" data-element_type=\"section\" data-e-type=\"section\" data-settings=\"{&quot;tmea_shape_divider_top&quot;:&quot;none&quot;,&quot;tmea_shape_divider_bottom&quot;:&quot;none&quot;}\">\n\t\t\t\t\t\t<div class=\"elementor-container elementor-column-gap-default\">\n\t\t\t\t\t<div class=\"elementor-column elementor-col-100 elementor-top-column elementor-element elementor-element-f860409\" data-id=\"f860409\" data-element_type=\"column\" data-e-type=\"column\">\n\t\t\t<div class=\"elementor-widget-wrap elementor-element-populated\">\n\t\t\t\t\t\t<div class=\"elementor-element elementor-element-f7c91ef elementor-widget elementor-widget-image\" data-id=\"f7c91ef\" data-element_type=\"widget\" data-e-type=\"widget\" data-widget_type=\"image.default\">\n\t\t\t\t<div class=\"elementor-widget-container\">\n\t\t\t\t\t\t\t\t\t\t\t\t\t\t\t<img fetchpriority=\"high\" decoding=\"async\" width=\"800\" height=\"265\" src=\"https:\/\/www.cm-benavente.pt\/wp-content\/uploads\/2021\/05\/ASSEMBLEIA_header-1024x339.jpg\" class=\"attachment-large size-large wp-image-1283\" alt=\"\" srcset=\"https:\/\/www.cm-benavente.pt\/wp-content\/uploads\/2021\/05\/ASSEMBLEIA_header-1024x339.jpg 1024w, https:\/\/www.cm-benavente.pt\/wp-content\/uploads\/2021\/05\/ASSEMBLEIA_header-300x99.jpg 300w, https:\/\/www.cm-benavente.pt\/wp-content\/uploads\/2021\/05\/ASSEMBLEIA_header-768x254.jpg 768w, https:\/\/www.cm-benavente.pt\/wp-content\/uploads\/2021\/05\/ASSEMBLEIA_header-1536x508.jpg 1536w, https:\/\/www.cm-benavente.pt\/wp-content\/uploads\/2021\/05\/ASSEMBLEIA_header.jpg 1608w\" sizes=\"(max-width: 800px) 100vw, 800px\" \/>\t\t\t\t\t\t\t\t\t\t\t\t\t\t\t<\/div>\n\t\t\t\t<\/div>\n\t\t\n\t\t<div class=\"elementor-element elementor-element-747b1a3 elementor-widget elementor-widget-text-editor\" data-id=\"747b1a3\" data-element_type=\"widget\" data-e-type=\"widget\" data-widget_type=\"text-editor.default\">\n\t\t\t\t<div class=\"elementor-widget-container\">\n\t\t\t\t\t\t\t\t\t<p>Caros amigos e amigas,<\/p><p>Vivemos tempos dif\u00edceis, medos, receios nunca antes sentidos, com um implac\u00e1vel inimigo invis\u00edvel e sem rosto, apostado em p\u00f4r em causa todo um modo de vida.<\/p><p>No entanto, n\u00e3o nos podemos deixar dominar pelo medo, pela inseguran\u00e7a e pela ansiedade. Temos de combater sem desfalecer, porque passa tamb\u00e9m por a\u00ed o combate a este v\u00edrus que nos est\u00e1 a virar a vida ao contr\u00e1rio, acreditando que, todos juntos, o iremos conseguir.<\/p><p>Acredito que, respeitando as indica\u00e7\u00f5es das autoridades de seguran\u00e7a e de sa\u00fade, ter em aten\u00e7\u00e3o o nosso comportamento c\u00edvico, as nossas responsabilidades de cidadania e o nosso esp\u00edrito solid\u00e1rio, conseguiremos combater esta pandemia.<\/p><p>Devemos respeitar e agradecer a todos os profissionais que em condi\u00e7\u00f5es sobre-humanas, de grande sacrif\u00edcio pessoal e enorme risco, tudo est\u00e3o a fazer para ganharmos esta guerra atroz.<\/p><p>A eles, a minha homenagem e o meu profundo agradecimento.<\/p><p>A v\u00f3s, car\u00edssimos cidad\u00e3os, agrade\u00e7o-vos o compromisso do cumprimento das regras em vigor e a vossa resili\u00eancia no comprometimento com os cuidados que as circunst\u00e2ncias exigem.<\/p><p>Finalizo, na certeza que, juntos, vamos conseguir ultrapassar todas as dificuldades que temos pela frente, com a esperan\u00e7a que, rapidamente, nos voltemos a encontrar nas nossas ruas, pra\u00e7as e jardins, correndo para um emocionado abra\u00e7o.<\/p><p>Desejo votos de boa sa\u00fade para todos!<\/p><p>Benavente, 27 de janeiro de 2021<\/p><p><strong>A Presidente da Assembleia Municipal de Benavente<\/strong><\/p><p><strong>Irina Noel Matias Batista<\/strong><\/p>\t\t\t\t\t\t\t\t<\/div>\n\t\t\t\t<\/div>\n\t\t\t\t\t<\/div>\n\t\t<\/div>\n\t\t\t\t\t<\/div>\n\t\t<\/section>\n\t\t\t\t<\/div>\n\t\t","protected":false},"excerpt":{"rendered":"<p>Caros amigos e amigas, Vivemos tempos dif\u00edceis, medos, receios nunca antes sentidos, com um implac\u00e1vel inimigo invis\u00edvel e sem rosto, apostado em p\u00f4r em causa todo um modo de vida. No entanto, n\u00e3o nos podemos deixar dominar pelo medo, pela inseguran\u00e7a e pela ansiedade. Temos de combater sem desfalecer, porque passa tamb\u00e9m por a\u00ed o [&hellip;]<\/p>\n","protected":false},"author":5,"featured_media":1288,"comment_status":"open","ping_status":"open","sticky":false,"template":"","format":"standard","meta":{"_vp_format_video_url":"","_vp_image_focal_point":[],"footnotes":""},"categories":[3],"tags":[44,16,280,264,267],"class_list":["post-1281","post","type-post","status-publish","format-standard","has-post-thumbnail","hentry","category-noticias","tag-assembleia","tag-benavente","tag-irina-noel-matias-batista","tag-mensagem","tag-presidente"],"_links":{"self":[{"href":"https:\/\/www.cm-benavente.pt\/index.php\/wp-json\/wp\/v2\/posts\/1281","targetHints":{"allow":["GET"]}}],"collection":[{"href":"https:\/\/www.cm-benavente.pt\/index.php\/wp-json\/wp\/v2\/posts"}],"about":[{"href":"https:\/\/www.cm-benavente.pt\/index.php\/wp-json\/wp\/v2\/types\/post"}],"author":[{"embeddable":true,"href":"https:\/\/www.cm-benavente.pt\/index.php\/wp-json\/wp\/v2\/users\/5"}],"replies":[{"embeddable":true,"href":"https:\/\/www.cm-benavente.pt\/index.php\/wp-json\/wp\/v2\/comments?post=1281"}],"version-history":[{"count":0,"href":"https:\/\/www.cm-benavente.pt\/index.php\/wp-json\/wp\/v2\/posts\/1281\/revisions"}],"wp:featuredmedia":[{"embeddable":true,"href":"https:\/\/www.cm-benavente.pt\/index.php\/wp-json\/wp\/v2\/media\/1288"}],"wp:attachment":[{"href":"https:\/\/www.cm-benavente.pt\/index.php\/wp-json\/wp\/v2\/media?parent=1281"}],"wp:term":[{"taxonomy":"category","embeddable":true,"href":"https:\/\/www.cm-benavente.pt\/index.php\/wp-json\/wp\/v2\/categories?post=1281"},{"taxonomy":"post_tag","embeddable":true,"href":"https:\/\/www.cm-benavente.pt\/index.php\/wp-json\/wp\/v2\/tags?post=1281"}],"curies":[{"name":"wp","href":"https:\/\/api.w.org\/{rel}","templated":true}]}}