{"id":1272,"date":"2021-05-17T11:34:36","date_gmt":"2021-05-17T11:34:36","guid":{"rendered":"https:\/\/www.cm-benavente.pt\/?p=1272"},"modified":"2021-05-17T12:43:34","modified_gmt":"2021-05-17T12:43:34","slug":"reunioes-da-camara-municipal-por-videoconferencia-intervencao-dos-municipes","status":"publish","type":"post","link":"https:\/\/www.cm-benavente.pt\/index.php\/2021\/05\/17\/reunioes-da-camara-municipal-por-videoconferencia-intervencao-dos-municipes\/","title":{"rendered":"Reuni\u00f5es da C\u00e2mara Municipal por videoconfer\u00eancia \/ Interven\u00e7\u00e3o dos munic\u00edpes"},"content":{"rendered":"\t\t<div data-elementor-type=\"wp-post\" data-elementor-id=\"1272\" class=\"elementor elementor-1272\" data-elementor-post-type=\"post\">\n\t\t\t\t\t\t<section class=\"elementor-section elementor-top-section elementor-element elementor-element-803639b elementor-section-boxed elementor-section-height-default elementor-section-height-default\" data-id=\"803639b\" data-element_type=\"section\" data-e-type=\"section\" data-settings=\"{&quot;tmea_shape_divider_top&quot;:&quot;none&quot;,&quot;tmea_shape_divider_bottom&quot;:&quot;none&quot;}\">\n\t\t\t\t\t\t<div class=\"elementor-container elementor-column-gap-default\">\n\t\t\t\t\t<div class=\"elementor-column elementor-col-100 elementor-top-column elementor-element elementor-element-bbc7aac\" data-id=\"bbc7aac\" data-element_type=\"column\" data-e-type=\"column\">\n\t\t\t<div class=\"elementor-widget-wrap elementor-element-populated\">\n\t\t\t\t\n\t\t<div class=\"elementor-element elementor-element-0649007 elementor-widget elementor-widget-text-editor\" data-id=\"0649007\" data-element_type=\"widget\" data-e-type=\"widget\" data-widget_type=\"text-editor.default\">\n\t\t\t\t<div class=\"elementor-widget-container\">\n\t\t\t\t\t\t\t\t\t<p>Informam-se todos os mun\u00edcipes que a reuni\u00e3o da C\u00e2mara Municipal na pr\u00f3xima segunda-feira, 01 de mar\u00e7o, ainda ir\u00e1 realizar-se por videoconfer\u00eancia, face \u00e0 situa\u00e7\u00e3o de emerg\u00eancia de sa\u00fade p\u00fablica que estamos a viver.<br \/>Mais se informa que nas reuni\u00f5es p\u00fablicas (primeira e terceira segundas-feiras de cada m\u00eas), ser\u00e1\u00a0<strong>garantido o per\u00edodo de interven\u00e7\u00e3o e esclarecimento dos mun\u00edcipes<\/strong>,\u00a0nos termos previstos no Aviso que seguidamente se publicita.<\/p><p><a class=\"doclink k-ui-namespace\" href=\"https:\/\/www.cm-benavente.pt\/downloads\/camara-municipal\/ordem-do-dia\/7209-aviso-reunioes-da-camara-municipal-por-videoconferencia-intervencao-dos-municipes\" data-processed=\"data-processed\">Aviso &#8211; Reuni\u00f5es da c\u00e2mara municipal por videoconfer\u00eancia \/Interven\u00e7\u00e3o dos mun\u00edcipes (627 KB)<\/a><\/p><p>\u00a0<\/p><p><a class=\"doclink k-ui-namespace\" href=\"https:\/\/www.cm-benavente.pt\/downloads\/camara-municipal\/ordem-do-dia\/7210-despacho-n-87-2021-realizacao-das-reunioes-da-camara-municipal-por-videoconferencia\" data-processed=\"data-processed\">Despacho n.\u00ba 87\/2021 &#8211; Realiza\u00e7\u00e3o das reuni\u00f5es da c\u00e2mara Municipal por videoconfer\u00eancia (598 KB)<\/a><\/p><p><a class=\"doclink k-ui-namespace\" href=\"https:\/\/www.cm-benavente.pt\/downloads\/camara-municipal\/ordem-do-dia\/7211-edital-n-88-2021-realizacao-das-reunioes-da-camara-municipal-por-videoconferencia\" data-processed=\"data-processed\">Edital n.\u00ba 88\/2021 &#8211; Realiza\u00e7\u00e3o das reuni\u00f5es da c\u00e2mara municipal por videoconfer\u00eancia (367 KB)<\/a><\/p><p>\u00a0<\/p><p><a class=\"doclink k-ui-namespace\" href=\"https:\/\/www.cm-benavente.pt\/downloads\/camara-municipal\/ordem-do-dia\/7280-ordem-do-dia-reuniao-publica-de-01-03-2021\" data-processed=\"data-processed\">Ordem do dia &#8211; Reuni\u00e3o p\u00fablica de 01\/03\/2021 (125 KB)<\/a><\/p>\t\t\t\t\t\t\t\t<\/div>\n\t\t\t\t<\/div>\n\t\t\t\t\t<\/div>\n\t\t<\/div>\n\t\t\t\t\t<\/div>\n\t\t<\/section>\n\t\t\t\t<\/div>\n\t\t","protected":false},"excerpt":{"rendered":"<p>Informam-se todos os mun\u00edcipes que a reuni\u00e3o da C\u00e2mara Municipal na pr\u00f3xima segunda-feira, 01 de mar\u00e7o, ainda ir\u00e1 realizar-se por videoconfer\u00eancia, face \u00e0 situa\u00e7\u00e3o de emerg\u00eancia de sa\u00fade p\u00fablica que estamos a viver. Mais se informa que nas reuni\u00f5es p\u00fablicas (primeira e terceira segundas-feiras de cada m\u00eas), ser\u00e1&nbsp;garantido o per\u00edodo de interven\u00e7\u00e3o e esclarecimento dos [&hellip;]<\/p>\n","protected":false},"author":5,"featured_media":1279,"comment_status":"open","ping_status":"open","sticky":false,"template":"","format":"standard","meta":{"_vp_format_video_url":"","_vp_image_focal_point":[],"footnotes":""},"categories":[3],"tags":[47,263,239,278],"class_list":["post-1272","post","type-post","status-publish","format-standard","has-post-thumbnail","hentry","category-noticias","tag-camara","tag-municipes","tag-reuniao","tag-videoconferencia"],"_links":{"self":[{"href":"https:\/\/www.cm-benavente.pt\/index.php\/wp-json\/wp\/v2\/posts\/1272","targetHints":{"allow":["GET"]}}],"collection":[{"href":"https:\/\/www.cm-benavente.pt\/index.php\/wp-json\/wp\/v2\/posts"}],"about":[{"href":"https:\/\/www.cm-benavente.pt\/index.php\/wp-json\/wp\/v2\/types\/post"}],"author":[{"embeddable":true,"href":"https:\/\/www.cm-benavente.pt\/index.php\/wp-json\/wp\/v2\/users\/5"}],"replies":[{"embeddable":true,"href":"https:\/\/www.cm-benavente.pt\/index.php\/wp-json\/wp\/v2\/comments?post=1272"}],"version-history":[{"count":0,"href":"https:\/\/www.cm-benavente.pt\/index.php\/wp-json\/wp\/v2\/posts\/1272\/revisions"}],"wp:featuredmedia":[{"embeddable":true,"href":"https:\/\/www.cm-benavente.pt\/index.php\/wp-json\/wp\/v2\/media\/1279"}],"wp:attachment":[{"href":"https:\/\/www.cm-benavente.pt\/index.php\/wp-json\/wp\/v2\/media?parent=1272"}],"wp:term":[{"taxonomy":"category","embeddable":true,"href":"https:\/\/www.cm-benavente.pt\/index.php\/wp-json\/wp\/v2\/categories?post=1272"},{"taxonomy":"post_tag","embeddable":true,"href":"https:\/\/www.cm-benavente.pt\/index.php\/wp-json\/wp\/v2\/tags?post=1272"}],"curies":[{"name":"wp","href":"https:\/\/api.w.org\/{rel}","templated":true}]}}