{"id":1221,"date":"2021-05-17T11:07:42","date_gmt":"2021-05-17T11:07:42","guid":{"rendered":"https:\/\/www.cm-benavente.pt\/?p=1221"},"modified":"2021-05-17T11:42:39","modified_gmt":"2021-05-17T11:42:39","slug":"plano-salute-faz-trabalho-importante-na-prevencao-do-bullying-em-meio-escolar","status":"publish","type":"post","link":"https:\/\/www.cm-benavente.pt\/index.php\/2021\/05\/17\/plano-salute-faz-trabalho-importante-na-prevencao-do-bullying-em-meio-escolar\/","title":{"rendered":"\u201cPlano Salute\u201d faz trabalho importante na preven\u00e7\u00e3o do bullying em meio-escolar"},"content":{"rendered":"\t\t<div data-elementor-type=\"wp-post\" data-elementor-id=\"1221\" class=\"elementor elementor-1221\" data-elementor-post-type=\"post\">\n\t\t\t\t\t\t<section class=\"elementor-section elementor-top-section elementor-element elementor-element-dc2fd88 elementor-section-boxed elementor-section-height-default elementor-section-height-default\" data-id=\"dc2fd88\" data-element_type=\"section\" data-e-type=\"section\" data-settings=\"{&quot;tmea_shape_divider_top&quot;:&quot;none&quot;,&quot;tmea_shape_divider_bottom&quot;:&quot;none&quot;}\">\n\t\t\t\t\t\t<div class=\"elementor-container elementor-column-gap-default\">\n\t\t\t\t\t<div class=\"elementor-column elementor-col-100 elementor-top-column elementor-element elementor-element-2359129\" data-id=\"2359129\" data-element_type=\"column\" data-e-type=\"column\">\n\t\t\t<div class=\"elementor-widget-wrap elementor-element-populated\">\n\t\t\t\t\n\t\t<div class=\"elementor-element elementor-element-2c4043a elementor-widget elementor-widget-text-editor\" data-id=\"2c4043a\" data-element_type=\"widget\" data-e-type=\"widget\" data-widget_type=\"text-editor.default\">\n\t\t\t\t<div class=\"elementor-widget-container\">\n\t\t\t\t\t\t\t\t\t<p>No dia Internacional da N\u00e3o Viol\u00eancia e da Paz nas Escolas, abordamos um tema preocupante na sociedade atual, mas que desde sempre esteve presente sobretudo em meio escolar, o bullying. De h\u00e1 uns anos a esta parte o bullying tem sido tema de estudo e de interven\u00e7\u00e3o precoce com especialistas na \u00e1rea da psicologia atentos e preparados para essas fun\u00e7\u00f5es.<\/p><p>O\u00a0<em>bullying\u00a0<\/em>corresponde \u00e0 pr\u00e1tica de\u00a0<strong>atos de viol\u00eancia f\u00edsica ou psicol\u00f3gica<\/strong>, intencionais e repetidos, cometidos por um ou mais agressores contra uma determinada v\u00edtima.<\/p><p>Em outros termos, significa todo tipo de tortura f\u00edsica ou verbal que atormenta um grande n\u00famero de v\u00edtimas em todo o mundo. O termo em ingl\u00eas &#8220;<em>bullying<\/em>&#8221; \u00e9 derivado da palavra &#8220;<em>bully&#8221;<\/em>\u00a0(tirano, brutal).<\/p><p>Aos poucos o combate efetivo ao bullying vem ganhando import\u00e2ncia na comunica\u00e7\u00e3o social e em ONG\u2019s empenhadas em campanhas de anti-bullying. Isso porque essa pr\u00e1tica tem aumentado consideravelmente nos \u00faltimos anos no pa\u00eds e no mundo.<\/p><p>\u201cPlano Salute\u201d faz trabalho importante na preven\u00e7\u00e3o do bullying em meio-escolar<\/p><p>Em entrevista, a psic\u00f3loga Clinica e da Sa\u00fade que integra o \u201cPlano Salute\u201d e a Equipa Local de Interven\u00e7\u00e3o Precoce de Benavente,\u00a0<strong>Ana Sofia Cani\u00e7o<\/strong>, descreve os comportamentos dos agressores e das vitimas de bullying. Durante a conversa, a t\u00e9cnica adianta ainda as mudan\u00e7as na forma de fazer bullying com o surgimento das redes sociais, tornando estes atos de viol\u00eancia f\u00edsica ou psicol\u00f3gica mais abrangentes, tendo em conta o numero alargado de pessoas que veem as publica\u00e7\u00f5es ofensivas e discriminat\u00f3rias.<\/p><p><strong>Ana Sofia Cani\u00e7o<\/strong>\u00a0come\u00e7a por referir que estes comportamentos surgem, fundamentalmente, em meio escolar durante a inf\u00e2ncia ou adolesc\u00eancia<\/p>\t\t\t\t\t\t\t\t<\/div>\n\t\t\t\t<\/div>\n\t\t\t\t\t<\/div>\n\t\t<\/div>\n\t\t\t\t\t<\/div>\n\t\t<\/section>\n\t\t\t\t<section class=\"elementor-section elementor-top-section elementor-element elementor-element-982b672 elementor-section-boxed elementor-section-height-default elementor-section-height-default\" data-id=\"982b672\" data-element_type=\"section\" data-e-type=\"section\" data-settings=\"{&quot;tmea_shape_divider_top&quot;:&quot;none&quot;,&quot;tmea_shape_divider_bottom&quot;:&quot;none&quot;}\">\n\t\t\t\t\t\t<div class=\"elementor-container elementor-column-gap-default\">\n\t\t\t\t\t<div class=\"elementor-column elementor-col-100 elementor-top-column elementor-element elementor-element-37c0730\" data-id=\"37c0730\" data-element_type=\"column\" data-e-type=\"column\">\n\t\t\t<div class=\"elementor-widget-wrap elementor-element-populated\">\n\t\t\t\t\t\t<div class=\"elementor-element elementor-element-5fe3c5e elementor-widget elementor-widget-video\" data-id=\"5fe3c5e\" data-element_type=\"widget\" data-e-type=\"widget\" data-settings=\"{&quot;youtube_url&quot;:&quot;https:\\\/\\\/youtu.be\\\/55uyx791wRA&quot;,&quot;video_type&quot;:&quot;youtube&quot;,&quot;controls&quot;:&quot;yes&quot;}\" data-widget_type=\"video.default\">\n\t\t\t\t<div class=\"elementor-widget-container\">\n\t\t\t\t\t\t\t<div class=\"elementor-wrapper elementor-open-inline\">\n\t\t\t<div class=\"elementor-video\"><\/div>\t\t<\/div>\n\t\t\t\t\t\t<\/div>\n\t\t\t\t<\/div>\n\t\t\t\t\t<\/div>\n\t\t<\/div>\n\t\t\t\t\t<\/div>\n\t\t<\/section>\n\t\t\t\t<\/div>\n\t\t","protected":false},"excerpt":{"rendered":"<p>No dia Internacional da N\u00e3o Viol\u00eancia e da Paz nas Escolas, abordamos um tema preocupante na sociedade atual, mas que desde sempre esteve presente sobretudo em meio escolar, o bullying. De h\u00e1 uns anos a esta parte o bullying tem sido tema de estudo e de interven\u00e7\u00e3o precoce com especialistas na \u00e1rea da psicologia atentos [&hellip;]<\/p>\n","protected":false},"author":5,"featured_media":1226,"comment_status":"open","ping_status":"open","sticky":false,"template":"","format":"standard","meta":{"_vp_format_video_url":"","_vp_image_focal_point":[],"footnotes":""},"categories":[3],"tags":[275,271,7,272,273,235,274],"class_list":["post-1221","post","type-post","status-publish","format-standard","has-post-thumbnail","hentry","category-noticias","tag-ana-sofia-canico","tag-bullying","tag-escola","tag-meio-escolar","tag-plano-salute","tag-prevencao","tag-violencia"],"_links":{"self":[{"href":"https:\/\/www.cm-benavente.pt\/index.php\/wp-json\/wp\/v2\/posts\/1221","targetHints":{"allow":["GET"]}}],"collection":[{"href":"https:\/\/www.cm-benavente.pt\/index.php\/wp-json\/wp\/v2\/posts"}],"about":[{"href":"https:\/\/www.cm-benavente.pt\/index.php\/wp-json\/wp\/v2\/types\/post"}],"author":[{"embeddable":true,"href":"https:\/\/www.cm-benavente.pt\/index.php\/wp-json\/wp\/v2\/users\/5"}],"replies":[{"embeddable":true,"href":"https:\/\/www.cm-benavente.pt\/index.php\/wp-json\/wp\/v2\/comments?post=1221"}],"version-history":[{"count":0,"href":"https:\/\/www.cm-benavente.pt\/index.php\/wp-json\/wp\/v2\/posts\/1221\/revisions"}],"wp:featuredmedia":[{"embeddable":true,"href":"https:\/\/www.cm-benavente.pt\/index.php\/wp-json\/wp\/v2\/media\/1226"}],"wp:attachment":[{"href":"https:\/\/www.cm-benavente.pt\/index.php\/wp-json\/wp\/v2\/media?parent=1221"}],"wp:term":[{"taxonomy":"category","embeddable":true,"href":"https:\/\/www.cm-benavente.pt\/index.php\/wp-json\/wp\/v2\/categories?post=1221"},{"taxonomy":"post_tag","embeddable":true,"href":"https:\/\/www.cm-benavente.pt\/index.php\/wp-json\/wp\/v2\/tags?post=1221"}],"curies":[{"name":"wp","href":"https:\/\/api.w.org\/{rel}","templated":true}]}}