{"id":1064,"date":"2021-05-17T08:57:09","date_gmt":"2021-05-17T08:57:09","guid":{"rendered":"https:\/\/www.cm-benavente.pt\/?p=1064"},"modified":"2021-05-17T09:02:15","modified_gmt":"2021-05-17T09:02:15","slug":"campanha-de-prevencao-e-combate-a-violencia-no-namoro","status":"publish","type":"post","link":"https:\/\/www.cm-benavente.pt\/index.php\/2021\/05\/17\/campanha-de-prevencao-e-combate-a-violencia-no-namoro\/","title":{"rendered":"Campanha de preven\u00e7\u00e3o e combate \u00e0 viol\u00eancia no namoro"},"content":{"rendered":"\t\t<div data-elementor-type=\"wp-post\" data-elementor-id=\"1064\" class=\"elementor elementor-1064\" data-elementor-post-type=\"post\">\n\t\t\t\t\t\t<section class=\"elementor-section elementor-top-section elementor-element elementor-element-490ecea elementor-section-boxed elementor-section-height-default elementor-section-height-default\" data-id=\"490ecea\" data-element_type=\"section\" data-e-type=\"section\" data-settings=\"{&quot;tmea_shape_divider_top&quot;:&quot;none&quot;,&quot;tmea_shape_divider_bottom&quot;:&quot;none&quot;}\">\n\t\t\t\t\t\t<div class=\"elementor-container elementor-column-gap-default\">\n\t\t\t\t\t<div class=\"elementor-column elementor-col-100 elementor-top-column elementor-element elementor-element-e7d6ad9\" data-id=\"e7d6ad9\" data-element_type=\"column\" data-e-type=\"column\">\n\t\t\t<div class=\"elementor-widget-wrap elementor-element-populated\">\n\t\t\t\t\n\t\t<div class=\"elementor-element elementor-element-f93036a elementor-widget elementor-widget-text-editor\" data-id=\"f93036a\" data-element_type=\"widget\" data-e-type=\"widget\" data-widget_type=\"text-editor.default\">\n\t\t\t\t<div class=\"elementor-widget-container\">\n\t\t\t\t\t\t\t\t\t<p>Tendo em conta o com contexto at\u00edpico e de restri\u00e7\u00f5es que vivemos devido \u00e0 Pandemia COVID-19, esta Campanha promovida pela\u00a0<a href=\"https:\/\/www.cig.gov.pt\/\" target=\"_blank\" rel=\"noopener\">Comiss\u00e3o Para a Cidadania e Igualmente de G\u00e9nero<\/a>\u00a0e que conta com o apoio de v\u00e1rias entidades oficiais, pretende envolver a sociedade para a necessidade de responsabiliza\u00e7\u00e3o de todas as pessoas na preven\u00e7\u00e3o e combate contra todas as formas de viol\u00eancia no namoro, designadamente aquela que \u00e9 exercida pelas plataformas digitais.<\/p><p>A\u00a0<strong>C\u00e2mara Municipal de Benavente<\/strong>\u00a0associa-se a esta campanha. Toda a aten\u00e7\u00e3o \u00e9 importante para detetar os casos de abusos. Somos respons\u00e1veis no combate \u00e0 viol\u00eancia de uma forma geral, e em particular na viol\u00eancia no namoro que tem voindo a aumentar, em muito devido \u00e0 prolifera\u00e7\u00e3o da presen\u00e7a dos jovens nas redes sociais e o uso das mesmas para atingir ex-namoradas\/os, ex-companheiras\/os.<\/p>\t\t\t\t\t\t\t\t<\/div>\n\t\t\t\t<\/div>\n\t\t\t\t\t<\/div>\n\t\t<\/div>\n\t\t\t\t\t<\/div>\n\t\t<\/section>\n\t\t\t\t<section class=\"elementor-section elementor-top-section elementor-element elementor-element-2a645a6 elementor-section-boxed elementor-section-height-default elementor-section-height-default\" data-id=\"2a645a6\" data-element_type=\"section\" data-e-type=\"section\" data-settings=\"{&quot;tmea_shape_divider_top&quot;:&quot;none&quot;,&quot;tmea_shape_divider_bottom&quot;:&quot;none&quot;}\">\n\t\t\t\t\t\t<div class=\"elementor-container elementor-column-gap-default\">\n\t\t\t\t\t<div class=\"elementor-column elementor-col-100 elementor-top-column elementor-element elementor-element-635a1b6\" data-id=\"635a1b6\" data-element_type=\"column\" data-e-type=\"column\">\n\t\t\t<div class=\"elementor-widget-wrap elementor-element-populated\">\n\t\t\t\t\t\t<div class=\"elementor-element elementor-element-eb00554 elementor-widget elementor-widget-image\" data-id=\"eb00554\" data-element_type=\"widget\" data-e-type=\"widget\" data-widget_type=\"image.default\">\n\t\t\t\t<div class=\"elementor-widget-container\">\n\t\t\t\t\t\t\t\t\t\t\t\t\t\t\t<img fetchpriority=\"high\" decoding=\"async\" width=\"800\" height=\"800\" src=\"https:\/\/www.cm-benavente.pt\/wp-content\/uploads\/2021\/05\/campanha_contra_violencia_namoro_2021_fb_ig_2048x2048-1024x1024.jpg\" class=\"attachment-large size-large wp-image-1066\" alt=\"\" srcset=\"https:\/\/www.cm-benavente.pt\/wp-content\/uploads\/2021\/05\/campanha_contra_violencia_namoro_2021_fb_ig_2048x2048-1024x1024.jpg 1024w, https:\/\/www.cm-benavente.pt\/wp-content\/uploads\/2021\/05\/campanha_contra_violencia_namoro_2021_fb_ig_2048x2048-300x300.jpg 300w, https:\/\/www.cm-benavente.pt\/wp-content\/uploads\/2021\/05\/campanha_contra_violencia_namoro_2021_fb_ig_2048x2048-150x150.jpg 150w, https:\/\/www.cm-benavente.pt\/wp-content\/uploads\/2021\/05\/campanha_contra_violencia_namoro_2021_fb_ig_2048x2048-768x768.jpg 768w, https:\/\/www.cm-benavente.pt\/wp-content\/uploads\/2021\/05\/campanha_contra_violencia_namoro_2021_fb_ig_2048x2048-1536x1536.jpg 1536w, https:\/\/www.cm-benavente.pt\/wp-content\/uploads\/2021\/05\/campanha_contra_violencia_namoro_2021_fb_ig_2048x2048-2048x2048.jpg 2048w\" sizes=\"(max-width: 800px) 100vw, 800px\" \/>\t\t\t\t\t\t\t\t\t\t\t\t\t\t\t<\/div>\n\t\t\t\t<\/div>\n\t\t\t\t\t<\/div>\n\t\t<\/div>\n\t\t\t\t\t<\/div>\n\t\t<\/section>\n\t\t\t\t<\/div>\n\t\t","protected":false},"excerpt":{"rendered":"<p>Tendo em conta o com contexto at\u00edpico e de restri\u00e7\u00f5es que vivemos devido \u00e0 Pandemia COVID-19, esta Campanha promovida pela&nbsp;Comiss\u00e3o Para a Cidadania e Igualmente de G\u00e9nero&nbsp;e que conta com o apoio de v\u00e1rias entidades oficiais, pretende envolver a sociedade para a necessidade de responsabiliza\u00e7\u00e3o de todas as pessoas na preven\u00e7\u00e3o e combate contra todas [&hellip;]<\/p>\n","protected":false},"author":5,"featured_media":1071,"comment_status":"open","ping_status":"open","sticky":false,"template":"","format":"standard","meta":{"_vp_format_video_url":"","_vp_image_focal_point":[],"footnotes":""},"categories":[3],"tags":[16,102,236,235,237],"class_list":["post-1064","post","type-post","status-publish","format-standard","has-post-thumbnail","hentry","category-noticias","tag-benavente","tag-campanha","tag-combate","tag-prevencao","tag-violencia-no-namoro"],"_links":{"self":[{"href":"https:\/\/www.cm-benavente.pt\/index.php\/wp-json\/wp\/v2\/posts\/1064","targetHints":{"allow":["GET"]}}],"collection":[{"href":"https:\/\/www.cm-benavente.pt\/index.php\/wp-json\/wp\/v2\/posts"}],"about":[{"href":"https:\/\/www.cm-benavente.pt\/index.php\/wp-json\/wp\/v2\/types\/post"}],"author":[{"embeddable":true,"href":"https:\/\/www.cm-benavente.pt\/index.php\/wp-json\/wp\/v2\/users\/5"}],"replies":[{"embeddable":true,"href":"https:\/\/www.cm-benavente.pt\/index.php\/wp-json\/wp\/v2\/comments?post=1064"}],"version-history":[{"count":0,"href":"https:\/\/www.cm-benavente.pt\/index.php\/wp-json\/wp\/v2\/posts\/1064\/revisions"}],"wp:featuredmedia":[{"embeddable":true,"href":"https:\/\/www.cm-benavente.pt\/index.php\/wp-json\/wp\/v2\/media\/1071"}],"wp:attachment":[{"href":"https:\/\/www.cm-benavente.pt\/index.php\/wp-json\/wp\/v2\/media?parent=1064"}],"wp:term":[{"taxonomy":"category","embeddable":true,"href":"https:\/\/www.cm-benavente.pt\/index.php\/wp-json\/wp\/v2\/categories?post=1064"},{"taxonomy":"post_tag","embeddable":true,"href":"https:\/\/www.cm-benavente.pt\/index.php\/wp-json\/wp\/v2\/tags?post=1064"}],"curies":[{"name":"wp","href":"https:\/\/api.w.org\/{rel}","templated":true}]}}