{"id":1055,"date":"2021-05-17T08:50:42","date_gmt":"2021-05-17T08:50:42","guid":{"rendered":"https:\/\/www.cm-benavente.pt\/?p=1055"},"modified":"2021-05-17T08:53:49","modified_gmt":"2021-05-17T08:53:49","slug":"sessao-ordinaria-da-assembleia-municipal-de-benavente-2","status":"publish","type":"post","link":"https:\/\/www.cm-benavente.pt\/index.php\/2021\/05\/17\/sessao-ordinaria-da-assembleia-municipal-de-benavente-2\/","title":{"rendered":"Sess\u00e3o Ordin\u00e1ria da Assembleia Municipal de Benavente"},"content":{"rendered":"\t\t<div data-elementor-type=\"wp-post\" data-elementor-id=\"1055\" class=\"elementor elementor-1055\" data-elementor-post-type=\"post\">\n\t\t\t\t\t\t<section class=\"elementor-section elementor-top-section elementor-element elementor-element-57c16f5 elementor-section-boxed elementor-section-height-default elementor-section-height-default\" data-id=\"57c16f5\" data-element_type=\"section\" data-e-type=\"section\" data-settings=\"{&quot;tmea_shape_divider_top&quot;:&quot;none&quot;,&quot;tmea_shape_divider_bottom&quot;:&quot;none&quot;}\">\n\t\t\t\t\t\t<div class=\"elementor-container elementor-column-gap-default\">\n\t\t\t\t\t<div class=\"elementor-column elementor-col-100 elementor-top-column elementor-element elementor-element-4e3b9e0\" data-id=\"4e3b9e0\" data-element_type=\"column\" data-e-type=\"column\">\n\t\t\t<div class=\"elementor-widget-wrap elementor-element-populated\">\n\t\t\t\t\n\t\t<div class=\"elementor-element elementor-element-9351411 elementor-widget elementor-widget-text-editor\" data-id=\"9351411\" data-element_type=\"widget\" data-e-type=\"widget\" data-widget_type=\"text-editor.default\">\n\t\t\t\t<div class=\"elementor-widget-container\">\n\t\t\t\t\t\t\t\t\t<h3 class=\"sppb-addon-title\">EDITAL N\u00ba 01\/2021<\/h3><div class=\"sppb-addon-content\"><p>\u00a0 \u00a0 \u00a0 \u00a0 \u00a0 \u00a0 \u00a0 \u00a0 \u00a0 \u00a0 \u00a0 \u00a0 \u00a0 \u00a0 \u00a0 \u00a0 \u00a0 \u00a0 \u00a0 \u00a0 \u00a0 \u00a0<\/p><p><strong>I SESS\u00c3O ORDIN\u00c1RIA, DO CORRENTE ANO, DA ASSEMBLEIA MUNICIPAL DE BENAVENTE, A TER LUGAR NO PR\u00d3XIMO DIA 26 DE FEVEREIRO DE 2021 \u2013\u00a0<em>Mandato 2017\/2021<\/em>\u00a0&#8211;<\/strong><\/p><p>Irina Noel Matias Batista, Presidente da Assembleia Municipal de Benavente, torna p\u00fablico, de acordo com as disposi\u00e7\u00f5es legais e regimentais aplic\u00e1veis, que no pr\u00f3ximo dia\u00a0<strong>26 DE FEVEREIRO,<\/strong>\u00a0<strong>6\u00aa FEIRA,<\/strong>\u00a0<strong>PELAS 20.30 HORAS<\/strong>, nas\u00a0<strong>INSTALA\u00c7\u00d5ES DO CENTRO CULTURAL DE BENAVENTE,<\/strong>\u00a0sitas na Av. Francisco Jos\u00e9 Calheiros Lopes, ter\u00e1 lugar a\u00a0<strong>I SESS\u00c3O ORDIN\u00c1RIA<\/strong>, do corrente ano, deste \u00f3rg\u00e3o deliberativo, com a seguinte\u00a0<strong>ORDEM DO DIA:<\/strong><\/p><p>PONTO 1\u2013\u00a0<strong>PROPOSTA DE REVIS\u00c3O DO PIDFCI-PLANO INTERMUNICIPAL DA DEFESA DA FLORESTA CONTRA INC\u00caNDIOS DOS MUNIC\u00cdPIOS DE BENAVENTE, CORUCHE E SALVATERRA DE MAGOS (2018-2027) &#8211; CADERNO II &#8211; DEFINI\u00c7\u00c3O DE REGRAS PARA AS NOVAS EDIFICA\u00c7\u00d5ES NO ESPA\u00c7O RURAL, FORA DAS \u00c1REAS EDIFICADAS CONSOLIDADAS \/ RELAT\u00d3RIO DE CONSULTA P\u00daBLICA<\/strong>\u00a0\u2013 Aprecia\u00e7\u00e3o e eventual aprova\u00e7\u00e3o, nos termos do disposto no n\u00ba 10 do art.\u00ba 4.\u00ba do Despacho n.\u00ba 443-A\/2018, de 9\/1, alterado pelo Despacho n\u00ba 1222-B\/2018, de 2\/2;<\/p><p>PONTO 2 \u2013\u00a0<strong>APROVA\u00c7\u00c3O DO MAPA DE FLUXOS DE CAIXA\u00a0<\/strong>\u2013 Aprecia\u00e7\u00e3o e eventual aprova\u00e7\u00e3o, nos termos do disposto no artigo n\u00famero cento e trinta da Lei n.\u00ba 75-B\/2020 de 31\/12 (Or\u00e7amento do Estado\/2021), em conjuga\u00e7\u00e3o com a al\u00ednea k), do n\u00famero dois, do artigo vig\u00e9simo quinto do Anexo I \u00e0 Lei n\u00famero setenta e cinco barra dois mil e treze, de doze de setembro, na reda\u00e7\u00e3o vigente;<\/p><p>PONTO 3 \u2013 1\u00aa\u00a0<strong>REVIS\u00c3O AO OR\u00c7AMENTO E \u00c0S GRANDES OP\u00c7\u00d5ES DO PLANO PARA 2021 \u2013\u00a0<\/strong>Discuss\u00e3o e eventual aprova\u00e7\u00e3o, nos termos da al\u00ednea a), do n\u00famero um do artigo vig\u00e9simo quinto do Anexo I \u00e0 Lei n\u00famero setenta e cinco barra dois mil e treze, de doze de setembro, na reda\u00e7\u00e3o vigente;<\/p><p>PONTO 4 \u2013\u00a0<strong>PROCEDIMENTOS CONCURSAIS PARA PREENCHIMENTO DE CARGOS DIRIGENTES DE TERCEIRO GRAU \u2013 PROPOSTA DE CONSTITUI\u00c7\u00c3O DE J\u00daRI<\/strong>\u00a0\u2013 Aprecia\u00e7\u00e3o e eventual aprova\u00e7\u00e3o, nos termos das disposi\u00e7\u00f5es conjugadas do n\u00famero um do artigo treze da Lei n\u00famero quarenta e nove barra dois mil e doze, de vinte e nove de agosto e da al\u00ednea k) do n\u00famero dois do artigo vig\u00e9simo quinto do Anexo I \u00e0 Lei n\u00famero setenta e cinco barra dois mil e treze, de doze de setembro, na reda\u00e7\u00e3o vigente;<\/p><p><strong>PONTO 5 \u2013\u00a0<\/strong><strong>INFORMA\u00c7\u00c3O A PRESTAR NO \u00c2MBITO DA AUTORIZA\u00c7\u00c3O GEN\u00c9RICA DA ASSEMBLEIA MUNICIPAL PARA A ASSUN\u00c7\u00c3O DE COMPROMISSOS PLURIANUAIS E DA DELEGA\u00c7\u00c3O DE COMPET\u00caNCIAS NO PRESIDENTE DA C\u00c2MARA MUNICIPAL PARA O MESMO EFEITO \u2013\u00a0<\/strong>A conhecimento;<\/p><p><strong>\u00a0<\/strong><\/p><p><strong>PONTO 6 \u2013\u00a0<\/strong><strong>RELAT\u00d3RIO DA PANDEMIA COVID-19 NO MUNIC\u00cdPIO DE BENAVENTE \u2013 Per\u00edodo de 13 de junho de 2020 a 31 de dezembro de 2020 \u2013\u00a0<\/strong>A conhecimento;<\/p><p>PONTO 7 &#8211;\u00a0<strong>ACOMPANHAMENTO DA ATIVIDADE DA C\u00c2MARA MUNICIPAL<\/strong>\u00a0\u2013 Aprecia\u00e7\u00e3o de uma informa\u00e7\u00e3o escrita do Sr. Presidente da C\u00e2mara Municipal acerca da atividade desta e da situa\u00e7\u00e3o financeira do Munic\u00edpio, nos termos da al\u00ednea c) do n\u00famero dois do artigo vig\u00e9simo quinto do anexo I \u00e0 Lei n\u00famero setenta e cinco barra dois mil e treze, de doze de setembro, na reda\u00e7\u00e3o vigente.<\/p><p>Para conhecimento geral se publica este Edital e outros de igual teor, que ir\u00e3o ser afixados nos lugares de estilo da \u00e1rea do Munic\u00edpio e publicado num jornal de \u00e2mbito local ou regional.<\/p><p>Assembleia Municipal de Benavente, aos 18 de fevereiro de 2021.<\/p><p>\u00a0\u00a0\u00a0\u00a0\u00a0\u00a0\u00a0\u00a0\u00a0\u00a0\u00a0\u00a0\u00a0\u00a0\u00a0\u00a0\u00a0\u00a0\u00a0\u00a0\u00a0\u00a0\u00a0\u00a0\u00a0\u00a0\u00a0\u00a0\u00a0\u00a0\u00a0\u00a0\u00a0\u00a0\u00a0\u00a0\u00a0\u00a0\u00a0\u00a0\u00a0\u00a0\u00a0\u00a0\u00a0\u00a0\u00a0\u00a0 \u00a0\u00a0\u00a0\u00a0\u00a0\u00a0\u00a0\u00a0\u00a0\u00a0\u00a0\u00a0\u00a0\u00a0\u00a0\u00a0\u00a0\u00a0\u00a0\u00a0\u00a0\u00a0\u00a0\u00a0\u00a0\u00a0\u00a0\u00a0\u00a0\u00a0\u00a0\u00a0\u00a0\u00a0\u00a0\u00a0\u00a0\u00a0\u00a0\u00a0\u00a0\u00a0\u00a0\u00a0\u00a0\u00a0\u00a0\u00a0\u00a0\u00a0\u00a0A Presidente da Assembleia Municipal<\/p><p>\u00a0 \u00a0 \u00a0 \u00a0 \u00a0 \u00a0 \u00a0 \u00a0 \u00a0 \u00a0 \u00a0 \u00a0 \u00a0 \u00a0 \u00a0 \u00a0 \u00a0 \u00a0 \u00a0 \u00a0 \u00a0 \u00a0 \u00a0 \u00a0 \u00a0 \u00a0 \u00a0 \u00a0 \u00a0 \u00a0 \u00a0 \u00a0 \u00a0 \u00a0 \u00a0 \u00a0 \u00a0 \u00a0 \u00a0 \u00a0 \u00a0 \u00a0 \u00a0 \u00a0 \u00a0 \u00a0 \u00a0 \u00a0 \u00a0 \u00a0 \u00a0 \u00a0 \u00a0 \u00a0 \u00a0 \u00a0-Irina Noel Matias Batista-<\/p><\/div>\t\t\t\t\t\t\t\t<\/div>\n\t\t\t\t<\/div>\n\t\t\t\t\t<\/div>\n\t\t<\/div>\n\t\t\t\t\t<\/div>\n\t\t<\/section>\n\t\t\t\t<\/div>\n\t\t","protected":false},"excerpt":{"rendered":"<p>EDITAL N\u00ba 01\/2021 I SESS\u00c3O ORDIN\u00c1RIA, DO CORRENTE ANO, DA ASSEMBLEIA MUNICIPAL DE BENAVENTE, A TER LUGAR NO PR\u00d3XIMO DIA 26 DE FEVEREIRO DE 2021 \u2013&nbsp;Mandato 2017\/2021&nbsp;&#8211; Irina Noel Matias Batista, Presidente da Assembleia Municipal de Benavente, torna p\u00fablico, de acordo com as disposi\u00e7\u00f5es legais e regimentais aplic\u00e1veis, que no pr\u00f3ximo dia&nbsp;26 DE FEVEREIRO,&nbsp;6\u00aa FEIRA,&nbsp;PELAS [&hellip;]<\/p>\n","protected":false},"author":5,"featured_media":1060,"comment_status":"open","ping_status":"open","sticky":false,"template":"","format":"standard","meta":{"_vp_format_video_url":"","_vp_image_focal_point":[],"footnotes":""},"categories":[3],"tags":[44,16,47,45],"class_list":["post-1055","post","type-post","status-publish","format-standard","has-post-thumbnail","hentry","category-noticias","tag-assembleia","tag-benavente","tag-camara","tag-sessao-ordinaria"],"_links":{"self":[{"href":"https:\/\/www.cm-benavente.pt\/index.php\/wp-json\/wp\/v2\/posts\/1055","targetHints":{"allow":["GET"]}}],"collection":[{"href":"https:\/\/www.cm-benavente.pt\/index.php\/wp-json\/wp\/v2\/posts"}],"about":[{"href":"https:\/\/www.cm-benavente.pt\/index.php\/wp-json\/wp\/v2\/types\/post"}],"author":[{"embeddable":true,"href":"https:\/\/www.cm-benavente.pt\/index.php\/wp-json\/wp\/v2\/users\/5"}],"replies":[{"embeddable":true,"href":"https:\/\/www.cm-benavente.pt\/index.php\/wp-json\/wp\/v2\/comments?post=1055"}],"version-history":[{"count":0,"href":"https:\/\/www.cm-benavente.pt\/index.php\/wp-json\/wp\/v2\/posts\/1055\/revisions"}],"wp:featuredmedia":[{"embeddable":true,"href":"https:\/\/www.cm-benavente.pt\/index.php\/wp-json\/wp\/v2\/media\/1060"}],"wp:attachment":[{"href":"https:\/\/www.cm-benavente.pt\/index.php\/wp-json\/wp\/v2\/media?parent=1055"}],"wp:term":[{"taxonomy":"category","embeddable":true,"href":"https:\/\/www.cm-benavente.pt\/index.php\/wp-json\/wp\/v2\/categories?post=1055"},{"taxonomy":"post_tag","embeddable":true,"href":"https:\/\/www.cm-benavente.pt\/index.php\/wp-json\/wp\/v2\/tags?post=1055"}],"curies":[{"name":"wp","href":"https:\/\/api.w.org\/{rel}","templated":true}]}}